{"id":1033,"date":"2010-05-03T21:04:31","date_gmt":"2010-05-03T21:04:31","guid":{"rendered":"http:\/\/elcronistadigital.com\/?p=1033"},"modified":"2011-06-02T21:04:47","modified_gmt":"2011-06-02T21:04:47","slug":"costa-rica-ya-tiene-su-costanera","status":"publish","type":"post","link":"https:\/\/elcronistadigital.com\/?p=1033","title":{"rendered":"Costa Rica ya tiene su costanera"},"content":{"rendered":"<p>\u00a0<\/p>\n<div><a href=\"https:\/\/elcronistadigital.com\/wp-content\/uploads\/2011\/06\/Costanera-de-Costa-Rica.jpg\"><img loading=\"lazy\" decoding=\"async\" class=\"alignleft size-full wp-image-1034\" title=\"Costanera-de-Costa-Rica\" src=\"https:\/\/elcronistadigital.com\/wp-content\/uploads\/2011\/06\/Costanera-de-Costa-Rica.jpg\" alt=\"\" width=\"300\" height=\"201\" \/><\/a>\u00a0<\/div>\n<p style=\"text-align: justify;\">Un trecho de la costanera de Costa Rica que uni\u00f3 a todo el Pac\u00edfico del pa\u00eds vecino.<\/p>\n<p style=\"text-align: justify;\">Llorona, Quepos. El Gobierno inaugur\u00f3 ayer el tramo Quepos-Dominical, la \u00faltima etapa del complejo vial Costanera sur, con la cual todo el corredor del Pac\u00edfico del pa\u00eds queda unido por una sola carretera.<\/p>\n<p style=\"text-align: justify;\">\u00a0<\/p>\n<p style=\"text-align: justify;\">La nueva v\u00eda permitir\u00e1 cubrir la distancia entre San Jos\u00e9 y Golfito en cuatro horas, en lugar de las seis horas actuales.<\/p>\n<p style=\"text-align: justify;\">Adem\u00e1s, los camiones procedentes de Guanacaste que se dirigen a la zona sur ya no tendr\u00e1n que ingresar a San Jos\u00e9.<\/p>\n<p style=\"text-align: justify;\">El proyecto Costanera sur fue ideado en 1962 por el Banco Centroamericano de Integraci\u00f3n Econ\u00f3mica (BCIE), pero fue engavetado por diversos Gobiernos.<\/p>\n<p style=\"text-align: justify;\">Todo el complejo vial Costanera sur cost\u00f3 $51 millones. Los recursos fueron aportados por el BCIE. La carretera comienza en Barranca, Puntarenas, y termina en Bar\u00fa , P\u00e9rez Zeled\u00f3n, en donde se enlaza con la Interamericana sur.<\/p>\n<p style=\"text-align: justify;\">\u201cDesde hace muchos a\u00f1os, la ausencia de esta carretera divid\u00eda nuestra costa Pac\u00edfica en dos partes, a las que se llegaba por v\u00edas opuestas: por el monte del Aguacate o por el cerro de la Muerte.<\/p>\n<p style=\"text-align: justify;\">\u201cHoy, los turistas pueden desayunar en San Jos\u00e9, almorzar en Puntarenas, tomar caf\u00e9 en Manuel Antonio y cenar en Uvita. El Pac\u00edfico ya no est\u00e1 dividido en dos polos incomunicados\u201d, dijo el presidente \u00d3scar Arias, quien ayer particip\u00f3 en la inauguraci\u00f3n.<\/p>\n<p style=\"text-align: justify;\">Asfalto. El trayecto Quepos -Dominical consta de 42,1 kil\u00f3metros y tuvo un costo de $33,6 millones.<\/p>\n<p style=\"text-align: justify;\">Las obra estuvo a cargo de las empresas Meco-Santa Fe y S\u00e1nchez Carvajal.<\/p>\n<p style=\"text-align: justify;\">La ruta cuenta con dos carriles asfaltados y puentes de dos v\u00edas, y est\u00e1 demarcada en su totalidad.<\/p>\n<p style=\"text-align: justify;\">Anteriormente, el tramo era de lastre y solo veh\u00edculos con doble tracci\u00f3n pod\u00edan recorrerlo, con una duraci\u00f3n cercana a dos horas y media entre los dos puntos. Ahora, en cambio, el tiempo de recorrido ser\u00e1 de 40 minutos para cualquier autom\u00f3vil.<\/p>\n<p style=\"text-align: justify;\">Pedro Castro, viceministro de Obras P\u00fablicas, dijo que lo \u00fanico que le hace falta al trayecto Quepos-Dominical es ultimar los detalles finales del puente sobre el r\u00edo La Perla, cuyas obras sufrieron atrasos por trabas legales con la expropiaci\u00f3n de terrenos.<\/p>\n<p style=\"text-align: justify;\">Mientras, al complejo vial Costanera sur le queda pendiente el reforzamiento del puente sobre el r\u00edo Grande de T\u00e1rcoles.<\/p>\n<p style=\"text-align: justify;\">Por otra parte, el Gobierno tambi\u00e9n inaugur\u00f3 ayer el asfaltado de la v\u00eda que comunica Rinc\u00f3n con Puerto Jim\u00e9nez, cuyo valor fue de \u00a220.166 millones. La ruta, de 32,1 kil\u00f3metros, se construy\u00f3 con aportes del BCIE y del MOPT.<\/p>\n<p style=\"text-align: justify;\">Tomado de La Naci\u00f3n.es<\/p>\n","protected":false},"excerpt":{"rendered":"<p>\u00a0 \u00a0 Un trecho de la costanera de Costa Rica que uni\u00f3 a todo el Pac\u00edfico del pa\u00eds vecino. Llorona, Quepos. El Gobierno inaugur\u00f3 ayer el tramo Quepos-Dominical, la \u00faltima etapa del complejo vial Costanera sur, con la cual todo el corredor del Pac\u00edfico del pa\u00eds queda unido por una sola carretera. \u00a0 La nueva [&hellip;]<\/p>\n","protected":false},"author":1,"featured_media":1034,"comment_status":"open","ping_status":"open","sticky":false,"template":"","format":"standard","meta":{"om_disable_all_campaigns":false,"_monsterinsights_skip_tracking":false,"_monsterinsights_sitenote_active":false,"_monsterinsights_sitenote_note":"","_monsterinsights_sitenote_category":0,"footnotes":""},"categories":[5],"tags":[],"class_list":["post-1033","post","type-post","status-publish","format-standard","has-post-thumbnail","hentry","category-mundo"],"aioseo_notices":[],"_links":{"self":[{"href":"https:\/\/elcronistadigital.com\/index.php?rest_route=\/wp\/v2\/posts\/1033","targetHints":{"allow":["GET"]}}],"collection":[{"href":"https:\/\/elcronistadigital.com\/index.php?rest_route=\/wp\/v2\/posts"}],"about":[{"href":"https:\/\/elcronistadigital.com\/index.php?rest_route=\/wp\/v2\/types\/post"}],"author":[{"embeddable":true,"href":"https:\/\/elcronistadigital.com\/index.php?rest_route=\/wp\/v2\/users\/1"}],"replies":[{"embeddable":true,"href":"https:\/\/elcronistadigital.com\/index.php?rest_route=%2Fwp%2Fv2%2Fcomments&post=1033"}],"version-history":[{"count":2,"href":"https:\/\/elcronistadigital.com\/index.php?rest_route=\/wp\/v2\/posts\/1033\/revisions"}],"predecessor-version":[{"id":1036,"href":"https:\/\/elcronistadigital.com\/index.php?rest_route=\/wp\/v2\/posts\/1033\/revisions\/1036"}],"wp:featuredmedia":[{"embeddable":true,"href":"https:\/\/elcronistadigital.com\/index.php?rest_route=\/wp\/v2\/media\/1034"}],"wp:attachment":[{"href":"https:\/\/elcronistadigital.com\/index.php?rest_route=%2Fwp%2Fv2%2Fmedia&parent=1033"}],"wp:term":[{"taxonomy":"category","embeddable":true,"href":"https:\/\/elcronistadigital.com\/index.php?rest_route=%2Fwp%2Fv2%2Fcategories&post=1033"},{"taxonomy":"post_tag","embeddable":true,"href":"https:\/\/elcronistadigital.com\/index.php?rest_route=%2Fwp%2Fv2%2Ftags&post=1033"}],"curies":[{"name":"wp","href":"https:\/\/api.w.org\/{rel}","templated":true}]}}