{"id":1037,"date":"2010-05-04T21:06:01","date_gmt":"2010-05-04T21:06:01","guid":{"rendered":"http:\/\/elcronistadigital.com\/?p=1037"},"modified":"2011-06-02T21:06:17","modified_gmt":"2011-06-02T21:06:17","slug":"terrorista-del-times-square-dice-que-actuo-solo","status":"publish","type":"post","link":"https:\/\/elcronistadigital.com\/?p=1037","title":{"rendered":"Terrorista del Times Square dice que actu\u00f3 solo"},"content":{"rendered":"<p>\u00a0<\/p>\n<div><a href=\"https:\/\/elcronistadigital.com\/wp-content\/uploads\/2011\/06\/Faisal-Shahzad.jpg\"><img loading=\"lazy\" decoding=\"async\" class=\"alignleft size-full wp-image-1038\" title=\"Faisal-Shahzad\" src=\"https:\/\/elcronistadigital.com\/wp-content\/uploads\/2011\/06\/Faisal-Shahzad.jpg\" alt=\"\" width=\"300\" height=\"191\" \/><\/a>\u00a0<\/div>\n<p style=\"text-align: justify;\">Faisal Shahzad acept\u00f3 que puso la bomba en New York.<\/p>\n<p style=\"text-align: justify;\">El estadounidense-pakistan\u00ed arrestado por intentar detonar un coche bomba en Times Square, asumi\u00f3 la responsabilidad del grave hecho y dijo a los investigadores que actu\u00f3 solo. Igualmente neg\u00f3 tener lazos con grupos radicales en su Pakist\u00e1n natal.<\/p>\n<p style=\"text-align: justify;\">\u00a0<\/p>\n<p style=\"text-align: justify;\">Faisal Shahzad, de 30 a\u00f1os, \u00abadmiti\u00f3 que compr\u00f3 el veh\u00edculo, que arm\u00f3 la bomba y que puso los explosivos en la camioneta dej\u00e1ndolos en el lugar\u00bb, revel\u00f3 un funcionario norteamericano ligado a la investigaci\u00f3n.<\/p>\n<p style=\"text-align: justify;\">Pese a que dijo haber actuado solo, las autoridades siguen estudiando las actividades del sospechoso durante su reciente viaje a Pakist\u00e1n, en donde permaneci\u00f3 unos cinco meses antes de regresar a Estados Unidos el pasado mes de febrero.<\/p>\n<p style=\"text-align: justify;\">Shahzad fue detenido el lunes bajo sospecha de haber comprado el veh\u00edculo empleado para instalar la bomba que finalmente no explot\u00f3 en Times Square. Si hubiera llegado a explotar muchas personas hubieran muerto, seg\u00fan un oficial de la investigaci\u00f3n.<\/p>\n<p style=\"text-align: justify;\">Shahzad, que recibi\u00f3 la nacionalidad estadounidense el a\u00f1o pasado, fue arrestado en el aeropuerto neoyorquino de JFK cuando se dispon\u00eda a volar a Dubai.<\/p>\n<p style=\"text-align: justify;\">\u00abDe acuerdo a nuestra experiencia es dif\u00edcil pensar que algo as\u00ed fue realizado por una sola persona. Hay mucho que todav\u00eda no sabemos\u00bb, puntualiz\u00f3 la misma fuente.<\/p>\n<p style=\"text-align: justify;\">\u00a0<\/p>\n","protected":false},"excerpt":{"rendered":"<p>\u00a0 \u00a0 Faisal Shahzad acept\u00f3 que puso la bomba en New York. El estadounidense-pakistan\u00ed arrestado por intentar detonar un coche bomba en Times Square, asumi\u00f3 la responsabilidad del grave hecho y dijo a los investigadores que actu\u00f3 solo. Igualmente neg\u00f3 tener lazos con grupos radicales en su Pakist\u00e1n natal. \u00a0 Faisal Shahzad, de 30 a\u00f1os, [&hellip;]<\/p>\n","protected":false},"author":1,"featured_media":1038,"comment_status":"open","ping_status":"open","sticky":false,"template":"","format":"standard","meta":{"om_disable_all_campaigns":false,"_monsterinsights_skip_tracking":false,"_monsterinsights_sitenote_active":false,"_monsterinsights_sitenote_note":"","_monsterinsights_sitenote_category":0,"footnotes":""},"categories":[5],"tags":[],"class_list":["post-1037","post","type-post","status-publish","format-standard","has-post-thumbnail","hentry","category-mundo"],"aioseo_notices":[],"_links":{"self":[{"href":"https:\/\/elcronistadigital.com\/index.php?rest_route=\/wp\/v2\/posts\/1037","targetHints":{"allow":["GET"]}}],"collection":[{"href":"https:\/\/elcronistadigital.com\/index.php?rest_route=\/wp\/v2\/posts"}],"about":[{"href":"https:\/\/elcronistadigital.com\/index.php?rest_route=\/wp\/v2\/types\/post"}],"author":[{"embeddable":true,"href":"https:\/\/elcronistadigital.com\/index.php?rest_route=\/wp\/v2\/users\/1"}],"replies":[{"embeddable":true,"href":"https:\/\/elcronistadigital.com\/index.php?rest_route=%2Fwp%2Fv2%2Fcomments&post=1037"}],"version-history":[{"count":2,"href":"https:\/\/elcronistadigital.com\/index.php?rest_route=\/wp\/v2\/posts\/1037\/revisions"}],"predecessor-version":[{"id":1040,"href":"https:\/\/elcronistadigital.com\/index.php?rest_route=\/wp\/v2\/posts\/1037\/revisions\/1040"}],"wp:featuredmedia":[{"embeddable":true,"href":"https:\/\/elcronistadigital.com\/index.php?rest_route=\/wp\/v2\/media\/1038"}],"wp:attachment":[{"href":"https:\/\/elcronistadigital.com\/index.php?rest_route=%2Fwp%2Fv2%2Fmedia&parent=1037"}],"wp:term":[{"taxonomy":"category","embeddable":true,"href":"https:\/\/elcronistadigital.com\/index.php?rest_route=%2Fwp%2Fv2%2Fcategories&post=1037"},{"taxonomy":"post_tag","embeddable":true,"href":"https:\/\/elcronistadigital.com\/index.php?rest_route=%2Fwp%2Fv2%2Ftags&post=1037"}],"curies":[{"name":"wp","href":"https:\/\/api.w.org\/{rel}","templated":true}]}}