{"id":1041,"date":"2010-05-04T21:07:31","date_gmt":"2010-05-04T21:07:31","guid":{"rendered":"http:\/\/elcronistadigital.com\/?p=1041"},"modified":"2011-06-02T21:07:44","modified_gmt":"2011-06-02T21:07:44","slug":"noveno-trasplante-de-cara-en-el-mundo","status":"publish","type":"post","link":"https:\/\/elcronistadigital.com\/?p=1041","title":{"rendered":"Noveno trasplante de cara en el mundo"},"content":{"rendered":"<p>\u00a0<\/p>\n<div><a href=\"https:\/\/elcronistadigital.com\/wp-content\/uploads\/2011\/06\/Transplante.jpg\"><img loading=\"lazy\" decoding=\"async\" class=\"alignleft size-full wp-image-1042\" title=\"Transplante\" src=\"https:\/\/elcronistadigital.com\/wp-content\/uploads\/2011\/06\/Transplante.jpg\" alt=\"\" width=\"300\" height=\"217\" \/><\/a>\u00a0<\/div>\n<p style=\"text-align: justify;\">Rafael, el segundo trasplante exitoso de cara en Espa\u00f1a.<\/p>\n<p style=\"text-align: justify;\">Madrid, Espa\u00f1a.- El segundo paciente espa\u00f1ol\u00a0 sometido a un trasplante de cara, compareci\u00f3 este martes ante los medios de comunicaci\u00f3n tres meses despu\u00e9s de la operaci\u00f3n, para \u00abagradecer a la familia del donante\u00bb y dar parte de su \u00abalegr\u00eda\u00bb.<\/p>\n<p style=\"text-align: justify;\">\u00a0<\/p>\n<p style=\"text-align: justify;\">El paciente, que sufr\u00eda una grave enfermedad gen\u00e9tica, una \u00abneurofibromatosis tipo 1\u00bb que le deformaba el rostro con existencia de numerosos tumores benignos, fue sometido a un trasplante el 26 de enero en el hospital Virgen del Roc\u00edo de Sevilla (sur) en dos tercios inferiores de su cara.<\/p>\n<p style=\"text-align: justify;\">Este martes se present\u00f3, junto al doctor Tom\u00e1s G\u00f3mez Cia, jefe de la unidad de cirug\u00eda pl\u00e1stica del hospital que lo oper\u00f3, ante una multitud de periodistas en una conferencia de prensa organizada para el d\u00eda de su salida del centro.<\/p>\n<p style=\"text-align: justify;\">Expres\u00e1ndose con dificultad, el paciente, llamado Rafael, explic\u00f3 haber tenido la sensaci\u00f3n de \u00abalegr\u00eda\u00bb la primera vez que se mir\u00f3 a un espejo y agradeci\u00f3 a la familia del donante que le permiti\u00f3 reencontrar una apariencia socialmente m\u00e1s aceptable.<\/p>\n<p style=\"text-align: justify;\">Se trata de una persona \u00abcon un valor extraordinario\u00bb dijo el cirujano que lo oper\u00f3 en enero, asistido por un equipo de 23 profesionales, en una intervenci\u00f3n que dur\u00f3 m\u00e1s de 24 horas.<\/p>\n<p style=\"text-align: justify;\">Rafael es el noveno trasplantado de cara en el mundo, seg\u00fan el hospital Virgen del Roc\u00edo. Los grandes hospitales espa\u00f1oles rivalizan ahora en este tipo de trasplantes.<\/p>\n<p style=\"text-align: justify;\">El hospital barcelon\u00e9s de Vall d&#8217;Hebron (noreste) anunci\u00f3 recientemente haber sido el primero en realizar, a finales de marzo, un trasplante total de cara en un hombre cuyo rostro estaba severamente deformado por un traumatismo.<\/p>\n","protected":false},"excerpt":{"rendered":"<p>\u00a0 \u00a0 Rafael, el segundo trasplante exitoso de cara en Espa\u00f1a. Madrid, Espa\u00f1a.- El segundo paciente espa\u00f1ol\u00a0 sometido a un trasplante de cara, compareci\u00f3 este martes ante los medios de comunicaci\u00f3n tres meses despu\u00e9s de la operaci\u00f3n, para \u00abagradecer a la familia del donante\u00bb y dar parte de su \u00abalegr\u00eda\u00bb. \u00a0 El paciente, que sufr\u00eda [&hellip;]<\/p>\n","protected":false},"author":1,"featured_media":1042,"comment_status":"open","ping_status":"open","sticky":false,"template":"","format":"standard","meta":{"om_disable_all_campaigns":false,"_monsterinsights_skip_tracking":false,"_monsterinsights_sitenote_active":false,"_monsterinsights_sitenote_note":"","_monsterinsights_sitenote_category":0,"footnotes":""},"categories":[5],"tags":[],"class_list":["post-1041","post","type-post","status-publish","format-standard","has-post-thumbnail","hentry","category-mundo"],"aioseo_notices":[],"_links":{"self":[{"href":"https:\/\/elcronistadigital.com\/index.php?rest_route=\/wp\/v2\/posts\/1041","targetHints":{"allow":["GET"]}}],"collection":[{"href":"https:\/\/elcronistadigital.com\/index.php?rest_route=\/wp\/v2\/posts"}],"about":[{"href":"https:\/\/elcronistadigital.com\/index.php?rest_route=\/wp\/v2\/types\/post"}],"author":[{"embeddable":true,"href":"https:\/\/elcronistadigital.com\/index.php?rest_route=\/wp\/v2\/users\/1"}],"replies":[{"embeddable":true,"href":"https:\/\/elcronistadigital.com\/index.php?rest_route=%2Fwp%2Fv2%2Fcomments&post=1041"}],"version-history":[{"count":2,"href":"https:\/\/elcronistadigital.com\/index.php?rest_route=\/wp\/v2\/posts\/1041\/revisions"}],"predecessor-version":[{"id":1044,"href":"https:\/\/elcronistadigital.com\/index.php?rest_route=\/wp\/v2\/posts\/1041\/revisions\/1044"}],"wp:featuredmedia":[{"embeddable":true,"href":"https:\/\/elcronistadigital.com\/index.php?rest_route=\/wp\/v2\/media\/1042"}],"wp:attachment":[{"href":"https:\/\/elcronistadigital.com\/index.php?rest_route=%2Fwp%2Fv2%2Fmedia&parent=1041"}],"wp:term":[{"taxonomy":"category","embeddable":true,"href":"https:\/\/elcronistadigital.com\/index.php?rest_route=%2Fwp%2Fv2%2Fcategories&post=1041"},{"taxonomy":"post_tag","embeddable":true,"href":"https:\/\/elcronistadigital.com\/index.php?rest_route=%2Fwp%2Fv2%2Ftags&post=1041"}],"curies":[{"name":"wp","href":"https:\/\/api.w.org\/{rel}","templated":true}]}}