{"id":1049,"date":"2010-05-17T21:11:11","date_gmt":"2010-05-17T21:11:11","guid":{"rendered":"http:\/\/elcronistadigital.com\/?p=1049"},"modified":"2011-06-02T21:11:27","modified_gmt":"2011-06-02T21:11:27","slug":"ue-y-america-latina-en-busca-de-acuerdos-economicos-historicos","status":"publish","type":"post","link":"https:\/\/elcronistadigital.com\/?p=1049","title":{"rendered":"UE y Am\u00e9rica Latina en busca de acuerdos econ\u00f3micos hist\u00f3ricos"},"content":{"rendered":"<p>\u00a0<\/p>\n<div><a href=\"https:\/\/elcronistadigital.com\/wp-content\/uploads\/2011\/06\/Mar\u00c3\u00ada-Teresa-Fernandez-de-.jpg\"><img loading=\"lazy\" decoding=\"async\" class=\"alignleft size-medium wp-image-1050\" title=\"Mar\u00c3\u00ada-Teresa-Fern{andez-de-\" src=\"https:\/\/elcronistadigital.com\/wp-content\/uploads\/2011\/06\/Mar\u00c3\u00ada-Teresa-Fernandez-de--266x300.jpg\" alt=\"\" width=\"266\" height=\"300\" srcset=\"https:\/\/elcronistadigital.com\/wp-content\/uploads\/2011\/06\/Mar\u00c3\u00ada-Teresa-Fernandez-de--266x300.jpg 266w, https:\/\/elcronistadigital.com\/wp-content\/uploads\/2011\/06\/Mar\u00c3\u00ada-Teresa-Fernandez-de-.jpg 300w\" sizes=\"auto, (max-width: 266px) 100vw, 266px\" \/><\/a>\u00a0<\/div>\n<p style=\"text-align: justify;\">Mar\u00eda Teresa Fern\u00e1ndez de la Vega, vicepresidenta primera de Espa\u00f1a.<\/p>\n<p style=\"text-align: justify;\">MADRID .-Los l\u00edderes de la UE, Am\u00e9rica Latina y el Caribe se reunir\u00e1n desde\u00a0 este lunes en Madrid, con el fin de cerrar varios acuerdos comerciales que se llevan a\u00f1os negociando, en un momento en el que la crisis golpea a los europeos, mientras los pa\u00edses latinoamericanos se est\u00e1n recuperando antes de lo previsto, con un crecimiento estimado del 4 por ciento para 2010, seg\u00fan las previsiones del Fondo Monetario Internacional (FMI).<\/p>\n<p style=\"text-align: justify;\">\u00a0<\/p>\n<p style=\"text-align: justify;\">La presidencia espa\u00f1ola de la UE se ha empleado a fondo en la preparaci\u00f3n de esta cita, que quiere aprovechar para situar a Am\u00e9rica Latina y el Caribe \u00aben el coraz\u00f3n de Europa\u00bb, seg\u00fan ha subrayado la vicepresidenta primera del Gobierno, Mar\u00eda Teresa Fern\u00e1ndez de la Vega.<\/p>\n<p style=\"text-align: justify;\">El Gobierno espa\u00f1ol conf\u00eda en que en torno a la cumbre se puedan firmar o relanzar varias negociaciones comerciales que la UE negocia desde hace a\u00f1os con algunos bloques de pa\u00edses. Tambi\u00e9n est\u00e1 previsto aprobar un fondo de car\u00e1cter concesional de 110 millones de euros con cargo al presupuesto comunitario destinado principalmente a financiar infraestructuras al otro lado del Atl\u00e1ntico.<\/p>\n<p style=\"text-align: justify;\">Espa\u00f1a da por hecha la firma del acuerdo de asociaci\u00f3n entre la UE y Centroam\u00e9rica, aunque sus \u00faltimos flecos se segu\u00edan negociando estos d\u00edas, como la llamada cl\u00e1usula transversal que permitir\u00eda a la UE suspender el acuerdo en caso de violaci\u00f3n de derechos humanos o interrupci\u00f3n de la normalidad institucional o gobernabilidad en alguno de los pa\u00edses firmantes. A\u00fan se negocia en qu\u00e9 condiciones se aplicar\u00eda y qu\u00e9 l\u00edmites tendr\u00eda.<\/p>\n<p style=\"text-align: justify;\">Sin embargo, son las cuestiones agr\u00edcolas en el cap\u00edtulo comercial las que presentan mayores dificultades, en concreto la apertura del mercado centroamericano a algunos productos l\u00e1cteos, textiles y las llamadas indicaciones geogr\u00e1ficas. Todos estos puntos deber\u00e1n estar despejados para el mi\u00e9rcoles, cuando se celebre la cumbre entre la UE y Centroam\u00e9rica.<\/p>\n<p style=\"text-align: justify;\">El Ejecutivo espa\u00f1ol cuenta tambi\u00e9n con que se firmen sendos acuerdos comerciales entre la UE con Per\u00fa y Colombia, mientras espera que los Veintisiete ratifiquen la voluntad ya expresada por la Comisi\u00f3n Europea para reabrir las negociaciones con Mercosur (Argentina, Brasil, Uruguay y Paraguay) que llevan suspendidas desde 2004 y establecer una hoja de ruta de cara para la conclusi\u00f3n definitiva del acuerdo, a pesar de que Francia y otros siete pa\u00edses &#8211;Irlanda, Grecia, Hungr\u00eda, Austria, Luxemburgo, Polonia y Finlandia&#8211;, han advertido de que el acuerdo podr\u00eda perjudicar a la agricultura europea.<\/p>\n<p style=\"text-align: justify;\">Desde La Moncloa se ve \u00abl\u00f3gico\u00bb que estos pa\u00edses expresen \u00absus posiciones sobre los temas que les preocupan\u00bb, en palabras de De la Vega, quien subray\u00f3 que ser\u00e1 la negociaci\u00f3n la que permita abordar esos temas. La Comisi\u00f3n Europa estima que el acuerdo con Mercosur supondr\u00eda para los Veintisiete un beneficio anual de 4.500 millones de euros en forma de aumento de las exportaciones.<\/p>\n<p style=\"text-align: justify;\">La Cumbre de la UE con Mercosur se celebrar\u00e1 el d\u00eda 17. Como en la cita con Centroam\u00e9rica y otros encuentros subregionales, la UE estar\u00e1 representada por el presidente del Consejo Europeo, Herman van Rompuy; de la Comisi\u00f3n Europea, Jos\u00e9 Manuel Durao Barroso, y por el presidente de turno del Consejo de la UE, Jos\u00e9 Luis Rodr\u00edguez Zapatero.<\/p>\n<p style=\"text-align: justify;\">La salida de la crisis econ\u00f3mica y la construcci\u00f3n de una nueva arquitectura, la lucha contra el cambio clim\u00e1tico y la reconstrucci\u00f3n de Hait\u00ed centrar\u00e1n los temas de debate que abordar\u00e1n los l\u00edderes europeos, latinoamericanos y caribe\u00f1os en el encuentro central que celebrar\u00e1n el martes en el recinto ferial IFEMA.<\/p>\n<p style=\"text-align: justify;\">La situaci\u00f3n de Honduras y las diferentes posiciones entre aquellos pa\u00edses que han reconocido al Gobierno de Porfirio Lobo y los que se resisten a ello no figura en la agenda del encuentro, aunque los presidentes son libres de sacar a colaci\u00f3n cualquier asunto.<\/p>\n<p style=\"text-align: justify;\">Una decena de pa\u00edses sudamericanos, liderados por Brasil, amenazaron a primeros de mayo con no viajar a Madrid si Lobo participaba en la cumbre UE, Am\u00e9rica Latina y Caribe. El presidente hondure\u00f1o decidi\u00f3 finalmente renunciar a asistir a esta cita en un gesto hacia Espa\u00f1a, anfitri\u00f3n y organizador del encuentro, aunque s\u00ed estar\u00e1 presente un d\u00eda despu\u00e9s en la cumbre con Centroam\u00e9rica.<\/p>\n<p style=\"text-align: justify;\">Espa\u00f1a, que ha normalizado las relaciones con Honduras, cree que Lobo ha dado \u00abpasos\u00bb en la buena direcci\u00f3n, como con la constituci\u00f3n de la Comisi\u00f3n de la Verdad que investigar\u00e1 los hechos ocurridos antes y despu\u00e9s del golpe de Estado del 28 de junio, si bien insiste en la necesidad de que el depuesto presidente Manuel Zelaya pueda regresar al pa\u00eds con la garant\u00eda de que le dejar\u00e1n ejercer sus derechos ciudadanos sin cortapisas.<\/p>\n<p style=\"text-align: justify;\">LAS AUSENCIAS<\/p>\n<p style=\"text-align: justify;\">Junto a Lobo, estar\u00e1n ausentes en la cita el presidente de Venezuela, Hugo Ch\u00e1vez, que no acudir\u00e1 a Madrid por razones de \u00edndole \u00abpersonal y de agenda\u00bb, seg\u00fan confirm\u00f3 ayer la vicepresidenta primera del Gobierno, Mar\u00eda Teresa Fern\u00e1ndez de la Vega, as\u00ed como el presidente de Uruguay, Jos\u00e9 Mujica, por recomendaci\u00f3n m\u00e9dica debido al estr\u00e9s que padece, y el cubano, Ra\u00fal Castro, que nunca asiste a estos encuentros y cuya delegaci\u00f3n encabezar\u00e1 el canciller, Bruno Rodr\u00edguez.<\/p>\n<p style=\"text-align: justify;\">Por parte europea, no acudir\u00e1 el primer ministro italiano, Silvio Berlusconi, por cuestiones de agenda. Est\u00e1n en duda los jefes de Gobierno de Reino Unido, David Cameron, y Grecia, Yorgos Papandreu.<\/p>\n<p style=\"text-align: justify;\">Los l\u00edderes de uno y otro lado del Atl\u00e1ntico se dar\u00e1n cita a partir de la noche del lunes, cuando los Pr\u00edncipes de Asturias les ofrecer\u00e1n una cena en el Palacio Real. Al t\u00e9rmino de la cumbre el martes, est\u00e1 prevista la adopci\u00f3n de una declaraci\u00f3n final y de un plan de acci\u00f3n con proyectos en los campos de la ciencia, investigaci\u00f3n y tecnolog\u00eda; medio ambiente y energ\u00eda; integraci\u00f3n regional y cohesi\u00f3n social; educaci\u00f3n; migraci\u00f3n y lucha contra las drogas.<\/p>\n<p style=\"text-align: justify;\">Se lanzar\u00e1 tambi\u00e9n la Fundaci\u00f3n Eurolac, una idea impulsada por Zapatero en la cumbre de Viena de 2006 y que busca incorporar a la sociedad civil en el intento de estrechar las relaciones bilaterales entre ambos bloques.<br \/>\n(EUROPA PRESS)<\/p>\n","protected":false},"excerpt":{"rendered":"<p>\u00a0 \u00a0 Mar\u00eda Teresa Fern\u00e1ndez de la Vega, vicepresidenta primera de Espa\u00f1a. MADRID .-Los l\u00edderes de la UE, Am\u00e9rica Latina y el Caribe se reunir\u00e1n desde\u00a0 este lunes en Madrid, con el fin de cerrar varios acuerdos comerciales que se llevan a\u00f1os negociando, en un momento en el que la crisis golpea a los europeos, [&hellip;]<\/p>\n","protected":false},"author":1,"featured_media":1050,"comment_status":"open","ping_status":"open","sticky":false,"template":"","format":"standard","meta":{"om_disable_all_campaigns":false,"_monsterinsights_skip_tracking":false,"_monsterinsights_sitenote_active":false,"_monsterinsights_sitenote_note":"","_monsterinsights_sitenote_category":0,"footnotes":""},"categories":[5],"tags":[],"class_list":["post-1049","post","type-post","status-publish","format-standard","has-post-thumbnail","hentry","category-mundo"],"aioseo_notices":[],"_links":{"self":[{"href":"https:\/\/elcronistadigital.com\/index.php?rest_route=\/wp\/v2\/posts\/1049","targetHints":{"allow":["GET"]}}],"collection":[{"href":"https:\/\/elcronistadigital.com\/index.php?rest_route=\/wp\/v2\/posts"}],"about":[{"href":"https:\/\/elcronistadigital.com\/index.php?rest_route=\/wp\/v2\/types\/post"}],"author":[{"embeddable":true,"href":"https:\/\/elcronistadigital.com\/index.php?rest_route=\/wp\/v2\/users\/1"}],"replies":[{"embeddable":true,"href":"https:\/\/elcronistadigital.com\/index.php?rest_route=%2Fwp%2Fv2%2Fcomments&post=1049"}],"version-history":[{"count":2,"href":"https:\/\/elcronistadigital.com\/index.php?rest_route=\/wp\/v2\/posts\/1049\/revisions"}],"predecessor-version":[{"id":1052,"href":"https:\/\/elcronistadigital.com\/index.php?rest_route=\/wp\/v2\/posts\/1049\/revisions\/1052"}],"wp:featuredmedia":[{"embeddable":true,"href":"https:\/\/elcronistadigital.com\/index.php?rest_route=\/wp\/v2\/media\/1050"}],"wp:attachment":[{"href":"https:\/\/elcronistadigital.com\/index.php?rest_route=%2Fwp%2Fv2%2Fmedia&parent=1049"}],"wp:term":[{"taxonomy":"category","embeddable":true,"href":"https:\/\/elcronistadigital.com\/index.php?rest_route=%2Fwp%2Fv2%2Fcategories&post=1049"},{"taxonomy":"post_tag","embeddable":true,"href":"https:\/\/elcronistadigital.com\/index.php?rest_route=%2Fwp%2Fv2%2Ftags&post=1049"}],"curies":[{"name":"wp","href":"https:\/\/api.w.org\/{rel}","templated":true}]}}