{"id":10499,"date":"2012-09-26T07:55:55","date_gmt":"2012-09-26T13:55:55","guid":{"rendered":"http:\/\/elcronistadigital.com\/?p=10499"},"modified":"2012-09-26T15:20:46","modified_gmt":"2012-09-26T21:20:46","slug":"marcha-por-los-derechos-de-los-animales","status":"publish","type":"post","link":"https:\/\/elcronistadigital.com\/?p=10499","title":{"rendered":"Marcha por los derechos de los animales"},"content":{"rendered":"<p><a href=\"https:\/\/elcronistadigital.com\/?attachment_id=10500\" rel=\"attachment wp-att-10500\"><img loading=\"lazy\" decoding=\"async\" class=\"alignleft size-full wp-image-10500\" title=\"Mascota--Hogar\" src=\"https:\/\/elcronistadigital.com\/wp-content\/uploads\/2012\/09\/Mascota-Hogar.jpg\" alt=\"\" width=\"233\" height=\"300\" \/><\/a><\/p>\n<p>Dr. Enrique Rimbaud<\/p>\n<p>Ya hace por lo menos un par de a\u00f1os que no nos moviliz\u00e1bamos, que no agit\u00e1bamos, que no protest\u00e1bamos, y habiendo obtenido exitosamente la Ley 747 de Protecci\u00f3n y Bienestar Animal, pens\u00e1bamos que ya no iba a ser necesario.<\/p>\n<p>En los \u00faltimos cuatro a\u00f1os, el gobierno ha definido y demostrado que la Protecci\u00f3n y Bienestar Animal son pol\u00edticas de estado en Nicaragua. La inclusi\u00f3n del maltrato animal en el C\u00f3digo Penal (2008), la adhesi\u00f3n de Nicaragua como estado a la Declaraci\u00f3n Universal de Bienestar Animal (2010), la aprobaci\u00f3n de la Ley 747 de Protecci\u00f3n y Bienestar de Animales Dom\u00e9sticos y Salvajes Domesticados (2011), la adhesi\u00f3n de Nicaragua como estado a la Declaraci\u00f3n Universal de la Madre Tierra (2011) y la aprobaci\u00f3n \u00faltima de la Ley de Biodiversidad (2012).<\/p>\n<p>Con estas acciones, se muestra una tendencia clara a incluir el Bienestar Animal como pol\u00edtica de estado y hacerlo con fuerza de Ley, incluy\u00e9ndolo de inicio como figura criminosa delictiva al formar parte del C\u00f3digo Penal.<\/p>\n<p>Pero -siempre hay un pero-, estamos hablando y ponderando una actitud del estado, del Poder Ejecutivo realmente encomiable, una actitud moderna y acorde con una era de paz entre seres humanos y especies signada, ansiada y reclamada para este siglo XXI. Pero el estado abajo, el estado conformado por la constelaci\u00f3n de gobiernos municipales, el estado integrado por sus ministerios, a\u00fan no ha ca\u00eddo en cuenta de las pol\u00edticas que el Poder Ejecutivo muestra claramente a Nicaragua y al mundo.<\/p>\n<p>Es cierto que hay entidades del estado que son claras del mensaje recibido y luchan a brazo partido por los derechos de los animales, como la Procuradur\u00eda General de la Rep\u00fablica. Es cierto que existen algunas alcald\u00edas ponderables y elogiables, como la de La Libertad, que oblig\u00f3 mediante decreto a que todos los poseedores de caballos tuvieran en su casa un techo para los mismos.<\/p>\n<p>Como la de Granada, que tiene incluso ordenanzas regulatorias del trato y salud de los caballos de carretoneros y cocheros; como la de Diriamba, que prohibi\u00f3 el tope de toros, o la de Nindir\u00ed, que prohibi\u00f3 las carreras de patos. Cuatro alcald\u00edas respetuosas de la ley, cuatro alcald\u00edas a las que los animales les importan, \u00bfy el resto? Son 153 alcald\u00edas.<\/p>\n<p>A las alcald\u00edas de Granada, Masaya, Nagarote, Ciudad Sandino, Mateare, Le\u00f3n, Juigalpa, Matagalpa, Diriamba, Jinotega y Managua, les hemos presentado tres proyectos de ordenanza: \u201cCarga m\u00e1xima de caballos de carretones\u201d, \u201cTenencia responsable de animales\u201d y \u201cRegulaci\u00f3n de la venta de animales\u201d. Esto en los \u00faltimos dos a\u00f1os. \u00bfY? Ah\u00ed est\u00e1n, engavetadas, ni siquiera figuran en la agenda de discusi\u00f3n de los concejos municipales.<\/p>\n<p>A la Alcald\u00eda de Managua adem\u00e1s le presentamos otro proyecto acerca del Registro de Animales del municipio, cumpliendo con el Art\u00edculo 13 de la Ley 747\u2026. \u00bfY?<\/p>\n<p>Al Magfor le hemos presentado elementos acerca de la regulaci\u00f3n del control de ingreso al pa\u00eds de circos con animales y requisitos para la habilitaci\u00f3n de zool\u00f3gicos en el pa\u00eds. \u00bfY?<\/p>\n<p>El MINSA, de a ratos contin\u00faa con sus matanzas de perros, como ocurri\u00f3 en Diriamba este a\u00f1o y sucede en los mercados de Chinandega y otros mercados nacionales.<\/p>\n<p>No tenemos la pretensi\u00f3n ni la arrogancia de que aprueben las ordenanzas, decretos y reglamentos presentados as\u00ed como as\u00ed, pero s\u00ed exigimos, que sean consideradas, discutidas, batidas y rebatidas, para poder tener los elementos necesarios a fin de lograr que la ley se cumpla.<\/p>\n<p>Es por esto que salimos nuevamente a la calle.<\/p>\n<p>Porque queremos que salgan nuestras propuestas de las gavetas y comiencen los procesos deliberativos que lleven a tener los elementos necesarios para hacer cumplir la Ley.<\/p>\n<p>El 6 de octubre todos a la calle, a las 3:00 pm nos concentramos en la rotonda de La Virgen y saldremos marchando hacia Multicentro Las Am\u00e9ricas, donde realizaremos adem\u00e1s un festival y una pasarela por los derechos de los animales.<\/p>\n<p>\u00a1Porque los animales nos importan!<\/p>\n","protected":false},"excerpt":{"rendered":"<p>Dr. Enrique Rimbaud Ya hace por lo menos un par de a\u00f1os que no nos moviliz\u00e1bamos, que no agit\u00e1bamos, que no protest\u00e1bamos, y habiendo obtenido exitosamente la Ley 747 de Protecci\u00f3n y Bienestar Animal, pens\u00e1bamos que ya no iba a ser necesario. En los \u00faltimos cuatro a\u00f1os, el gobierno ha definido y demostrado que la [&hellip;]<\/p>\n","protected":false},"author":1,"featured_media":10500,"comment_status":"open","ping_status":"open","sticky":false,"template":"","format":"standard","meta":{"om_disable_all_campaigns":false,"_monsterinsights_skip_tracking":false,"_monsterinsights_sitenote_active":false,"_monsterinsights_sitenote_note":"","_monsterinsights_sitenote_category":0,"footnotes":""},"categories":[3,12],"tags":[346,214,213],"class_list":["post-10499","post","type-post","status-publish","format-standard","has-post-thumbnail","hentry","category-nacionales","category-blugs","tag-marcha","tag-mascotas","tag-rimbaud"],"aioseo_notices":[],"_links":{"self":[{"href":"https:\/\/elcronistadigital.com\/index.php?rest_route=\/wp\/v2\/posts\/10499","targetHints":{"allow":["GET"]}}],"collection":[{"href":"https:\/\/elcronistadigital.com\/index.php?rest_route=\/wp\/v2\/posts"}],"about":[{"href":"https:\/\/elcronistadigital.com\/index.php?rest_route=\/wp\/v2\/types\/post"}],"author":[{"embeddable":true,"href":"https:\/\/elcronistadigital.com\/index.php?rest_route=\/wp\/v2\/users\/1"}],"replies":[{"embeddable":true,"href":"https:\/\/elcronistadigital.com\/index.php?rest_route=%2Fwp%2Fv2%2Fcomments&post=10499"}],"version-history":[{"count":7,"href":"https:\/\/elcronistadigital.com\/index.php?rest_route=\/wp\/v2\/posts\/10499\/revisions"}],"predecessor-version":[{"id":10532,"href":"https:\/\/elcronistadigital.com\/index.php?rest_route=\/wp\/v2\/posts\/10499\/revisions\/10532"}],"wp:featuredmedia":[{"embeddable":true,"href":"https:\/\/elcronistadigital.com\/index.php?rest_route=\/wp\/v2\/media\/10500"}],"wp:attachment":[{"href":"https:\/\/elcronistadigital.com\/index.php?rest_route=%2Fwp%2Fv2%2Fmedia&parent=10499"}],"wp:term":[{"taxonomy":"category","embeddable":true,"href":"https:\/\/elcronistadigital.com\/index.php?rest_route=%2Fwp%2Fv2%2Fcategories&post=10499"},{"taxonomy":"post_tag","embeddable":true,"href":"https:\/\/elcronistadigital.com\/index.php?rest_route=%2Fwp%2Fv2%2Ftags&post=10499"}],"curies":[{"name":"wp","href":"https:\/\/api.w.org\/{rel}","templated":true}]}}