{"id":1053,"date":"2010-05-18T21:12:51","date_gmt":"2010-05-18T21:12:51","guid":{"rendered":"http:\/\/elcronistadigital.com\/?p=1053"},"modified":"2011-06-02T21:13:09","modified_gmt":"2011-06-02T21:13:09","slug":"sellan-acuerdos-y-todo-el-mundo-contento","status":"publish","type":"post","link":"https:\/\/elcronistadigital.com\/?p=1053","title":{"rendered":"Sellan acuerdos y todo el mundo contento"},"content":{"rendered":"<p><a href=\"https:\/\/elcronistadigital.com\/wp-content\/uploads\/2011\/06\/Zapatero-y-Cristina-Fern\u00c3\u00a1nd.jpg\"><img loading=\"lazy\" decoding=\"async\" class=\"alignleft size-full wp-image-1054\" title=\"Zapatero-y-Cristina-Fern\u00c3\u00a1nd\" src=\"https:\/\/elcronistadigital.com\/wp-content\/uploads\/2011\/06\/Zapatero-y-Cristina-Fern\u00c3\u00a1nd.jpg\" alt=\"\" width=\"300\" height=\"197\" \/><\/a>\u00a0<\/p>\n<div>\n<p style=\"text-align: justify;\">Rodr\u00edguez Zapatero y Cristina Fern\u00e1ndez.<\/p>\n<\/div>\n<p style=\"text-align: justify;\">Madrid.-La VI cumbre UE-Am\u00e9rica Latina y Caribe ha sellado este martes en Madrid la unidad de acci\u00f3n de los l\u00edderes de estas regiones para hacer frente a la crisis econ\u00f3mica y financiera y para lograr una asociaci\u00f3n estrat\u00e9gica que facilite el desarrollo mediante el incremento de los intercambios comerciales.<\/p>\n<p style=\"text-align: justify;\">\u00a0<\/p>\n<p style=\"text-align: justify;\">Los participantes han cerrado acuerdos comerciales hist\u00f3ricos con motivo de la reuni\u00f3n, marcada no obstante por notables ausencias de los grandes pa\u00edses europeos, como el caso de la canciller alemana, Angela Merkel y los primeros ministros de Reino Unido, David Cameron, e Italia, Silvio Berlusconi.<\/p>\n<p style=\"text-align: justify;\">El presidente del Gobierno, Jos\u00e9 Luis Rodr\u00edguez Zapatero, anfitri\u00f3n de esta cumbre celebrada en el marco de la presidencia espa\u00f1ola de la UE, ha considerado un \u00e9xito el encuentro de los 60 pa\u00edses de ambos lados del Atl\u00e1ntico.<\/p>\n<p style=\"text-align: justify;\">Todos ellos han acordado actuar como \u00absocios globales ante retos globales\u00bb, entre los que han identificado la reforma del sistema financiero internacional o el cambio clim\u00e1tico.<\/p>\n<p style=\"text-align: justify;\">Los acuerdos<\/p>\n<p style=\"text-align: justify;\">Ha sido \u00abuna cumbre de resultados\u00bb, entre los que ha destacado los acuerdos comerciales con Centroam\u00e9rica (cuyas negociaciones se iniciaron en 2007), Per\u00fa y Colombia y la decisi\u00f3n de relanzar las negociaciones con Mercosur (Argentina, Brasil, Paraguay y Uruguay), lo que ocurrir\u00e1 en julio, que llevaban suspendidas desde 2004.<\/p>\n<p style=\"text-align: justify;\">Los acuerdos con Centroam\u00e9rica, Per\u00fa y Colombia se firmar\u00e1n este mi\u00e9rcoles, en las cumbres que la UE (ya en formato troika) celebrar\u00e1 con los pa\u00edses centroamericanos y la Comunidad Andina, con las que concluir\u00e1n estos tres d\u00edas de reuniones al m\u00e1s alto nivel entre europeos, latinoamericanos y caribe\u00f1os.<\/p>\n<p style=\"text-align: justify;\">El acuerdo con Centroam\u00e9rica supondr\u00e1 la apertura del 100% del mercado para los productos industriales para ambas partes. Los europeos logran adem\u00e1s acceso libre al mercado centroamericano para su industria automovil\u00edstica durante 10 a\u00f1os, mientras que se reducen los aranceles a las exportaciones centroamericanas de carne de vacuno, arroz y pl\u00e1tano.<\/p>\n<p style=\"text-align: justify;\">Lobo, presente este mi\u00e9rcoles<\/p>\n<p style=\"text-align: justify;\">En la cumbre UE-Centroam\u00e9rica se espera la presencia del presidente de Honduras, Porfirio Lobo, quien renunci\u00f3 a participar este martes en el encuentro central entre los l\u00edderes de los Veintisiete y Am\u00e9rica Latina y el Caribe tras la amenaza de boicot que lanzaron una decena de pa\u00edses sudamericanos, con Brasil a la cabeza, que advirtieron que podr\u00edan no acudir a Madrid si Lobo, cuyo Gobierno no reconocen, asist\u00eda a los debates.<\/p>\n<p style=\"text-align: justify;\">Las 60 delegaciones participantes en la cumbre se comprometieron a coordinarse m\u00e1s frente a la crisis y el cambio clim\u00e1tico. El presidente de la Comisi\u00f3n Europea, Jos\u00e9 Manuel Durao Barroso, asegur\u00f3 que hab\u00edan \u00abdiscutido en detalle algunas ideas para trabajar juntos\u00bb para que la conferencia internacional sobre cambio clim\u00e1tico de finales de a\u00f1o en Canc\u00fan sea un \u00ab\u00e9xito\u00bb.<\/p>\n<p style=\"text-align: justify;\">La UE ha creado adem\u00e1s un Mecanismo de Inversi\u00f3n en Am\u00e9rica Latina que servir\u00e1 para \u00abmovilizar nuevos fondos de respaldo a la inversi\u00f3n\u00bb en esta regi\u00f3n. Seg\u00fan explic\u00f3 Barroso, contar\u00e1 con 125 millones en subvenciones hasta 2013.<\/p>\n<p style=\"text-align: justify;\">Los l\u00edderes respaldaron la creaci\u00f3n de la Fundaci\u00f3n UE-ALC, llamada a ser un \u00abinstrumento \u00fatil para reforzar nuestra asociaci\u00f3n\u00bb y para \u00absuscitar el debate sobre las estrategias y actuaciones comunes\u00bb, seg\u00fan la declaraci\u00f3n final. Dicha fundaci\u00f3n, seg\u00fan explicaron fuentes diplom\u00e1ticas, tendr\u00e1 su sede con toda probabilidad en la ciudad alemana de Hamburgo, aunque todav\u00eda no hay una decisi\u00f3n formal.<\/p>\n<p style=\"text-align: justify;\">Una cita con ausencias<\/p>\n<p style=\"text-align: justify;\">La cita ha quedado no obstante deslucida por las ausencias de los grandes pa\u00edses europeos. El presidente franc\u00e9s, Nicolas Sarkozy, se incorpor\u00f3 a los debates una vez empezada la sesi\u00f3n plenaria, por lo que no lleg\u00f3 a los saludos iniciales ni a la foto de familia.<\/p>\n<p style=\"text-align: justify;\">Aprovech\u00f3 para entrevistarse con los presidentes de Brasil, Luiz In\u00e1cio &#8216;Lula&#8217; da Silva, a quien agradeci\u00f3 su colaboraci\u00f3n para la liberaci\u00f3n de la profesora francesa Clotilde Reiss, detenida en Ir\u00e1n; Chile, Sebasti\u00e1n Pi\u00f1era, M\u00e9xico, Felipe Calder\u00f3n, y Zapatero, con quien coincidi\u00f3 en la necesidad de acelerar las medidas econ\u00f3micas adoptadas en los \u00faltimos d\u00edas por pa\u00edses e instituciones europeas para despejar definitivamente las dudas de los mercados sobre la capacidad de Europa para salir de la crisis.<\/p>\n<p style=\"text-align: justify;\">Por parte iberoamericana, estuvieron ausentes el presidente cubano, Ra\u00fal Castro, que nunca acude a estas cumbres y cuyo pa\u00eds est\u00e1 representado por el ministro de Exteriores, Bruno Rodr\u00edguez. Tampoco viajaron a Madrid el venezolano Hugo Ch\u00e1vez, el nicarag\u00fcense Daniel Ortega y el uruguayo Jos\u00e9 Mujica (por recomendaci\u00f3n m\u00e9dica).<\/p>\n<p style=\"text-align: justify;\">Los l\u00edderes reafirmaron su compromiso \u00aba largo plazo\u00bb con Hait\u00ed, si bien no se acordaron nuevas ayudas, ya que en la conferencia de donantes del pasado 31 de marzo se recaud\u00f3 m\u00e1s dinero incluso del que se precisaba. Tambi\u00e9n decidieron que Chile sea el pa\u00eds anfitri\u00f3n de la pr\u00f3xima en 2012 y aceptan \u00abcon mucho gusto la invitaci\u00f3n para participar\u00bb.<\/p>\n<p style=\"text-align: justify;\">Balances dispares<\/p>\n<p style=\"text-align: justify;\">Precisamente el presidente chileno, Sebasti\u00e1n Pi\u00f1era, lament\u00f3 que los resultados no hayan sido \u00absuficientes\u00bb para afrontar los desaf\u00edos mundiales, como lograr un \u00abcrecimiento inteligente, sustentado e inclusivo\u00bb, debido a que los pa\u00edses est\u00e1n enfrentando \u00abviejos problemas con viejas soluciones\u00bb y con organismos internacionales que no han estado acordes a las necesidades actuales.<\/p>\n<p style=\"text-align: justify;\">Zapatero, en cambio, la ha considerado una cumbre de \u00abaciertos y resultados\u00bb entre dos bloques que representan a cerca de 1.000 millones de personas y tienen un volumen de intercambios comerciales de 150.000 millones euros.<\/p>\n<p style=\"text-align: justify;\">La presidenta argentina, que representaba en esta cumbre al bloque Am\u00e9rica Latina y Caribe, advirti\u00f3 en la inauguraci\u00f3n de que los pa\u00edses latinoamericanos ven \u00abcon mucha preocupaci\u00f3n\u00bb el \u00abtrato discriminatorio\u00bb que sufren los inmigrantes en las naciones m\u00e1s desarrolladas, y pidi\u00f3 a sus socios europeos que no promuevan leyes discriminatorias.<\/p>\n<p style=\"text-align: justify;\">Tomado de Elmundo.com<\/p>\n","protected":false},"excerpt":{"rendered":"<p>\u00a0 Rodr\u00edguez Zapatero y Cristina Fern\u00e1ndez. Madrid.-La VI cumbre UE-Am\u00e9rica Latina y Caribe ha sellado este martes en Madrid la unidad de acci\u00f3n de los l\u00edderes de estas regiones para hacer frente a la crisis econ\u00f3mica y financiera y para lograr una asociaci\u00f3n estrat\u00e9gica que facilite el desarrollo mediante el incremento de los intercambios comerciales. [&hellip;]<\/p>\n","protected":false},"author":1,"featured_media":1054,"comment_status":"open","ping_status":"open","sticky":false,"template":"","format":"standard","meta":{"om_disable_all_campaigns":false,"_monsterinsights_skip_tracking":false,"_monsterinsights_sitenote_active":false,"_monsterinsights_sitenote_note":"","_monsterinsights_sitenote_category":0,"footnotes":""},"categories":[5],"tags":[],"class_list":["post-1053","post","type-post","status-publish","format-standard","has-post-thumbnail","hentry","category-mundo"],"aioseo_notices":[],"_links":{"self":[{"href":"https:\/\/elcronistadigital.com\/index.php?rest_route=\/wp\/v2\/posts\/1053","targetHints":{"allow":["GET"]}}],"collection":[{"href":"https:\/\/elcronistadigital.com\/index.php?rest_route=\/wp\/v2\/posts"}],"about":[{"href":"https:\/\/elcronistadigital.com\/index.php?rest_route=\/wp\/v2\/types\/post"}],"author":[{"embeddable":true,"href":"https:\/\/elcronistadigital.com\/index.php?rest_route=\/wp\/v2\/users\/1"}],"replies":[{"embeddable":true,"href":"https:\/\/elcronistadigital.com\/index.php?rest_route=%2Fwp%2Fv2%2Fcomments&post=1053"}],"version-history":[{"count":2,"href":"https:\/\/elcronistadigital.com\/index.php?rest_route=\/wp\/v2\/posts\/1053\/revisions"}],"predecessor-version":[{"id":1056,"href":"https:\/\/elcronistadigital.com\/index.php?rest_route=\/wp\/v2\/posts\/1053\/revisions\/1056"}],"wp:featuredmedia":[{"embeddable":true,"href":"https:\/\/elcronistadigital.com\/index.php?rest_route=\/wp\/v2\/media\/1054"}],"wp:attachment":[{"href":"https:\/\/elcronistadigital.com\/index.php?rest_route=%2Fwp%2Fv2%2Fmedia&parent=1053"}],"wp:term":[{"taxonomy":"category","embeddable":true,"href":"https:\/\/elcronistadigital.com\/index.php?rest_route=%2Fwp%2Fv2%2Fcategories&post=1053"},{"taxonomy":"post_tag","embeddable":true,"href":"https:\/\/elcronistadigital.com\/index.php?rest_route=%2Fwp%2Fv2%2Ftags&post=1053"}],"curies":[{"name":"wp","href":"https:\/\/api.w.org\/{rel}","templated":true}]}}