{"id":1057,"date":"2010-05-22T21:14:34","date_gmt":"2010-05-22T21:14:34","guid":{"rendered":"http:\/\/elcronistadigital.com\/?p=1057"},"modified":"2011-06-02T21:14:47","modified_gmt":"2011-06-02T21:14:47","slug":"%c2%bfnino-de-10-anos-el-capo-mas-joven-del-mundo","status":"publish","type":"post","link":"https:\/\/elcronistadigital.com\/?p=1057","title":{"rendered":"\u00bfNi\u00f1o de 10 a\u00f1os el capo m\u00e1s joven del mundo?"},"content":{"rendered":"<p>\u00a0<\/p>\n<div><a href=\"https:\/\/elcronistadigital.com\/wp-content\/uploads\/2011\/06\/Favela.jpg\"><img loading=\"lazy\" decoding=\"async\" class=\"alignleft size-full wp-image-1058\" title=\"Favela\" src=\"https:\/\/elcronistadigital.com\/wp-content\/uploads\/2011\/06\/Favela.jpg\" alt=\"\" width=\"300\" height=\"225\" \/><\/a>\u00a0<\/div>\n<p style=\"text-align: justify;\">En las favelas brasile\u00f1as muchos ni\u00f1os son utilizados por los narcos.<\/p>\n<p style=\"text-align: justify;\">La mayor\u00eda lo habr\u00eda asumido como una tomadura de pelo si no fuera porque la informaci\u00f3n de que un menor de apenas 10 a\u00f1os, es el presunto jefe de una banda de narcotraficantes en el municipio de S\u00e3o Manuel, en el estado de S\u00e3o Paulo.<\/p>\n<p style=\"text-align: justify;\">\u00a0<\/p>\n<p style=\"text-align: justify;\">El\u00a0 ni\u00f1o conocido por el alias de &#8216;Poderosinho&#8217; fue mencionado como el \u201ccapo\u201d de la banda por dos j\u00f3venes detenidos durante un operativo antidrogas, seg\u00fan el subcomandante de la Polic\u00eda Militar de la regi\u00f3n de Botucatu, Jorge Duarte Miguel.<\/p>\n<p style=\"text-align: justify;\">El chavalo cuya identidad no fue divulgada, es el l\u00edder de la banda, inform\u00f3 el diario &#8216;Folha de S. Paulo&#8217;.<\/p>\n<p style=\"text-align: justify;\">Durante la acci\u00f3n policial, bautizada como &#8216;Operaci\u00f3n Fraldario&#8217; -lugar donde se cambian los pa\u00f1ales a los peque\u00f1os-, los agentes incautaron de droga y munici\u00f3n y detuvieron a dos j\u00f3venes de 17 y 20 a\u00f1os que declararon que actuaban a las \u00f3rdenes de &#8216;Poderosinho&#8217;, que se encuentra en paradero desconocido.<\/p>\n<p style=\"text-align: justify;\">Las autoridades aseguran disponer de material gr\u00e1fico, como fotos y v\u00eddeos del cipote, quien supuestamente tiene a su cargo a varios &#8216;ojeadores&#8217; y se dedica a la venta y distribuci\u00f3n de drogas.<\/p>\n<p style=\"text-align: justify;\">Una voz que parece m\u00e1s centrada es la del coordinador de Infancia y Juventud del Tribunal Superior de Justicia de S\u00e3o Paulo, el juez Antonio Carlos Malheiros, quien dud\u00f3 de la versi\u00f3n policial por considerar dif\u00edcil que un ni\u00f1o de esa edad est\u00e9 al frente de una banda de narcotraficantes.<\/p>\n<p style=\"text-align: justify;\">\u00abSi fuera verdad, es un ni\u00f1o que merece una protecci\u00f3n especial de la judicatura\u00bb, agreg\u00f3.<\/p>\n","protected":false},"excerpt":{"rendered":"<p>\u00a0 \u00a0 En las favelas brasile\u00f1as muchos ni\u00f1os son utilizados por los narcos. La mayor\u00eda lo habr\u00eda asumido como una tomadura de pelo si no fuera porque la informaci\u00f3n de que un menor de apenas 10 a\u00f1os, es el presunto jefe de una banda de narcotraficantes en el municipio de S\u00e3o Manuel, en el estado [&hellip;]<\/p>\n","protected":false},"author":1,"featured_media":1058,"comment_status":"open","ping_status":"open","sticky":false,"template":"","format":"standard","meta":{"om_disable_all_campaigns":false,"_monsterinsights_skip_tracking":false,"_monsterinsights_sitenote_active":false,"_monsterinsights_sitenote_note":"","_monsterinsights_sitenote_category":0,"footnotes":""},"categories":[5],"tags":[],"class_list":["post-1057","post","type-post","status-publish","format-standard","has-post-thumbnail","hentry","category-mundo"],"aioseo_notices":[],"_links":{"self":[{"href":"https:\/\/elcronistadigital.com\/index.php?rest_route=\/wp\/v2\/posts\/1057","targetHints":{"allow":["GET"]}}],"collection":[{"href":"https:\/\/elcronistadigital.com\/index.php?rest_route=\/wp\/v2\/posts"}],"about":[{"href":"https:\/\/elcronistadigital.com\/index.php?rest_route=\/wp\/v2\/types\/post"}],"author":[{"embeddable":true,"href":"https:\/\/elcronistadigital.com\/index.php?rest_route=\/wp\/v2\/users\/1"}],"replies":[{"embeddable":true,"href":"https:\/\/elcronistadigital.com\/index.php?rest_route=%2Fwp%2Fv2%2Fcomments&post=1057"}],"version-history":[{"count":2,"href":"https:\/\/elcronistadigital.com\/index.php?rest_route=\/wp\/v2\/posts\/1057\/revisions"}],"predecessor-version":[{"id":1060,"href":"https:\/\/elcronistadigital.com\/index.php?rest_route=\/wp\/v2\/posts\/1057\/revisions\/1060"}],"wp:featuredmedia":[{"embeddable":true,"href":"https:\/\/elcronistadigital.com\/index.php?rest_route=\/wp\/v2\/media\/1058"}],"wp:attachment":[{"href":"https:\/\/elcronistadigital.com\/index.php?rest_route=%2Fwp%2Fv2%2Fmedia&parent=1057"}],"wp:term":[{"taxonomy":"category","embeddable":true,"href":"https:\/\/elcronistadigital.com\/index.php?rest_route=%2Fwp%2Fv2%2Fcategories&post=1057"},{"taxonomy":"post_tag","embeddable":true,"href":"https:\/\/elcronistadigital.com\/index.php?rest_route=%2Fwp%2Fv2%2Ftags&post=1057"}],"curies":[{"name":"wp","href":"https:\/\/api.w.org\/{rel}","templated":true}]}}