{"id":10602,"date":"2012-09-28T11:57:10","date_gmt":"2012-09-28T17:57:10","guid":{"rendered":"http:\/\/elcronistadigital.com\/?p=10602"},"modified":"2012-09-28T11:57:10","modified_gmt":"2012-09-28T17:57:10","slug":"sismo-sacudio-fuerte-zona-aledana-a-epicentro","status":"publish","type":"post","link":"https:\/\/elcronistadigital.com\/?p=10602","title":{"rendered":"Sismo sacudi\u00f3 fuerte zona aleda\u00f1a a epicentro"},"content":{"rendered":"<div id=\"attachment_10604\" style=\"width: 310px\" class=\"wp-caption alignleft\"><a href=\"https:\/\/elcronistadigital.com\/?attachment_id=10604\" rel=\"attachment wp-att-10604\"><img loading=\"lazy\" decoding=\"async\" aria-describedby=\"caption-attachment-10604\" class=\"size-medium wp-image-10604\" title=\"sismo\" src=\"https:\/\/elcronistadigital.com\/wp-content\/uploads\/2012\/09\/sismo3-300x227.jpg\" alt=\"\" width=\"300\" height=\"227\" srcset=\"https:\/\/elcronistadigital.com\/wp-content\/uploads\/2012\/09\/sismo3-300x227.jpg 300w, https:\/\/elcronistadigital.com\/wp-content\/uploads\/2012\/09\/sismo3-342x259.jpg 342w, https:\/\/elcronistadigital.com\/wp-content\/uploads\/2012\/09\/sismo3-60x45.jpg 60w, https:\/\/elcronistadigital.com\/wp-content\/uploads\/2012\/09\/sismo3-150x113.jpg 150w, https:\/\/elcronistadigital.com\/wp-content\/uploads\/2012\/09\/sismo3.jpg 511w\" sizes=\"auto, (max-width: 300px) 100vw, 300px\" \/><\/a><p id=\"caption-attachment-10604\" class=\"wp-caption-text\">La estrella cerca del Xolotl\u00e1n marca el epicentro, seg\u00fan coordenadas del Ineter.<\/p><\/div>\n<p>El sismo de este viernes por la ma\u00f1ana fue breve y apenas marc\u00f3 3 grados en la escala Richter, pero por tratarse de una falla local y ocurrir a solo 7.9 kil\u00f3metros de profundidad, nos meci\u00f3 con una intensidad que dio miedo.<\/p>\n<p>En los lugares situados en las cercan\u00edas al epicentro \u2013entre Masaya, Nindir\u00ed y Ticuantepe- se sinti\u00f3 m\u00e1s fuerte y en algunos hogares bot\u00f3 peque\u00f1os adornos que colgaban de las paredes, seg\u00fan constatamos.<\/p>\n<p>Ge\u00f3logos como el Dr. William Mart\u00ednez, han advertido que este tipo de eventos \u2013de fallas locales- son los que nos han causado da\u00f1os a lo largo de la historia como la doble destrucci\u00f3n de Managua en 1931 y 1972.<\/p>\n<p>Desde los primeros 44 minutos de este viernes, el Instituto de Estudios Territoriales (Ineter), reporta temblores que van desde 1,4 hasta 3,4 de magnitud, localizados en las cercan\u00edas del volc\u00e1n Apoyeque y en el golfo de Fonseca, Costa Rica y El Salvador, seg\u00fan Prensa Latina.<\/p>\n<p>La actividad s\u00edsmica en la regi\u00f3n centroamericana experimenta un sostenido comportamiento desde los terremotos del 26 de agosto en las costas de El Salvador, con 7,5 de magnitud, y el 5 de septiembre en las de Costa Rica, con 7,6.<\/p>\n<p>Un enjambre s\u00edsmico detectado el d\u00eda 6 en el lago Xolotl\u00e1n o de Managua fue otro momento de particular atenci\u00f3n para las autoridades y la poblaci\u00f3n de Nicaragua.<\/p>\n<p>Por mandato del gobierno, el Ineter, el Sistema de Atenci\u00f3n y Mitigaci\u00f3n de Desastres Naturales y otras instituciones estatales mantienen una notable vigilancia hacia estos eventos naturales con la finalidad de resguardar ante todo las vidas humanas.<\/p>\n<p>Cuatro cient\u00edficos cubanos colaboran con sus hom\u00f3logos nicarag\u00fcenses en la observaci\u00f3n y monitoreo de la situaci\u00f3n, que incluye tambi\u00e9n las emanaciones volc\u00e1nicas, fundamentalmente del San Crist\u00f3bal, el cr\u00e1ter mayor de la naci\u00f3n.<\/p>\n<p>.<\/p>\n","protected":false},"excerpt":{"rendered":"<p>El sismo de este viernes por la ma\u00f1ana fue breve y apenas marc\u00f3 3 grados en la escala Richter, pero por tratarse de una falla local y ocurrir a solo 7.9 kil\u00f3metros de profundidad, nos meci\u00f3 con una intensidad que dio miedo. En los lugares situados en las cercan\u00edas al epicentro \u2013entre Masaya, Nindir\u00ed y [&hellip;]<\/p>\n","protected":false},"author":1,"featured_media":10604,"comment_status":"open","ping_status":"open","sticky":false,"template":"","format":"standard","meta":{"om_disable_all_campaigns":false,"_monsterinsights_skip_tracking":false,"_monsterinsights_sitenote_active":false,"_monsterinsights_sitenote_note":"","_monsterinsights_sitenote_category":0,"footnotes":""},"categories":[3],"tags":[178,50,53],"class_list":["post-10602","post","type-post","status-publish","format-standard","has-post-thumbnail","hentry","category-nacionales","tag-managua","tag-nicaragua","tag-sismo"],"aioseo_notices":[],"_links":{"self":[{"href":"https:\/\/elcronistadigital.com\/index.php?rest_route=\/wp\/v2\/posts\/10602","targetHints":{"allow":["GET"]}}],"collection":[{"href":"https:\/\/elcronistadigital.com\/index.php?rest_route=\/wp\/v2\/posts"}],"about":[{"href":"https:\/\/elcronistadigital.com\/index.php?rest_route=\/wp\/v2\/types\/post"}],"author":[{"embeddable":true,"href":"https:\/\/elcronistadigital.com\/index.php?rest_route=\/wp\/v2\/users\/1"}],"replies":[{"embeddable":true,"href":"https:\/\/elcronistadigital.com\/index.php?rest_route=%2Fwp%2Fv2%2Fcomments&post=10602"}],"version-history":[{"count":3,"href":"https:\/\/elcronistadigital.com\/index.php?rest_route=\/wp\/v2\/posts\/10602\/revisions"}],"predecessor-version":[{"id":10607,"href":"https:\/\/elcronistadigital.com\/index.php?rest_route=\/wp\/v2\/posts\/10602\/revisions\/10607"}],"wp:featuredmedia":[{"embeddable":true,"href":"https:\/\/elcronistadigital.com\/index.php?rest_route=\/wp\/v2\/media\/10604"}],"wp:attachment":[{"href":"https:\/\/elcronistadigital.com\/index.php?rest_route=%2Fwp%2Fv2%2Fmedia&parent=10602"}],"wp:term":[{"taxonomy":"category","embeddable":true,"href":"https:\/\/elcronistadigital.com\/index.php?rest_route=%2Fwp%2Fv2%2Fcategories&post=10602"},{"taxonomy":"post_tag","embeddable":true,"href":"https:\/\/elcronistadigital.com\/index.php?rest_route=%2Fwp%2Fv2%2Ftags&post=10602"}],"curies":[{"name":"wp","href":"https:\/\/api.w.org\/{rel}","templated":true}]}}