{"id":1061,"date":"2010-05-23T21:16:13","date_gmt":"2010-05-23T21:16:13","guid":{"rendered":"http:\/\/elcronistadigital.com\/?p=1061"},"modified":"2011-06-02T21:16:29","modified_gmt":"2011-06-02T21:16:29","slug":"ex-dictador-noriega-insiste-en-que-es-prisionero-de-guerra","status":"publish","type":"post","link":"https:\/\/elcronistadigital.com\/?p=1061","title":{"rendered":"Ex dictador Noriega insiste en que es prisionero de guerra"},"content":{"rendered":"<p>\u00a0<\/p>\n<div><a href=\"https:\/\/elcronistadigital.com\/wp-content\/uploads\/2011\/06\/Noriega-1.jpg\"><img loading=\"lazy\" decoding=\"async\" class=\"alignleft size-medium wp-image-1062\" title=\"Noriega-1\" src=\"https:\/\/elcronistadigital.com\/wp-content\/uploads\/2011\/06\/Noriega-1-199x300.jpg\" alt=\"\" width=\"199\" height=\"300\" srcset=\"https:\/\/elcronistadigital.com\/wp-content\/uploads\/2011\/06\/Noriega-1-199x300.jpg 199w, https:\/\/elcronistadigital.com\/wp-content\/uploads\/2011\/06\/Noriega-1.jpg 300w\" sizes=\"auto, (max-width: 199px) 100vw, 199px\" \/><\/a>\u00a0<\/div>\n<p style=\"text-align: justify;\">El ex narco dictador Manuel Antonio Noriega.<\/p>\n<p style=\"text-align: justify;\">El encarcelado ex general Manuel Antonio Noriega se burl\u00f3 de la decisi\u00f3n de la justicia francesa de mantenerlo detenido por el peligro de una fuga. \u201cEl sofisma de que habr\u00eda un escape es bastante ir\u00f3nico. Modestamente, soy una persona tan conocida que no podr\u00eda escaparme ni a la esquina\u201d, dijo el ex dictador el viernes, durante una audiencia en el Tribunal de Apelaciones de Par\u00eds.<\/p>\n<p style=\"text-align: justify;\">\u00a0<\/p>\n<p style=\"text-align: justify;\">\u201cEstoy ante ustedes como ex jefe de Estado. Tambi\u00e9n soy prisionero de guerra y por virtud de la Convenci\u00f3n de Ginebra deber\u00eda ser protegido\u201d, dijo por medio de un int\u00e9rprete.<\/p>\n<p style=\"text-align: justify;\">Noriega, quien habl\u00f3 en espa\u00f1ol, dijo ser v\u00edctima de \u201cuna conspiraci\u00f3n fabricada por Estados Unidos\u201d.<\/p>\n<p style=\"text-align: justify;\">Hacia el final de la audiencia y aunque sus abogados le recomendaron no tomar la palabra nuevamente, el ex dictador se levant\u00f3 para pedir \u201cdesde el fondo del coraz\u00f3n con esp\u00edritu cristiano, [pido] un h\u00e1bitat decente y digno para demostrar a la justicia que se trata de una conspiraci\u00f3n internacional cuya mano y sello es USA\u201d.<\/p>\n<p style=\"text-align: justify;\">El objetivo<\/p>\n<p style=\"text-align: justify;\">Dos eran los temas principales de esta audiencia: el pedido de puesta en libertad del ex general y su estatus de prisionero de guerra que, seg\u00fan sus abogados, le da derecho a condiciones de detenci\u00f3n especiales.<\/p>\n<p style=\"text-align: justify;\">Los defensores Yves Leberquier y Antonin L\u00e9vy describieron la prisi\u00f3n de La Sant\u00e9 como un lugar insalubre, donde su cliente no puede recibir la documentaci\u00f3n para preparar su defensa. Relataron que no pudo ser atendido por un m\u00e9dico hispanohablante hasta que lo visitaron los miembros del Comit\u00e9 Internacional de la Cruz Roja.<\/p>\n<p style=\"text-align: justify;\">Los letrados invocaron el estatus de prisionero de guerra que, seg\u00fan dicen, es incompatible con las condiciones de encarcelamiento de Noriega. Aseguran que se est\u00e1 violando la Convenci\u00f3n de Ginebra.<\/p>\n<p style=\"text-align: justify;\">\u00a0<\/p>\n<div style=\"text-align: justify;\"><a href=\"https:\/\/elcronistadigital.com\/wp-content\/uploads\/2011\/06\/Noriega.jpg\"><img loading=\"lazy\" decoding=\"async\" class=\"alignleft size-full wp-image-1063\" title=\"Noriega\" src=\"https:\/\/elcronistadigital.com\/wp-content\/uploads\/2011\/06\/Noriega.jpg\" alt=\"\" width=\"300\" height=\"181\" \/><\/a>\u00a0La insalubre y siniestra c\u00e1rcel francesa de La Sant\u00e9 (La Salud).<\/div>\n<p style=\"text-align: justify;\">\u00a0<\/p>\n<p style=\"text-align: justify;\">El fiscal respondi\u00f3 que la \u00fanica obligaci\u00f3n de Francia es darle las mismas condiciones que ten\u00eda en Estados Unidos y explic\u00f3 que all\u00e1 se trataba de una c\u00e1rcel com\u00fan, tal como es La Sant\u00e9.<\/p>\n<p style=\"text-align: justify;\">La inmunidad de Noriega fue tambi\u00e9n invocada por la defensa. Sin embargo, la fiscal\u00eda consider\u00f3 que esta no es aplicable, porque los hechos que se le reprochan \u2013\u201clavado\u201d de dinero del narcotr\u00e1fico\u2013, no constituyen delitos derivados de su funci\u00f3n como \u201cmandatario\u201d, sino de un \u201cinter\u00e9s personal\u201d.<\/p>\n<p style=\"text-align: justify;\">Seg\u00fan la defensa de Noriega, \u201cla justicia francesa no juzgar\u00eda jam\u00e1s a un ex jefe de Estado\u201d. Existen, aseguran, razones pol\u00edticas y presiones de Estados Unidos para haber sentado en el banquillo a su cliente.<\/p>\n<p style=\"text-align: justify;\">Luego de dos horas de audiencia, el Tribunal de Apelaci\u00f3n anunci\u00f3 que se pronunciar\u00e1 el viernes 28 de mayo sobre el recurso presentado por Noriega para recobrar su libertad.<\/p>\n<p style=\"text-align: justify;\">Si se le negara nuevamente, queda la posibilidad de un recurso en casaci\u00f3n ante el Tribunal Supremo.<\/p>\n<p style=\"text-align: justify;\">La familia<\/p>\n<p style=\"text-align: justify;\">Hasta el Palacio de Justicia de Par\u00eds acudi\u00f3 parte de la familia de Noriega. En la primera fila de la sala estaba su hija Sandra, sus nietos y una sobrina.<\/p>\n<p style=\"text-align: justify;\">Los nietos conversaron con \u00e9l durante los minutos que transcurrieron entre el final de la audiencia y el anuncio del aplazamiento de la decisi\u00f3n. El reo sonr\u00edo varias veces, a trav\u00e9s del cristal tras el cual se encontraba.<\/p>\n<p style=\"text-align: justify;\">*Especial para La Prensa<br \/>\nPar\u00eds, Francia<\/p>\n<p style=\"text-align: justify;\">\u00a0<\/p>\n","protected":false},"excerpt":{"rendered":"<p>\u00a0 \u00a0 El ex narco dictador Manuel Antonio Noriega. El encarcelado ex general Manuel Antonio Noriega se burl\u00f3 de la decisi\u00f3n de la justicia francesa de mantenerlo detenido por el peligro de una fuga. \u201cEl sofisma de que habr\u00eda un escape es bastante ir\u00f3nico. Modestamente, soy una persona tan conocida que no podr\u00eda escaparme ni [&hellip;]<\/p>\n","protected":false},"author":1,"featured_media":1062,"comment_status":"open","ping_status":"open","sticky":false,"template":"","format":"standard","meta":{"om_disable_all_campaigns":false,"_monsterinsights_skip_tracking":false,"_monsterinsights_sitenote_active":false,"_monsterinsights_sitenote_note":"","_monsterinsights_sitenote_category":0,"footnotes":""},"categories":[5],"tags":[],"class_list":["post-1061","post","type-post","status-publish","format-standard","has-post-thumbnail","hentry","category-mundo"],"aioseo_notices":[],"_links":{"self":[{"href":"https:\/\/elcronistadigital.com\/index.php?rest_route=\/wp\/v2\/posts\/1061","targetHints":{"allow":["GET"]}}],"collection":[{"href":"https:\/\/elcronistadigital.com\/index.php?rest_route=\/wp\/v2\/posts"}],"about":[{"href":"https:\/\/elcronistadigital.com\/index.php?rest_route=\/wp\/v2\/types\/post"}],"author":[{"embeddable":true,"href":"https:\/\/elcronistadigital.com\/index.php?rest_route=\/wp\/v2\/users\/1"}],"replies":[{"embeddable":true,"href":"https:\/\/elcronistadigital.com\/index.php?rest_route=%2Fwp%2Fv2%2Fcomments&post=1061"}],"version-history":[{"count":2,"href":"https:\/\/elcronistadigital.com\/index.php?rest_route=\/wp\/v2\/posts\/1061\/revisions"}],"predecessor-version":[{"id":1065,"href":"https:\/\/elcronistadigital.com\/index.php?rest_route=\/wp\/v2\/posts\/1061\/revisions\/1065"}],"wp:featuredmedia":[{"embeddable":true,"href":"https:\/\/elcronistadigital.com\/index.php?rest_route=\/wp\/v2\/media\/1062"}],"wp:attachment":[{"href":"https:\/\/elcronistadigital.com\/index.php?rest_route=%2Fwp%2Fv2%2Fmedia&parent=1061"}],"wp:term":[{"taxonomy":"category","embeddable":true,"href":"https:\/\/elcronistadigital.com\/index.php?rest_route=%2Fwp%2Fv2%2Fcategories&post=1061"},{"taxonomy":"post_tag","embeddable":true,"href":"https:\/\/elcronistadigital.com\/index.php?rest_route=%2Fwp%2Fv2%2Ftags&post=1061"}],"curies":[{"name":"wp","href":"https:\/\/api.w.org\/{rel}","templated":true}]}}