{"id":10862,"date":"2012-10-08T07:46:36","date_gmt":"2012-10-08T13:46:36","guid":{"rendered":"http:\/\/elcronistadigital.com\/?p=10862"},"modified":"2012-10-08T07:46:36","modified_gmt":"2012-10-08T13:46:36","slug":"policia-enterro-vivo-a-su-perro","status":"publish","type":"post","link":"https:\/\/elcronistadigital.com\/?p=10862","title":{"rendered":"Polic\u00eda enterr\u00f3 vivo a su perro"},"content":{"rendered":"<div id=\"attachment_10863\" style=\"width: 308px\" class=\"wp-caption alignleft\"><a href=\"https:\/\/elcronistadigital.com\/?attachment_id=10863\" rel=\"attachment wp-att-10863\"><img loading=\"lazy\" decoding=\"async\" aria-describedby=\"caption-attachment-10863\" class=\"size-full wp-image-10863\" title=\"rimbaud1\" src=\"https:\/\/elcronistadigital.com\/wp-content\/uploads\/2012\/10\/rimbaud1.jpg\" alt=\"\" width=\"298\" height=\"293\" srcset=\"https:\/\/elcronistadigital.com\/wp-content\/uploads\/2012\/10\/rimbaud1.jpg 298w, https:\/\/elcronistadigital.com\/wp-content\/uploads\/2012\/10\/rimbaud1-50x50.jpg 50w, https:\/\/elcronistadigital.com\/wp-content\/uploads\/2012\/10\/rimbaud1-70x70.jpg 70w, https:\/\/elcronistadigital.com\/wp-content\/uploads\/2012\/10\/rimbaud1-55x55.jpg 55w\" sizes=\"auto, (max-width: 298px) 100vw, 298px\" \/><\/a><p id=\"caption-attachment-10863\" class=\"wp-caption-text\">Dr. Enrique Rimbaud.<\/p><\/div>\n<p>* Otro sujeto enfurecido parti\u00f3 en dos a la mascota de sus hijos a punta de machetazos<\/p>\n<p>Dr. Enrique Rimbaud<\/p>\n<p>En momentos que estamos festejando la Semana Mundial de los Animales, donde el 4 de Octubre se conmemor\u00f3 el D\u00eda Mundial del Animal y el D\u00eda del Animal Nicarag\u00fcense, los hechos ocurridos tensan las relaciones entre los animalistas y quienes deber\u00edan ser los guardianes de la Ley.<\/p>\n<p>Mientras Fundaci\u00f3n A.Mar.Te., la Procuradur\u00eda General de la Rep\u00fablica y Fonare realizaron diversos actos, convenios y celebraciones por los animales, en otros puntos del pa\u00eds la historia era muy diferente.<\/p>\n<p>Brutalidad extrema<\/p>\n<p>Comenzando en Masaya, donde un padre de familia enojado porque su mujer no quiere separarse de \u00e9l, delante de sus dos hijos peque\u00f1os, como amenaza para la mujer y su familia, cercen\u00f3 a un perro, mascota de sus hijos, en dos partes de un machetazo, en su presencia.<\/p>\n<p>Siguiendo en Masaya, el d\u00eda viernes, mientras los veterinarios de Fundaci\u00f3n A.Mar.Te. se encontraban dando atenci\u00f3n veterinaria gratuita a los caballos de los carretoneros, parte de la obra social que realiza en el pa\u00eds la Fundaci\u00f3n, lleg\u00f3 un CPC a interrumpir y prohibir el trabajo social porque no les hab\u00edan avisado.<\/p>\n<p>Bestialidad<\/p>\n<p>Ya en Managua, un due\u00f1o de mascota enterr\u00f3 a su perro vivo. Pero no se pudo denunciar porque el mismo es polic\u00eda.<\/p>\n<p>En Estel\u00ed, el d\u00eda de ayer, un cami\u00f3n atropell\u00f3 en plena Carretera Panamericana, cerca de la comunidad de Santa Cruz a un pobre caballo\u2026 lleg\u00f3 la Polic\u00eda de Tr\u00e1nsito y lo que hicieron fue quitar el caballo de la carretera y desollar la parte de piel donde ten\u00eda su fierro (marca de propiedad realizada a fuego), pero, \u00a1el caballo estaba vivo! Y as\u00ed lo dejaron, malmatado por el choque y sin su piel, \u00a1pero vivo!<\/p>\n<p>\u00bfD\u00f3nde estamos? \u00bfHasta cu\u00e1ndo estos atropellos a los derechos de los animales, hechos por quienes tienen que cuidar que las leyes se cumplan?<\/p>\n<p>Creemos que es importante y urgente mantener reuniones entre la Fundaci\u00f3n y todos los comisionados policiales para enterarles de la Ley, sus derivaciones y sus consecuencias.<\/p>\n<p>\u00a1Porque los animales nos importan!<\/p>\n","protected":false},"excerpt":{"rendered":"<p>* Otro sujeto enfurecido parti\u00f3 en dos a la mascota de sus hijos a punta de machetazos Dr. Enrique Rimbaud En momentos que estamos festejando la Semana Mundial de los Animales, donde el 4 de Octubre se conmemor\u00f3 el D\u00eda Mundial del Animal y el D\u00eda del Animal Nicarag\u00fcense, los hechos ocurridos tensan las relaciones [&hellip;]<\/p>\n","protected":false},"author":1,"featured_media":10863,"comment_status":"open","ping_status":"open","sticky":false,"template":"","format":"standard","meta":{"om_disable_all_campaigns":false,"_monsterinsights_skip_tracking":false,"_monsterinsights_sitenote_active":false,"_monsterinsights_sitenote_note":"","_monsterinsights_sitenote_category":0,"footnotes":""},"categories":[12,13],"tags":[],"class_list":["post-10862","post","type-post","status-publish","format-standard","has-post-thumbnail","hentry","category-blugs","category-portada"],"aioseo_notices":[],"_links":{"self":[{"href":"https:\/\/elcronistadigital.com\/index.php?rest_route=\/wp\/v2\/posts\/10862","targetHints":{"allow":["GET"]}}],"collection":[{"href":"https:\/\/elcronistadigital.com\/index.php?rest_route=\/wp\/v2\/posts"}],"about":[{"href":"https:\/\/elcronistadigital.com\/index.php?rest_route=\/wp\/v2\/types\/post"}],"author":[{"embeddable":true,"href":"https:\/\/elcronistadigital.com\/index.php?rest_route=\/wp\/v2\/users\/1"}],"replies":[{"embeddable":true,"href":"https:\/\/elcronistadigital.com\/index.php?rest_route=%2Fwp%2Fv2%2Fcomments&post=10862"}],"version-history":[{"count":3,"href":"https:\/\/elcronistadigital.com\/index.php?rest_route=\/wp\/v2\/posts\/10862\/revisions"}],"predecessor-version":[{"id":10866,"href":"https:\/\/elcronistadigital.com\/index.php?rest_route=\/wp\/v2\/posts\/10862\/revisions\/10866"}],"wp:featuredmedia":[{"embeddable":true,"href":"https:\/\/elcronistadigital.com\/index.php?rest_route=\/wp\/v2\/media\/10863"}],"wp:attachment":[{"href":"https:\/\/elcronistadigital.com\/index.php?rest_route=%2Fwp%2Fv2%2Fmedia&parent=10862"}],"wp:term":[{"taxonomy":"category","embeddable":true,"href":"https:\/\/elcronistadigital.com\/index.php?rest_route=%2Fwp%2Fv2%2Fcategories&post=10862"},{"taxonomy":"post_tag","embeddable":true,"href":"https:\/\/elcronistadigital.com\/index.php?rest_route=%2Fwp%2Fv2%2Ftags&post=10862"}],"curies":[{"name":"wp","href":"https:\/\/api.w.org\/{rel}","templated":true}]}}