{"id":10991,"date":"2012-10-11T09:25:03","date_gmt":"2012-10-11T15:25:03","guid":{"rendered":"http:\/\/elcronistadigital.com\/?p=10991"},"modified":"2012-10-11T09:25:03","modified_gmt":"2012-10-11T15:25:03","slug":"la-muerte-de-un-perezoso-2","status":"publish","type":"post","link":"https:\/\/elcronistadigital.com\/?p=10991","title":{"rendered":"La muerte de un perezoso\u2026"},"content":{"rendered":"<p><a href=\"https:\/\/elcronistadigital.com\/?attachment_id=10992\" rel=\"attachment wp-att-10992\"><img loading=\"lazy\" decoding=\"async\" class=\"alignleft size-full wp-image-10992\" title=\"perezosos1\" src=\"https:\/\/elcronistadigital.com\/wp-content\/uploads\/2012\/10\/perezosos11.jpg\" alt=\"\" width=\"238\" height=\"158\" \/><\/a>Dr. Enrique Rimbaud<\/p>\n<p>\u00a1Que no sea en vano! \u00a1Que la muerte de este oso perezoso no sea en vano!<\/p>\n<p>Hace no mucho, estuvimos debatiendo \u00e1rida y vehementemente con algunos jinotepinos, donde les plante\u00e1bamos que no pod\u00edan tener en su plaza ocho osos perezosos.<\/p>\n<p>Ellos no est\u00e1n comiendo bien, no tienen una dieta adecuada, no reciben sanidad, pierden fuerza gen\u00e9tica y reproductiva al cruzarse entre ellos por m\u00e1s de cincuenta a\u00f1os sin renovar sangres, y son objeto de agresiones por parte de varios de los transe\u00fantes del parque.<\/p>\n<p>Algunos ignorantes, plantearon que eran patrimonio cultural de Jinotepe. Ning\u00fan animal es patrimonio cultural de una comunidad y menos si es una especie en v\u00edas de extinci\u00f3n y no se le da oportunidad de alimentarse, desarrollarse, reproducirse y multiplicarse como debiera.<\/p>\n<p>Despu\u00e9s vimos que hab\u00edan otros osos perezosos en otras plazas, Masaya, Masatepe, y Jinotega, y que en todos lados montaban el show con la misma cantinela ignorante de que eran patrimonio cultural de cada pueblo.<\/p>\n<p>Nadie nos quiso entregar sus osos, para los cuales tenemos preparada una reserva en el norte donde no hay depredadores y pueden alimentarse y reproducirse en forma adecuada, conservando la especie.<\/p>\n<p>El lunes por la noche, alg\u00fan inadaptado le arroj\u00f3 algo al oso perezoso de Jinotega, que lo hizo caer de su \u00e1rbol al piso, m\u00e1s de veinte metros de ca\u00edda, por lo que amaneci\u00f3 en el piso, en shock y con fracturas varias, medio comido por las hormigas, pero vivo a\u00fan.<\/p>\n<p>Lo recogieron y lo llevaron al Magfor, quienes me llamaron, y les indique que lo llevaran a la veterinaria de nuestra representante de Fundaci\u00f3n A.Mar.Te. en Jinotega, la Dra. Raikhan Isaatseva, quien se comunic\u00f3 conmigo prestamente y se le brindaron los primeros auxilios.<\/p>\n<p>Le dijimos que en forma urgente trasladaran el oso a Managua, a nuestra cl\u00ednica, para poder brindarle toda la atenci\u00f3n, a lo que el MAGFOR plante\u00f3 que no se iba de Jinotega porque era patrimonio cultural.<\/p>\n<p>Gracias a gestiones de la Procuradur\u00eda General de la Rep\u00fablico, aliados gubernamentales en la lucha por los derechos de los animales, el mi\u00e9rcoles a las 8 de la ma\u00f1ana llegaron con el oso a nuestra cl\u00ednica.<\/p>\n<p>Pero, ya era tarde, hab\u00eda pasado demasiado tiempo, ya hab\u00eda desarrollado neumon\u00eda y perforaci\u00f3n de pulmones, un liquido amarillo sanguinolento sal\u00eda permanentemente por sus fosas nasales, se le administr\u00f3 toda la bater\u00eda disponible y luego de diez horas de lucha, falleci\u00f3.<\/p>\n<p>Impotencia, desaz\u00f3n y mucha rabia nos invadi\u00f3. Porque quiz\u00e1s hubiera muerto de todas formas por sus lesiones\u2026 pero, cuanto m\u00e1s temprano se trate, m\u00e1s oportunidades tenemos de que viva.<\/p>\n<p>Los animales no son adornos de plazas, si quieren adornar plazas pongan plantas, monumentos, juegos para ni\u00f1os, pero dejen de una vez de tener animales, devu\u00e9lvanles su libertad, y respeten que son especies en v\u00edas de extinci\u00f3n.<\/p>\n<p>\u00a1No m\u00e1s animales en las plazas! \u00a1Seguiremos luchando por ello!<\/p>\n<p>\u00a1Porque los animales nos importan!<\/p>\n","protected":false},"excerpt":{"rendered":"<p>Dr. Enrique Rimbaud \u00a1Que no sea en vano! \u00a1Que la muerte de este oso perezoso no sea en vano! Hace no mucho, estuvimos debatiendo \u00e1rida y vehementemente con algunos jinotepinos, donde les plante\u00e1bamos que no pod\u00edan tener en su plaza ocho osos perezosos. Ellos no est\u00e1n comiendo bien, no tienen una dieta adecuada, no reciben [&hellip;]<\/p>\n","protected":false},"author":1,"featured_media":10992,"comment_status":"open","ping_status":"open","sticky":false,"template":"","format":"standard","meta":{"om_disable_all_campaigns":false,"_monsterinsights_skip_tracking":false,"_monsterinsights_sitenote_active":false,"_monsterinsights_sitenote_note":"","_monsterinsights_sitenote_category":0,"footnotes":""},"categories":[3,12],"tags":[502,213],"class_list":["post-10991","post","type-post","status-publish","format-standard","has-post-thumbnail","hentry","category-nacionales","category-blugs","tag-perezoso","tag-rimbaud"],"aioseo_notices":[],"_links":{"self":[{"href":"https:\/\/elcronistadigital.com\/index.php?rest_route=\/wp\/v2\/posts\/10991","targetHints":{"allow":["GET"]}}],"collection":[{"href":"https:\/\/elcronistadigital.com\/index.php?rest_route=\/wp\/v2\/posts"}],"about":[{"href":"https:\/\/elcronistadigital.com\/index.php?rest_route=\/wp\/v2\/types\/post"}],"author":[{"embeddable":true,"href":"https:\/\/elcronistadigital.com\/index.php?rest_route=\/wp\/v2\/users\/1"}],"replies":[{"embeddable":true,"href":"https:\/\/elcronistadigital.com\/index.php?rest_route=%2Fwp%2Fv2%2Fcomments&post=10991"}],"version-history":[{"count":3,"href":"https:\/\/elcronistadigital.com\/index.php?rest_route=\/wp\/v2\/posts\/10991\/revisions"}],"predecessor-version":[{"id":10995,"href":"https:\/\/elcronistadigital.com\/index.php?rest_route=\/wp\/v2\/posts\/10991\/revisions\/10995"}],"wp:featuredmedia":[{"embeddable":true,"href":"https:\/\/elcronistadigital.com\/index.php?rest_route=\/wp\/v2\/media\/10992"}],"wp:attachment":[{"href":"https:\/\/elcronistadigital.com\/index.php?rest_route=%2Fwp%2Fv2%2Fmedia&parent=10991"}],"wp:term":[{"taxonomy":"category","embeddable":true,"href":"https:\/\/elcronistadigital.com\/index.php?rest_route=%2Fwp%2Fv2%2Fcategories&post=10991"},{"taxonomy":"post_tag","embeddable":true,"href":"https:\/\/elcronistadigital.com\/index.php?rest_route=%2Fwp%2Fv2%2Ftags&post=10991"}],"curies":[{"name":"wp","href":"https:\/\/api.w.org\/{rel}","templated":true}]}}