{"id":1123,"date":"2010-08-30T21:43:50","date_gmt":"2010-08-30T21:43:50","guid":{"rendered":"http:\/\/elcronistadigital.com\/?p=1123"},"modified":"2011-06-02T21:45:23","modified_gmt":"2011-06-02T21:45:23","slug":"fidel-castro-dice-que-murio-y-resucito","status":"publish","type":"post","link":"https:\/\/elcronistadigital.com\/?p=1123","title":{"rendered":"Fidel Castro dice que muri\u00f3 y resucit\u00f3"},"content":{"rendered":"<p>\u00a0<\/p>\n<p>\u00a0<a href=\"https:\/\/elcronistadigital.com\/wp-content\/uploads\/2011\/06\/Fidel11.jpg\"><img loading=\"lazy\" decoding=\"async\" class=\"alignleft size-medium wp-image-1126\" title=\"Fidel[1]\" src=\"https:\/\/elcronistadigital.com\/wp-content\/uploads\/2011\/06\/Fidel11-221x300.jpg\" alt=\"\" width=\"221\" height=\"300\" srcset=\"https:\/\/elcronistadigital.com\/wp-content\/uploads\/2011\/06\/Fidel11-221x300.jpg 221w, https:\/\/elcronistadigital.com\/wp-content\/uploads\/2011\/06\/Fidel11.jpg 300w\" sizes=\"auto, (max-width: 221px) 100vw, 221px\" \/><\/a><\/p>\n<p style=\"text-align: justify;\">En una entrevista concedida a una periodista del diario mexicano La Jornada, el l\u00edder cubano Fidel Castro afirm\u00f3 que tiene \u00abcosas que hacer todav\u00eda\u00bb en un mundo que est\u00e1 en la fase \u00abm\u00e1s peligrosa de su existencia\u00bb, tras haber \u00abresucitado\u00bb de la grave enfermedad que casi lo llev\u00f3 a renunciar a la vida.<\/p>\n<p style=\"text-align: justify;\">\u00a0<\/p>\n<p style=\"text-align: justify;\">Seg\u00fan la entrevista divulgada este lunes 30 de agosto por el sitio oficialista cubadebate.cu. Ah\u00ed Castro asegura \u00abllegu\u00e9 a estar muerto, pero resucit\u00e9 (&#8230;). Quiero decirte que est\u00e1s ante una especie de re-su-ci-ta-do\u00bb, declar\u00f3 Castro, de 84 a\u00f1os, a la periodista de La Jornada, evocando la grave enfermedad intestinal que lo forz\u00f3 a ceder el mando a su hermano Ra\u00fal Castro el 31 de julio de 2006.<\/p>\n<p style=\"text-align: justify;\">\u00abYa no aspiraba a vivir, ni mucho menos. Me pregunt\u00e9 varias veces si esa gente (sus m\u00e9dicos) iban a dejarme vivir en esas condiciones o me iban a permitir morir. Luego sobreviv\u00ed, pero en muy malas condiciones f\u00edsicas\u00bb, a\u00f1adi\u00f3 Castro en el art\u00edculo que ha sido difundido en el sitio oficialista<\/p>\n<p style=\"text-align: justify;\">Explic\u00f3 que durante el inicio de su crisis de salud estuvo en \u00abun entrar y salir del quir\u00f3fano, entubado, recibiendo alimentos a trav\u00e9s de venas y cat\u00e9teres y con p\u00e9rdidas frecuentes del conocimiento\u00bb.<\/p>\n<p style=\"text-align: justify;\">\u00abTendido en aquella cama, s\u00f3lo miraba a mi alrededor, ignorante de todos esos aparatos. No sab\u00eda cu\u00e1nto tiempo iba a durar ese tormento y de lo \u00fanico que ten\u00eda esperanza es de que se parara el mundo\u00bb, record\u00f3.<\/p>\n<p style=\"text-align: justify;\">Su esposa Dalia Soto del Valle, que particip\u00f3 en la entrevista y quien lo acompa\u00f1a en casi todas sus salidas p\u00fablicas, dijo que el l\u00edder comunista lleg\u00f3 a pesar 66 kilogramos cuando inici\u00f3 su lenta recuperaci\u00f3n.<\/p>\n<p style=\"text-align: justify;\">\u00abImag\u00ednate: un tipo de mi estatura pesando 66 kilos. Hoy alcanzo ya entre 85 y 86 kilos, y esta ma\u00f1ana logr\u00e9 dar 600 pasos solo, sin bast\u00f3n, sin ayuda\u00bb, explic\u00f3 Castro, al subrayar que, al salir del hospital, se encontr\u00f3 \u00abcon un mundo como de locos\u00bb, que \u00abno hay quien entienda\u00bb.<\/p>\n<p style=\"text-align: justify;\">\u00abNo quiero estar ausente en estos d\u00edas. El mundo est\u00e1 en la fase m\u00e1s interesante y peligrosa de su existencia y yo estoy bastante comprometido con lo que vaya a pasar. Tengo cosas que hacer todav\u00eda\u00bb, como conformar \u00abun movimiento antiguerra nuclear\u00bb, apunt\u00f3.<\/p>\n<p style=\"text-align: justify;\">\u00abTenemos que movilizar al mundo para persuadir a Barack Obama, presidente de Estados Unidos, de que evite la guerra nuclear. \u00c9l es el \u00fanico que puede, o no, oprimir el bot\u00f3n\u00bb, dijo Castro.<\/p>\n<p style=\"text-align: justify;\">Aunque Castro mantiene su cargo como primer secretario del Partido Comunista y el t\u00edtulo de Comandante en Jefe, desde que reapareci\u00f3 no ha tratado p\u00fablicamente temas de pol\u00edtica interna.<\/p>\n<p style=\"text-align: justify;\">\u00a0<\/p>\n<p style=\"text-align: justify;\"><span>\u00a0<\/span><\/p>\n","protected":false},"excerpt":{"rendered":"<p>\u00a0 \u00a0 En una entrevista concedida a una periodista del diario mexicano La Jornada, el l\u00edder cubano Fidel Castro afirm\u00f3 que tiene \u00abcosas que hacer todav\u00eda\u00bb en un mundo que est\u00e1 en la fase \u00abm\u00e1s peligrosa de su existencia\u00bb, tras haber \u00abresucitado\u00bb de la grave enfermedad que casi lo llev\u00f3 a renunciar a la vida. [&hellip;]<\/p>\n","protected":false},"author":1,"featured_media":1126,"comment_status":"open","ping_status":"open","sticky":false,"template":"","format":"standard","meta":{"om_disable_all_campaigns":false,"_monsterinsights_skip_tracking":false,"_monsterinsights_sitenote_active":false,"_monsterinsights_sitenote_note":"","_monsterinsights_sitenote_category":0,"footnotes":""},"categories":[5],"tags":[],"class_list":["post-1123","post","type-post","status-publish","format-standard","has-post-thumbnail","hentry","category-mundo"],"aioseo_notices":[],"_links":{"self":[{"href":"https:\/\/elcronistadigital.com\/index.php?rest_route=\/wp\/v2\/posts\/1123","targetHints":{"allow":["GET"]}}],"collection":[{"href":"https:\/\/elcronistadigital.com\/index.php?rest_route=\/wp\/v2\/posts"}],"about":[{"href":"https:\/\/elcronistadigital.com\/index.php?rest_route=\/wp\/v2\/types\/post"}],"author":[{"embeddable":true,"href":"https:\/\/elcronistadigital.com\/index.php?rest_route=\/wp\/v2\/users\/1"}],"replies":[{"embeddable":true,"href":"https:\/\/elcronistadigital.com\/index.php?rest_route=%2Fwp%2Fv2%2Fcomments&post=1123"}],"version-history":[{"count":5,"href":"https:\/\/elcronistadigital.com\/index.php?rest_route=\/wp\/v2\/posts\/1123\/revisions"}],"predecessor-version":[{"id":1130,"href":"https:\/\/elcronistadigital.com\/index.php?rest_route=\/wp\/v2\/posts\/1123\/revisions\/1130"}],"wp:featuredmedia":[{"embeddable":true,"href":"https:\/\/elcronistadigital.com\/index.php?rest_route=\/wp\/v2\/media\/1126"}],"wp:attachment":[{"href":"https:\/\/elcronistadigital.com\/index.php?rest_route=%2Fwp%2Fv2%2Fmedia&parent=1123"}],"wp:term":[{"taxonomy":"category","embeddable":true,"href":"https:\/\/elcronistadigital.com\/index.php?rest_route=%2Fwp%2Fv2%2Fcategories&post=1123"},{"taxonomy":"post_tag","embeddable":true,"href":"https:\/\/elcronistadigital.com\/index.php?rest_route=%2Fwp%2Fv2%2Ftags&post=1123"}],"curies":[{"name":"wp","href":"https:\/\/api.w.org\/{rel}","templated":true}]}}