{"id":11498,"date":"2012-10-30T17:00:33","date_gmt":"2012-10-30T23:00:33","guid":{"rendered":"http:\/\/elcronistadigital.com\/?p=11498"},"modified":"2012-10-30T17:00:33","modified_gmt":"2012-10-30T23:00:33","slug":"presidente-ma-aboga-por-compartimiento-de-recursos-en-mar-de-china-oriental","status":"publish","type":"post","link":"https:\/\/elcronistadigital.com\/?p=11498","title":{"rendered":"Presidente Ma aboga por compartimiento de recursos en Mar de China Oriental"},"content":{"rendered":"<div id=\"attachment_11499\" style=\"width: 208px\" class=\"wp-caption alignleft\"><a href=\"https:\/\/elcronistadigital.com\/?attachment_id=11499\" rel=\"attachment wp-att-11499\"><img loading=\"lazy\" decoding=\"async\" aria-describedby=\"caption-attachment-11499\" class=\"size-full wp-image-11499\" title=\"Presidente Ma\" src=\"https:\/\/elcronistadigital.com\/wp-content\/uploads\/2012\/10\/Presidente-Ma.jpg\" alt=\"\" width=\"198\" height=\"265\" \/><\/a><p id=\"caption-attachment-11499\" class=\"wp-caption-text\">Presidente Ma Ying-jeou, de Taiw\u00e1n.<\/p><\/div>\n<p>El Presidente de la Rep\u00fablica de China (Taiw\u00e1n), Ma Ying-jeou, abog\u00f3 nuevamente por el compartimiento de los recursos en el Mar de China Oriental, diciendo que esperaba que todas las partes involucradas pudieran accionar como lo hab\u00edan hecho los pa\u00edses europeos que hab\u00edan participado en la exploraci\u00f3n y explotaci\u00f3n conjunta de los recursos depositados en el Mar del Norte de Europa.<\/p>\n<p>El Primer Mandatario hizo tales observaciones en el curso de la audiencia que les concedi\u00f3 en el Palacio Presidencial a todos los miembros de una delegaci\u00f3n parlamentaria del Parlamento Europeo, encabezada por Martin Callanan, presidente del Grupo de los Conservadores y Reformistas Europeos.<\/p>\n<p>El Mandatario les manifest\u00f3 a los distinguidos visitantes europeos que su Administraci\u00f3n continuar\u00eda apegado a todos los procesos y regulaciones estipulados en la Convenci\u00f3n de las Naciones Unidas sobre el Derecho del Mar, buscando resolver de una manera pac\u00edfica las disputas aparecidas en la regi\u00f3n.<\/p>\n<p>El Presidente Ma expres\u00f3 su satisfacci\u00f3n de ver que tanto Callanan como la alta representante de la Uni\u00f3n Europea para los Asuntos Exteriores y Pol\u00edtica de Seguridad, Sra. Catherine Ashton, hab\u00edan manifestado su apoyo p\u00fablicamente a la Iniciativa de Paz en el Mar de China Oriental que \u00e9l mismo propuso el 5 de agosto pasado para buscar resolver las disputas territoriales sobre las Islas Diaoyutai, un archipi\u00e9lago localizado en dicha regi\u00f3n.<\/p>\n<p>En su propuesta de paz, el presidente Ma urgi\u00f3 a todas las partes involucradas a abstenerse de tomar cualesquier acciones antag\u00f3nicas, a dejar a un lado todas las diferencias, a sostener los di\u00e1logos al respecto, a cooperar para formular un c\u00f3digo de conducta, para buscar resolver todas las disputas sobre las Diaoyutais en conformidad con los derechos internacionales, as\u00ed como para explorar y explotar mancomunadamente los recursos en la regi\u00f3n en disputa.<\/p>\n<p>Las Diaoyutais, conocidas en Jap\u00f3n como las Islas Senkaku, est\u00e1n situadas a unas 100 millas n\u00e1uticas del pico nordeste de Taiw\u00e1n. Adem\u00e1s de Taiw\u00e1n, tanto Jap\u00f3n como China continental tambi\u00e9n han reclamado por muchos a\u00f1os su soberan\u00eda sobre estas islas actualmente deshabitadas.<\/p>\n<p>En otro aspecto, el Presidente Ma subray\u00f3 que su Administraci\u00f3n hab\u00eda estado tratando de buscar mejorar las relaciones entre los dos lados del Estrecho de Taiw\u00e1n desde su asunci\u00f3n a la presidencia de la Rep\u00fablica en el a\u00f1o 2008, asimismo los lazos internacionales del pa\u00eds, contando con las pol\u00edticas al respecto que hab\u00edan recibido un amplio apoyo ampliamente por parte del Parlamento Europeo.<\/p>\n<p>El Mandatario aprovech\u00f3 la ocasi\u00f3n para expresarle su sincero agradecimiento al Parlamento Europeo por su valioso apoyo brindado a la participaci\u00f3n de Taiw\u00e1n en las actividades internacionales, asimismo a la firma de un acuerdo de cooperaci\u00f3n econ\u00f3mica entre Taiw\u00e1n y la UE.<\/p>\n","protected":false},"excerpt":{"rendered":"<p>El Presidente de la Rep\u00fablica de China (Taiw\u00e1n), Ma Ying-jeou, abog\u00f3 nuevamente por el compartimiento de los recursos en el Mar de China Oriental, diciendo que esperaba que todas las partes involucradas pudieran accionar como lo hab\u00edan hecho los pa\u00edses europeos que hab\u00edan participado en la exploraci\u00f3n y explotaci\u00f3n conjunta de los recursos depositados en [&hellip;]<\/p>\n","protected":false},"author":1,"featured_media":11499,"comment_status":"open","ping_status":"open","sticky":false,"template":"","format":"standard","meta":{"om_disable_all_campaigns":false,"_monsterinsights_skip_tracking":false,"_monsterinsights_sitenote_active":false,"_monsterinsights_sitenote_note":"","_monsterinsights_sitenote_category":0,"footnotes":""},"categories":[15],"tags":[660,494],"class_list":["post-11498","post","type-post","status-publish","format-standard","has-post-thumbnail","hentry","category-politca","tag-china-y-taiwan","tag-presidente-ma"],"aioseo_notices":[],"_links":{"self":[{"href":"https:\/\/elcronistadigital.com\/index.php?rest_route=\/wp\/v2\/posts\/11498","targetHints":{"allow":["GET"]}}],"collection":[{"href":"https:\/\/elcronistadigital.com\/index.php?rest_route=\/wp\/v2\/posts"}],"about":[{"href":"https:\/\/elcronistadigital.com\/index.php?rest_route=\/wp\/v2\/types\/post"}],"author":[{"embeddable":true,"href":"https:\/\/elcronistadigital.com\/index.php?rest_route=\/wp\/v2\/users\/1"}],"replies":[{"embeddable":true,"href":"https:\/\/elcronistadigital.com\/index.php?rest_route=%2Fwp%2Fv2%2Fcomments&post=11498"}],"version-history":[{"count":3,"href":"https:\/\/elcronistadigital.com\/index.php?rest_route=\/wp\/v2\/posts\/11498\/revisions"}],"predecessor-version":[{"id":11502,"href":"https:\/\/elcronistadigital.com\/index.php?rest_route=\/wp\/v2\/posts\/11498\/revisions\/11502"}],"wp:featuredmedia":[{"embeddable":true,"href":"https:\/\/elcronistadigital.com\/index.php?rest_route=\/wp\/v2\/media\/11499"}],"wp:attachment":[{"href":"https:\/\/elcronistadigital.com\/index.php?rest_route=%2Fwp%2Fv2%2Fmedia&parent=11498"}],"wp:term":[{"taxonomy":"category","embeddable":true,"href":"https:\/\/elcronistadigital.com\/index.php?rest_route=%2Fwp%2Fv2%2Fcategories&post=11498"},{"taxonomy":"post_tag","embeddable":true,"href":"https:\/\/elcronistadigital.com\/index.php?rest_route=%2Fwp%2Fv2%2Ftags&post=11498"}],"curies":[{"name":"wp","href":"https:\/\/api.w.org\/{rel}","templated":true}]}}