{"id":119,"date":"2010-05-15T19:04:07","date_gmt":"2010-05-15T19:04:07","guid":{"rendered":"http:\/\/elcronistadigital.com\/?p=119"},"modified":"2011-06-01T19:05:11","modified_gmt":"2011-06-01T19:05:11","slug":"sembraran-600-mil-plantas-de-madera-preciosa","status":"publish","type":"post","link":"https:\/\/elcronistadigital.com\/?p=119","title":{"rendered":"Sembrar\u00e1n 600 mil plantas de madera preciosa"},"content":{"rendered":"<p>\u00a0<\/p>\n<div>\n<p style=\"text-align: justify;\">La empresa minera Hemco reforestar\u00e1 500 hect\u00e1reas con maderas preciosas.<\/p>\n<\/div>\n<p style=\"text-align: justify;\">Con la meta de sembrar 500 hect\u00e1reas con 600 mil plantas de maderas preciosas, la empresa Hemco, con operaciones en Bonanza, realiz\u00f3 esta semana el lanzamiento de su Campa\u00f1a de Reforestaci\u00f3n 2010, que\u00a0 establece \u00e1reas de conectividad al corredor biol\u00f3gico local para protecci\u00f3n de la biodiversidad de la zona.<\/p>\n<p style=\"text-align: justify;\">\u00a0<\/p>\n<p style=\"text-align: justify;\">La inauguraci\u00f3n de la campa\u00f1a cont\u00f3 con la presencia de delegados del Gobierno Central y Regional, Ministerio de Recursos Naturales y del Ambiente, (MARENA), alcald\u00edas de Rosita, Siuna y Bonanza, Instituto Nacional Forestal (INAFOR) y de 80 estudiantes de la carrera de Ingenier\u00eda Agroforestal de Bluefields Indigenous and Caribbean University (BICU).<\/p>\n<p style=\"text-align: justify;\">\u00a0Esta actividad se enmarca en el Proyecto Forestal \u201cJavier Chamorro Mora\u201d de Hemco, una de las iniciativas ambientales m\u00e1s importantes de la Costa Caribe, que plantea la obtenci\u00f3n, procesamiento y transformaci\u00f3n de productos maderables y servicios ambientales con criterios de sostenibilidad ambiental y responsabilidad social.<\/p>\n<p style=\"text-align: justify;\">El impulso del proyecto se realiza en estrecha coordinaci\u00f3n con el MARENA SETAB, el Instituto Nacional Forestal (INAFOR), la Secretar\u00eda de Recursos Naturales (SERENA) y la Alcald\u00eda de Bonanza.<\/p>\n<p style=\"text-align: justify;\">Enorme inversi\u00f3n<\/p>\n<p style=\"text-align: justify;\">\u00a0La inversi\u00f3n del proyecto es de 53 millones de d\u00f3lares con un horizonte proyectado de 20 a\u00f1os y su meta es el establecimiento de 10 mil hect\u00e1reas de plantaciones forestales y sistemas agroforestales y un \u00e1rea adicional de 1,500 hect\u00e1reas para corredores biol\u00f3gicos locales en la zona de amortiguamiento de la Reserva de la Bi\u00f3sfera Bosawas.<\/p>\n<p style=\"text-align: justify;\">\u201cLa meta es que en 20 a\u00f1os el valor de las exportaciones anuales del proyecto, originadas del aprovechamiento sostenible de 500 hect\u00e1reas por a\u00f1o, equivalentes a 120 mil m3 de madera de alto valor, ser\u00e1n iguales a las que produce la mina actualmente, lo que generar\u00e1 otros valores agregados como las numerosas oportunidades de empleo calificado y capacitaci\u00f3n de personal\u201d, explic\u00f3 R\u00f3ger Rom\u00e1n, gerente del Programa Forestal de Hemco.<\/p>\n<p style=\"text-align: justify;\">El programa forestal es una de las acciones principales de Hemco en su pol\u00edtica de apoyo ambiental. \u201cLa miner\u00eda moderna, social y ambientalmente responsable no puede \u00fanicamente impulsar acciones para no contaminar y afectar el medio ambiente, hacer proyectos para la comunidad o brindar beneficios a sus trabajadores y socios comerciales.<\/p>\n<p style=\"text-align: justify;\">\u201cDebe ir m\u00e1s all\u00e1 al desarrollar proyectos forestales, de energ\u00eda limpia, de desarrollo integral de la comunidad y de apoyo real a socios comerciales como la peque\u00f1a miner\u00eda. As\u00ed lo entendemos en Hemco\u201d, dijo por su parte Alejo Oliva, gerente general de Hemco, durante el acto de inauguraci\u00f3n de esta campa\u00f1a.<\/p>\n<p style=\"text-align: justify;\">Salvar especies de la extinci\u00f3n<\/p>\n<p style=\"text-align: justify;\">\u00a0La campa\u00f1a de reforestaci\u00f3n plantea la reintroducci\u00f3n de especies nativas desaparecidas en el municipio de Bonanza como el pino del Caribe y la caoba, la cual se encuentra en categor\u00eda de especie en amenaza de extinci\u00f3n. Hemco cuenta con las plantaciones de caoba m\u00e1s grandes de Nicaragua, con una extensi\u00f3n de 340 hect\u00e1reas.<\/p>\n<p style=\"text-align: justify;\">\u00a0La implementaci\u00f3n de este programa y el impulso de sus campa\u00f1as de reforestaci\u00f3n han permitido un apoyo sustancial a la Cruzada Nacional de Reforestaci\u00f3n del INAFOR y que tiene como meta el establecimiento de 14 mil hect\u00e1reas por a\u00f1o. En el 2009 Hemco don\u00f3 224 mil arbolitos de especies varias, lo que convierte a esta empresa en uno de los principales donadores de plantas a nivel nacional.<\/p>\n<p style=\"text-align: justify;\">HEMCO es una compa\u00f1\u00eda dedicada a la exploraci\u00f3n y explotaci\u00f3n minera, a la generaci\u00f3n de energ\u00eda hidroel\u00e9ctrica y al establecimiento de plantaciones forestales. Tiene presencia en Bonanza, Regi\u00f3n Aut\u00f3noma del Atl\u00e1ntico Norte (RAAN) de Nicaragua.<\/p>\n","protected":false},"excerpt":{"rendered":"<p>\u00a0 La empresa minera Hemco reforestar\u00e1 500 hect\u00e1reas con maderas preciosas. Con la meta de sembrar 500 hect\u00e1reas con 600 mil plantas de maderas preciosas, la empresa Hemco, con operaciones en Bonanza, realiz\u00f3 esta semana el lanzamiento de su Campa\u00f1a de Reforestaci\u00f3n 2010, que\u00a0 establece \u00e1reas de conectividad al corredor biol\u00f3gico local para protecci\u00f3n de [&hellip;]<\/p>\n","protected":false},"author":1,"featured_media":0,"comment_status":"open","ping_status":"open","sticky":false,"template":"","format":"standard","meta":{"om_disable_all_campaigns":false,"_monsterinsights_skip_tracking":false,"_monsterinsights_sitenote_active":false,"_monsterinsights_sitenote_note":"","_monsterinsights_sitenote_category":0,"footnotes":""},"categories":[3],"tags":[],"class_list":["post-119","post","type-post","status-publish","format-standard","hentry","category-nacionales"],"aioseo_notices":[],"_links":{"self":[{"href":"https:\/\/elcronistadigital.com\/index.php?rest_route=\/wp\/v2\/posts\/119","targetHints":{"allow":["GET"]}}],"collection":[{"href":"https:\/\/elcronistadigital.com\/index.php?rest_route=\/wp\/v2\/posts"}],"about":[{"href":"https:\/\/elcronistadigital.com\/index.php?rest_route=\/wp\/v2\/types\/post"}],"author":[{"embeddable":true,"href":"https:\/\/elcronistadigital.com\/index.php?rest_route=\/wp\/v2\/users\/1"}],"replies":[{"embeddable":true,"href":"https:\/\/elcronistadigital.com\/index.php?rest_route=%2Fwp%2Fv2%2Fcomments&post=119"}],"version-history":[{"count":3,"href":"https:\/\/elcronistadigital.com\/index.php?rest_route=\/wp\/v2\/posts\/119\/revisions"}],"predecessor-version":[{"id":121,"href":"https:\/\/elcronistadigital.com\/index.php?rest_route=\/wp\/v2\/posts\/119\/revisions\/121"}],"wp:attachment":[{"href":"https:\/\/elcronistadigital.com\/index.php?rest_route=%2Fwp%2Fv2%2Fmedia&parent=119"}],"wp:term":[{"taxonomy":"category","embeddable":true,"href":"https:\/\/elcronistadigital.com\/index.php?rest_route=%2Fwp%2Fv2%2Fcategories&post=119"},{"taxonomy":"post_tag","embeddable":true,"href":"https:\/\/elcronistadigital.com\/index.php?rest_route=%2Fwp%2Fv2%2Ftags&post=119"}],"curies":[{"name":"wp","href":"https:\/\/api.w.org\/{rel}","templated":true}]}}