{"id":12168,"date":"2012-11-28T17:47:13","date_gmt":"2012-11-28T23:47:13","guid":{"rendered":"http:\/\/elcronistadigital.com\/?p=12168"},"modified":"2012-11-28T17:47:13","modified_gmt":"2012-11-28T23:47:13","slug":"uso-mi-voz-contra-el-maltrato-infantil","status":"publish","type":"post","link":"https:\/\/elcronistadigital.com\/?p=12168","title":{"rendered":"\u201cUso mi voz contra el maltrato infantil\u201d"},"content":{"rendered":"<p><a href=\"https:\/\/elcronistadigital.com\/?attachment_id=12169\" rel=\"attachment wp-att-12169\"><img loading=\"lazy\" decoding=\"async\" class=\"alignleft size-medium wp-image-12169\" title=\"Campa\u00f1a Uso mi voz contra el maltrato infantil- Granada- Visi\u00f3n Mundial.-J\u00f3venes y Adolescentesjpg\" src=\"https:\/\/elcronistadigital.com\/wp-content\/uploads\/2012\/11\/Campa\u00f1a-Uso-mi-voz-contra-el-maltrato-infantil-Granada-Visi\u00f3n-Mundial.-J\u00f3venes-y-Adolescentesjpg-300x200.jpg\" alt=\"\" width=\"300\" height=\"200\" srcset=\"https:\/\/elcronistadigital.com\/wp-content\/uploads\/2012\/11\/Campa\u00f1a-Uso-mi-voz-contra-el-maltrato-infantil-Granada-Visi\u00f3n-Mundial.-J\u00f3venes-y-Adolescentesjpg-300x200.jpg 300w, https:\/\/elcronistadigital.com\/wp-content\/uploads\/2012\/11\/Campa\u00f1a-Uso-mi-voz-contra-el-maltrato-infantil-Granada-Visi\u00f3n-Mundial.-J\u00f3venes-y-Adolescentesjpg-342x228.jpg 342w, https:\/\/elcronistadigital.com\/wp-content\/uploads\/2012\/11\/Campa\u00f1a-Uso-mi-voz-contra-el-maltrato-infantil-Granada-Visi\u00f3n-Mundial.-J\u00f3venes-y-Adolescentesjpg.jpg 640w\" sizes=\"auto, (max-width: 300px) 100vw, 300px\" \/><\/a>Con el objetivo de sensibilizar a la poblaci\u00f3n sobre la importancia de prevenir el maltrato infantil, adolescentes y j\u00f3venes de nueve departamentos del pa\u00eds iniciaron en Granada la campa\u00f1a: \u201cUso mi voz contra el maltrato infantil\u201d.<\/p>\n<p>La campa\u00f1a, promovida por la organizaci\u00f3n cristiana humanitaria Visi\u00f3n Mundial Nicaragua, incluye una serie de acciones que se desarrollaron este martes 27 de noviembre en diversos puntos de la ciudad de Granada y en las cuales los adolescentes y j\u00f3venes son los principales protagonistas.<\/p>\n<p>\u201cCon esta campa\u00f1a queremos que las ni\u00f1as y ni\u00f1os tengan una vida tranquila, que reconozcan sus derechos y que los adultos y los padres de familia se involucren para defenderlos y no para agredirlos. Queremos que tengan conciencia del da\u00f1o que causan cuando maltratan, cuando guardan silencio, cuando no intervienen o no denuncian que un ni\u00f1o sufre violencia\u201d, expres\u00f3 Nurys L\u00f3pez, joven originaria de la comunidad de Las Canoas, en el municipio de Tipitapa y una de las l\u00edderes protagonistas de esta campa\u00f1a.<\/p>\n<p>La campa\u00f1a \u201cUso mi voz contra el maltrato infantil\u201d inici\u00f3 con la jornada de sensibilizaci\u00f3n \u201cPromovamos el buen trato hacia los ni\u00f1os y ni\u00f1as\u201d y un Festival Art\u00edstico Cultural \u201cJuntando esfuerzos y voluntades por la protecci\u00f3n de la ni\u00f1ez\u201d, en diversos puntos de la ciudad de Granada. En ambas actividades participaron activamente adolescentes y j\u00f3venes de diversos departamentos del pa\u00eds.<\/p>\n<p>Otra de las actividades organizadas fue el panel: \u201cJuventudes alzan sus voces por la protecci\u00f3n de la ni\u00f1ez\u201d, en el cual se abordaron temas sobre la violencia en el contexto latinoamericano, enfoc\u00e1ndose en la perspectiva desde la adolescencia y juventud; an\u00e1lisis situacional de la violencia en el \u00e1mbito nicarag\u00fcense y, espec\u00edficamente, en Granada, porque al ser \u00e9sta una ciudad tur\u00edstica es m\u00e1s vulnerable a la trata de personas y al comercio sexual. Adem\u00e1s, se abord\u00f3 el rol de adolescentes y j\u00f3venes frente a la violencia.<\/p>\n<p>En el panel participaron adolescentes y j\u00f3venes de diversos departamentos del pa\u00eds y voluntarios de la UPOLI y de la UNAN Managua. Como invitados especiales en este evento se cont\u00f3 con la presencia de funcionarios de Visi\u00f3n Mundial Internacional procedentes de los cinco continentes, autoridades municipales y funcionarios del Ministerio de la Familia, Ministerio de Salud y Ministerio de Educaci\u00f3n.<\/p>\n<p>Las actividades de este 27 de noviembre fueron el inicio de toda una serie de acciones de sensibilizaci\u00f3n que desarrollar\u00e1n los j\u00f3venes y adolescentes durante todo el a\u00f1o con el acompa\u00f1amiento de Visi\u00f3n Mundial Nicaragua.<\/p>\n<p>\u201cLa campa\u00f1a Uso mi voz contra el maltrato infantil, tiene como meta alcanzar que el 75% de los hombres, mujeres, profesores y comunidad en general, intervengan en defensa de los derechos de los ni\u00f1os, ni\u00f1as y adolescentes cuando sean v\u00edctimas de violencia f\u00edsica y psicol\u00f3gica de parte de sus progenitores o familiares adultos\u201d, se\u00f1al\u00f3 Mar\u00eda Hayd\u00e9e Pereira, Directora Nacional de Visi\u00f3n Mundial Nicaragua.<\/p>\n<p>Esta meta se defini\u00f3 despu\u00e9s de que Visi\u00f3n Mundial Nicaragua realizara un estudio sobre violencia en comunidades urbanas y rurales de Nicaragua, en el que se identific\u00f3 que un 60% de los adultos y j\u00f3venes encuestados en 19 municipios, no estar\u00eda dispuesto a intervenir ante el maltrato infantil. S\u00f3lo un 38% alzar\u00eda su voz. En este sentido, el fin de la campa\u00f1a es lograr incidir y concientizar a la poblaci\u00f3n para lograr un cambio de conducta frente a la violencia infantil.<\/p>\n","protected":false},"excerpt":{"rendered":"<p>Con el objetivo de sensibilizar a la poblaci\u00f3n sobre la importancia de prevenir el maltrato infantil, adolescentes y j\u00f3venes de nueve departamentos del pa\u00eds iniciaron en Granada la campa\u00f1a: \u201cUso mi voz contra el maltrato infantil\u201d. La campa\u00f1a, promovida por la organizaci\u00f3n cristiana humanitaria Visi\u00f3n Mundial Nicaragua, incluye una serie de acciones que se desarrollaron [&hellip;]<\/p>\n","protected":false},"author":1,"featured_media":12169,"comment_status":"open","ping_status":"open","sticky":false,"template":"","format":"standard","meta":{"om_disable_all_campaigns":false,"_monsterinsights_skip_tracking":false,"_monsterinsights_sitenote_active":false,"_monsterinsights_sitenote_note":"","_monsterinsights_sitenote_category":0,"footnotes":""},"categories":[3],"tags":[849],"class_list":["post-12168","post","type-post","status-publish","format-standard","has-post-thumbnail","hentry","category-nacionales","tag-maltrato-infantil"],"aioseo_notices":[],"_links":{"self":[{"href":"https:\/\/elcronistadigital.com\/index.php?rest_route=\/wp\/v2\/posts\/12168","targetHints":{"allow":["GET"]}}],"collection":[{"href":"https:\/\/elcronistadigital.com\/index.php?rest_route=\/wp\/v2\/posts"}],"about":[{"href":"https:\/\/elcronistadigital.com\/index.php?rest_route=\/wp\/v2\/types\/post"}],"author":[{"embeddable":true,"href":"https:\/\/elcronistadigital.com\/index.php?rest_route=\/wp\/v2\/users\/1"}],"replies":[{"embeddable":true,"href":"https:\/\/elcronistadigital.com\/index.php?rest_route=%2Fwp%2Fv2%2Fcomments&post=12168"}],"version-history":[{"count":3,"href":"https:\/\/elcronistadigital.com\/index.php?rest_route=\/wp\/v2\/posts\/12168\/revisions"}],"predecessor-version":[{"id":12172,"href":"https:\/\/elcronistadigital.com\/index.php?rest_route=\/wp\/v2\/posts\/12168\/revisions\/12172"}],"wp:featuredmedia":[{"embeddable":true,"href":"https:\/\/elcronistadigital.com\/index.php?rest_route=\/wp\/v2\/media\/12169"}],"wp:attachment":[{"href":"https:\/\/elcronistadigital.com\/index.php?rest_route=%2Fwp%2Fv2%2Fmedia&parent=12168"}],"wp:term":[{"taxonomy":"category","embeddable":true,"href":"https:\/\/elcronistadigital.com\/index.php?rest_route=%2Fwp%2Fv2%2Fcategories&post=12168"},{"taxonomy":"post_tag","embeddable":true,"href":"https:\/\/elcronistadigital.com\/index.php?rest_route=%2Fwp%2Fv2%2Ftags&post=12168"}],"curies":[{"name":"wp","href":"https:\/\/api.w.org\/{rel}","templated":true}]}}