{"id":12175,"date":"2012-11-29T15:24:56","date_gmt":"2012-11-29T21:24:56","guid":{"rendered":"http:\/\/elcronistadigital.com\/?p=12175"},"modified":"2012-11-29T15:26:47","modified_gmt":"2012-11-29T21:26:47","slug":"santos-de-perdona-vidas","status":"publish","type":"post","link":"https:\/\/elcronistadigital.com\/?p=12175","title":{"rendered":"Santos de \u201cperdona vidas\u201d"},"content":{"rendered":"<div id=\"attachment_12176\" style=\"width: 310px\" class=\"wp-caption alignleft\"><a href=\"https:\/\/elcronistadigital.com\/?attachment_id=12176\" rel=\"attachment wp-att-12176\"><img loading=\"lazy\" decoding=\"async\" aria-describedby=\"caption-attachment-12176\" class=\"size-full wp-image-12176\" title=\"Juan Manuel Santos\" src=\"https:\/\/elcronistadigital.com\/wp-content\/uploads\/2012\/11\/Juan-Manuel-Santos1.jpg\" alt=\"\" width=\"300\" height=\"200\" \/><\/a><p id=\"caption-attachment-12176\" class=\"wp-caption-text\">Juan Manuel Santos, presidente de Colombia.<\/p><\/div>\n<p>El presidente colombiano, Juan Manuel Santos, asegur\u00f3 este jueves que ser\u00e1 respetuoso y no insultar\u00e1 a su hom\u00f3logo nicarag\u00fcense, Daniel Ortega, pero advirti\u00f3 de que actuar\u00e1 \u00abcon toda la firmeza\u00bb en el caso de los nuevos l\u00edmites mar\u00edtimos acordados por la Corte Internacional de Justicia (CIJ).<\/p>\n<p>\u00abNo voy a estar insultando yo al presidente Ortega ni a nadie, pero vamos a estar actuando con toda la firmeza y con toda la determinaci\u00f3n frente al fallo de la CIJ, para que ning\u00fan derecho de los colombianos sea vulnerado\u00bb, afirm\u00f3 Santos un d\u00eda despu\u00e9s de anunciar la retirada de Colombia del Pacto de Bogot\u00e1, que reconoce la jurisdicci\u00f3n de ese tribunal de la ONU.<\/p>\n<p>\u00abTendr\u00e9 mano de hierro pero guante de seda, no gritando, no siendo agresivo, pero siendo contundente\u00bb, enfatiz\u00f3 sobre los pasos que seguir\u00e1 su gobierno tras conocerse una sentencia que su Gobierno y la mayor\u00eda de los colombianos consideran injusta.<\/p>\n<p>Adem\u00e1s afirm\u00f3 que recurrir\u00e1 a todos los mecanismos a su alcance para que el fallo, por el que se otorg\u00f3 a Nicaragua una gran \u00e1rea marina que rodea al archipi\u00e9lago colombiano de San Andr\u00e9s, no vulnere los derechos del pa\u00eds.<\/p>\n<p>\u00abTengan la seguridad, todos los colombianos, que seguiremos usando todos los recursos que tenemos en todas las instancias para que este fallo de la Corte no vulnere ninguno de nuestros derechos. Lo vamos a hacer de forma prudente\u00bb, agreg\u00f3 el mandatario.<\/p>\n<p>El pasado 19 de noviembre la CIJ otorg\u00f3 a Colombia la soberan\u00eda sobre siete cayos que rodean a las islas mayores de San Andr\u00e9s, Santa Catalina y Providencia, y dej\u00f3 en manos de Nicaragua m\u00e1s de 70.000 kil\u00f3metros cuadrados del Caribe Occidental, una zona rica en pesca y otros recursos naturales.<\/p>\n<p>El mandatario se pronunci\u00f3 en estos t\u00e9rminos en el municipio de Apartad\u00f3 (Antioquia), donde present\u00f3 un proyecto de desarroll\u00f3 para la regi\u00f3n del Urab\u00e1, en el noroeste del pa\u00eds.<\/p>\n<p>Santos reconoci\u00f3 estar \u00abmuy dolido y golpeado\u00bb por el fallo de la CIJ, pero anim\u00f3 a sus compatriotas a \u00absalir adelante\u00bb.<\/p>\n<p>Por esta sentencia, Colombia ha perdido una gran franja de mar en el Caribe y en consecuencia ha modificado sus fronteras con otros pa\u00edses, como Costa Rica y Jamaica, lo que llev\u00f3 al presidente a denunciar el Pacto de Bogot\u00e1 y retirarse de ese mecanismo.<\/p>\n","protected":false},"excerpt":{"rendered":"<p>El presidente colombiano, Juan Manuel Santos, asegur\u00f3 este jueves que ser\u00e1 respetuoso y no insultar\u00e1 a su hom\u00f3logo nicarag\u00fcense, Daniel Ortega, pero advirti\u00f3 de que actuar\u00e1 \u00abcon toda la firmeza\u00bb en el caso de los nuevos l\u00edmites mar\u00edtimos acordados por la Corte Internacional de Justicia (CIJ). \u00abNo voy a estar insultando yo al presidente Ortega [&hellip;]<\/p>\n","protected":false},"author":1,"featured_media":12176,"comment_status":"open","ping_status":"open","sticky":false,"template":"","format":"standard","meta":{"om_disable_all_campaigns":false,"_monsterinsights_skip_tracking":false,"_monsterinsights_sitenote_active":false,"_monsterinsights_sitenote_note":"","_monsterinsights_sitenote_category":0,"footnotes":""},"categories":[3,13],"tags":[852,850,851],"class_list":["post-12175","post","type-post","status-publish","format-standard","has-post-thumbnail","hentry","category-nacionales","category-portada","tag-presidente-de-colombia","tag-presidente-santos","tag-santos"],"aioseo_notices":[],"_links":{"self":[{"href":"https:\/\/elcronistadigital.com\/index.php?rest_route=\/wp\/v2\/posts\/12175","targetHints":{"allow":["GET"]}}],"collection":[{"href":"https:\/\/elcronistadigital.com\/index.php?rest_route=\/wp\/v2\/posts"}],"about":[{"href":"https:\/\/elcronistadigital.com\/index.php?rest_route=\/wp\/v2\/types\/post"}],"author":[{"embeddable":true,"href":"https:\/\/elcronistadigital.com\/index.php?rest_route=\/wp\/v2\/users\/1"}],"replies":[{"embeddable":true,"href":"https:\/\/elcronistadigital.com\/index.php?rest_route=%2Fwp%2Fv2%2Fcomments&post=12175"}],"version-history":[{"count":5,"href":"https:\/\/elcronistadigital.com\/index.php?rest_route=\/wp\/v2\/posts\/12175\/revisions"}],"predecessor-version":[{"id":12179,"href":"https:\/\/elcronistadigital.com\/index.php?rest_route=\/wp\/v2\/posts\/12175\/revisions\/12179"}],"wp:featuredmedia":[{"embeddable":true,"href":"https:\/\/elcronistadigital.com\/index.php?rest_route=\/wp\/v2\/media\/12176"}],"wp:attachment":[{"href":"https:\/\/elcronistadigital.com\/index.php?rest_route=%2Fwp%2Fv2%2Fmedia&parent=12175"}],"wp:term":[{"taxonomy":"category","embeddable":true,"href":"https:\/\/elcronistadigital.com\/index.php?rest_route=%2Fwp%2Fv2%2Fcategories&post=12175"},{"taxonomy":"post_tag","embeddable":true,"href":"https:\/\/elcronistadigital.com\/index.php?rest_route=%2Fwp%2Fv2%2Ftags&post=12175"}],"curies":[{"name":"wp","href":"https:\/\/api.w.org\/{rel}","templated":true}]}}