{"id":12196,"date":"2012-11-29T16:33:49","date_gmt":"2012-11-29T22:33:49","guid":{"rendered":"http:\/\/elcronistadigital.com\/?p=12196"},"modified":"2012-11-29T16:33:49","modified_gmt":"2012-11-29T22:33:49","slug":"dignos-herederos-de-pablo-escobar","status":"publish","type":"post","link":"https:\/\/elcronistadigital.com\/?p=12196","title":{"rendered":"Dignos herederos de Pablo Escobar"},"content":{"rendered":"<p><a href=\"https:\/\/elcronistadigital.com\/?attachment_id=12197\" rel=\"attachment wp-att-12197\"><img loading=\"lazy\" decoding=\"async\" class=\"alignleft size-medium wp-image-12197\" title=\"mapa nuevo\" src=\"https:\/\/elcronistadigital.com\/wp-content\/uploads\/2012\/11\/mapa-nuevo1-300x205.jpg\" alt=\"\" width=\"300\" height=\"205\" srcset=\"https:\/\/elcronistadigital.com\/wp-content\/uploads\/2012\/11\/mapa-nuevo1-300x205.jpg 300w, https:\/\/elcronistadigital.com\/wp-content\/uploads\/2012\/11\/mapa-nuevo1-342x234.jpg 342w, https:\/\/elcronistadigital.com\/wp-content\/uploads\/2012\/11\/mapa-nuevo1.jpg 500w\" sizes=\"auto, (max-width: 300px) 100vw, 300px\" \/><\/a>Redacci\u00f3n | El Cronista Digital<\/p>\n<p>Colombia nos quiere enredar con sofismas y juegos de palabras. Esa ha sido su actitud desde que la Corte Internacional de Justicia de La Haya fall\u00f3 en su contra y regres\u00f3 a Nicaragua gran parte de su mar territorial el pasado 19 de noviembre.<\/p>\n<p>No se trata de una t\u00e1ctica inteligente que vaya a enmara\u00f1ar al adversario, es un pa\u00eds cuyos funcionarios se deshicieron de la decencia y caminan ahora por la senda oscura del delincuente com\u00fan.<\/p>\n<p>\u00bfEn qu\u00e9 se diferencia la clase gobernante colombiana de los narcotraficantes que aseguran perseguir? En nada. Ambos est\u00e1n al margen de las leyes y ninguno es confiable.<\/p>\n<p>El gobierno de Bogot\u00e1 salt\u00f3 de j\u00fabilo cuando en 2007 la CIJ ratific\u00f3 su soberan\u00eda sobre la isla de San Andr\u00e9s y dos islotes m\u00e1s. Fueron por m\u00e1s lana y resultaron trasquilados. El acto de justicia de la Corte Internacional afect\u00f3 sus reservas morales, si es que alguna vez las tuvieron.<\/p>\n<p>Ahora act\u00faan como salteadores de caminos, como dignos \u00e9mulos de los delincuentes que persiguen. Son los valores de Pablo Escobar los que est\u00e1n sobresaliendo en un gobierno que de repente qued\u00f3 en poder de Al\u00ed Bab\u00e1 y los cuarenta ladrones.<\/p>\n<p>La desverg\u00fcenza es total, al punto de que Santos y su pandilla han hablado de sus delitos en p\u00fablico y han hecho c\u00f3mplices a gran parte de los colombianos.<\/p>\n<p>El analista Vicente Torrijos calific\u00f3 la movida como \u00abun acto liberador y un cambio de actitud que va a llevar a que Colombia conf\u00ede m\u00e1s en la diplomacia\u00bb y confirm\u00f3 que su pa\u00eds examina la relaci\u00f3n que pueda seguir lig\u00e1ndolo con la Corte de La Haya, por v\u00eda de otros tratados.<\/p>\n<p>\u00abEsta decisi\u00f3n va de la mano del siguiente paso que, a mi juicio, deber\u00eda ser desconocer el fallo -sin necesidad de decirlo-, con el fin de, si fuera del caso, ir al Consejo de Seguridad de la ONU para iniciar negociaciones en el juego de alianzas y balances de poder\u00bb, agreg\u00f3 el \u201canalista\u201d Vicente Torrijos.<\/p>\n<p>Ejecutada la acci\u00f3n delictiva, el trabajo queda ahora en manos de los c\u00f3mplices en forma de medios de comunicaci\u00f3n que vienen mintiendo a la opini\u00f3n p\u00fablica desde hace meses cuando intentaron influir en la decisi\u00f3n de la Corte Internacional haci\u00e9ndola creer que Colombia ejerc\u00eda soberan\u00eda en cada una de las islas de San Andr\u00e9s.<\/p>\n<p>Ha sido grande la inversi\u00f3n econ\u00f3mica que result\u00f3 infructuosa y m\u00e1s grande a\u00fan es el costo pol\u00edtico para Juan Manuel Santos, quien pese a su acto patriotero dif\u00edcilmente podr\u00e1 reelegirse para un pr\u00f3ximo periodo debido a que la suerte est\u00e1 echada para los colombianos, el ganador es Nicaragua.<\/p>\n<p>Al renunciar a la jurisdicci\u00f3n de la Corte, Colombia se lanza al escenario internacional como el v\u00e1ndalo del vecindario que impone sus propias leyes aplicando su fuerza y su violencia. Nos amenazan, aborrecen de La Haya y se convierten en una naci\u00f3n que pretende fijar sus fronteras utilizando la fuerza.<\/p>\n<p>Los medios de comunicaci\u00f3n repiten en coro que \u201csiguiendo el principio\u201d de que los l\u00edmites entre los Estados deben fijarlos los propios Estados, y no una corte, fue que Colombia decidi\u00f3 retirarse del Pacto de Bogot\u00e1, que la ataba a la jurisdicci\u00f3n de la Corte Internacional de Justicia de la Haya (CIJ), la misma que la semana pasada le quit\u00f3 al pa\u00eds una porci\u00f3n de su mar para entreg\u00e1rsela a Nicaragua.<\/p>\n<p>Seg\u00fan el diario El Tiempo, sus \u201canalistas\u201d calificaron el hecho como una decisi\u00f3n \u00abjur\u00eddicamente v\u00e1lida\u00bb y audaz que le permitir\u00eda a Colombia liberarse de \u00abataduras\u00bb que le imped\u00edan defender sus intereses.<\/p>\n<p>En cualquier otra parte que no sea la patria de Pablo Escobar, lo anterior se llama apolog\u00eda del delito.<\/p>\n<p>Para Ricardo Abello, profesor y experto en derecho internacional, la denuncia \u00abes una posici\u00f3n jur\u00eddica v\u00e1lida en derecho internacional\u00bb.<\/p>\n<p>Si bien la Corte puede mantener su competencia para determinados casos, pues Colombia ha suscrito y ratificado tratados sobre temas como drogas y sustancias sicotr\u00f3picas, esta movida de Colombia, agrega Abello, \u00abfrena la competencia de la Corte a nivel regional bajo una perspectiva general\u00bb.<\/p>\n<p>\u00abEl tema tiene un sabor agridulce, pero tengo la sensaci\u00f3n de que el Gobierno se va a jugar por una labor m\u00e1s activa y asertiva. La confianza absoluta en el derecho internacional se est\u00e1 rompiendo, para jugar con mayor riesgo y audacia, lo que podr\u00eda resultar a la postre en una pol\u00edtica exterior y de \u00e1reas marinas mucho m\u00e1s sofisticada de la que hemos tenido hasta ahora\u00bb, afirma el historiador Enrique Serrano.<\/p>\n","protected":false},"excerpt":{"rendered":"<p>Redacci\u00f3n | El Cronista Digital Colombia nos quiere enredar con sofismas y juegos de palabras. Esa ha sido su actitud desde que la Corte Internacional de Justicia de La Haya fall\u00f3 en su contra y regres\u00f3 a Nicaragua gran parte de su mar territorial el pasado 19 de noviembre. No se trata de una t\u00e1ctica [&hellip;]<\/p>\n","protected":false},"author":1,"featured_media":12197,"comment_status":"open","ping_status":"open","sticky":false,"template":"","format":"standard","meta":{"om_disable_all_campaigns":false,"_monsterinsights_skip_tracking":false,"_monsterinsights_sitenote_active":false,"_monsterinsights_sitenote_note":"","_monsterinsights_sitenote_category":0,"footnotes":""},"categories":[3,13],"tags":[],"class_list":["post-12196","post","type-post","status-publish","format-standard","has-post-thumbnail","hentry","category-nacionales","category-portada"],"aioseo_notices":[],"_links":{"self":[{"href":"https:\/\/elcronistadigital.com\/index.php?rest_route=\/wp\/v2\/posts\/12196","targetHints":{"allow":["GET"]}}],"collection":[{"href":"https:\/\/elcronistadigital.com\/index.php?rest_route=\/wp\/v2\/posts"}],"about":[{"href":"https:\/\/elcronistadigital.com\/index.php?rest_route=\/wp\/v2\/types\/post"}],"author":[{"embeddable":true,"href":"https:\/\/elcronistadigital.com\/index.php?rest_route=\/wp\/v2\/users\/1"}],"replies":[{"embeddable":true,"href":"https:\/\/elcronistadigital.com\/index.php?rest_route=%2Fwp%2Fv2%2Fcomments&post=12196"}],"version-history":[{"count":3,"href":"https:\/\/elcronistadigital.com\/index.php?rest_route=\/wp\/v2\/posts\/12196\/revisions"}],"predecessor-version":[{"id":12200,"href":"https:\/\/elcronistadigital.com\/index.php?rest_route=\/wp\/v2\/posts\/12196\/revisions\/12200"}],"wp:featuredmedia":[{"embeddable":true,"href":"https:\/\/elcronistadigital.com\/index.php?rest_route=\/wp\/v2\/media\/12197"}],"wp:attachment":[{"href":"https:\/\/elcronistadigital.com\/index.php?rest_route=%2Fwp%2Fv2%2Fmedia&parent=12196"}],"wp:term":[{"taxonomy":"category","embeddable":true,"href":"https:\/\/elcronistadigital.com\/index.php?rest_route=%2Fwp%2Fv2%2Fcategories&post=12196"},{"taxonomy":"post_tag","embeddable":true,"href":"https:\/\/elcronistadigital.com\/index.php?rest_route=%2Fwp%2Fv2%2Ftags&post=12196"}],"curies":[{"name":"wp","href":"https:\/\/api.w.org\/{rel}","templated":true}]}}