{"id":12208,"date":"2012-11-30T16:16:30","date_gmt":"2012-11-30T22:16:30","guid":{"rendered":"http:\/\/elcronistadigital.com\/?p=12208"},"modified":"2012-11-30T16:17:08","modified_gmt":"2012-11-30T22:17:08","slug":"no-estamos-solos","status":"publish","type":"post","link":"https:\/\/elcronistadigital.com\/?p=12208","title":{"rendered":"No estamos solos"},"content":{"rendered":"<div id=\"attachment_12209\" style=\"width: 310px\" class=\"wp-caption alignleft\"><a href=\"https:\/\/elcronistadigital.com\/?attachment_id=12209\" rel=\"attachment wp-att-12209\"><img loading=\"lazy\" decoding=\"async\" aria-describedby=\"caption-attachment-12209\" class=\"size-medium wp-image-12209\" title=\"fragata venezolana\" src=\"https:\/\/elcronistadigital.com\/wp-content\/uploads\/2012\/11\/fragata-venezolana-300x200.jpg\" alt=\"\" width=\"300\" height=\"200\" srcset=\"https:\/\/elcronistadigital.com\/wp-content\/uploads\/2012\/11\/fragata-venezolana-300x200.jpg 300w, https:\/\/elcronistadigital.com\/wp-content\/uploads\/2012\/11\/fragata-venezolana-342x228.jpg 342w, https:\/\/elcronistadigital.com\/wp-content\/uploads\/2012\/11\/fragata-venezolana.jpg 499w\" sizes=\"auto, (max-width: 300px) 100vw, 300px\" \/><\/a><p id=\"caption-attachment-12209\" class=\"wp-caption-text\">Una fragata venezolana.<\/p><\/div>\n<p>Nuestro peque\u00f1o ej\u00e9rcito de apenas unos 10 mil efectivos, no podr\u00eda f\u00e1cilmente enfrentar la fuerza militar de Colombia de 240 mil hombres y un mill\u00f3n y pico en el servicio militar obligatorio.<\/p>\n<p>Por eso es que retomando las argucias del pa\u00eds andino, Nicaragua pondr\u00e1 en sus nuevos territorios a miembros de otros ej\u00e9rcitos con los que el amenazante y furibundo Juan Manuel Santos no podr\u00e1 \u201cempajarse\u201d f\u00e1cilmente como ha pensado hacerlo con nosotros.<\/p>\n<p>\u00bfSe atrever\u00e1n a agredir a tropas de EE.UU., Venezuela, Rusia, Cuba y Taiw\u00e1n que recibieron autorizaci\u00f3n de Nicaragua para estar en las aguas recientemente asignadas por la CIJ, antes bajo soberan\u00eda colombiana?<\/p>\n<p>Ed\u00e9n Pastora, el &#8216;Comandante Cero&#8217;, dijo a la Blu Radio que Nicaragua habr\u00eda acatado el fallo de la Corte Internacional de Justicia (CIJ) si el mismo nos hubiese resultado adverso.<\/p>\n<p>\u201cNicaragua estuvo dispuesto a aceptar lo que dijera el fallo de La Haya, as\u00ed fuese con dolor en el alma y con todo el perjuicio que nos hubiese ocasionado, lo hubi\u00e9semos acatado con sensatez y creo que as\u00ed debe reaccionar el gobierno del presidente Juan Manuel Santos, pese a que son momentos dolorosos para su pa\u00eds\u201d.<\/p>\n<p>Pastora record\u00f3 que de hecho Nicaragua ha perdido varios litigios en la CIJ con Honduras y siempre ha respetado las decisiones de ese tribunal porque \u201cno tenemos otra alternativa, as\u00ed nos cause dolor\u201d.<\/p>\n<p>El \u2018Comandante Cero\u2019 aclar\u00f3 que el reciente decreto emitido por Nicaragua para autorizar el ingreso de tropas de las Fuerzas Armadas de Estados Unidos, Venezuela, Rusia, Cuba y Taiw\u00e1n en el \u00e1rea mar\u00edtima que recientemente les adjudic\u00f3 la CIJ, no obedece necesariamente a que est\u00e9n previendo una confrontaci\u00f3n con Colombia, pero tambi\u00e9n acot\u00f3 que si el presidente Santos hubiese acatado el fallo sin problema alguno, quiz\u00e1s no hubiese sido necesaria la emisi\u00f3n de tal decreto.<\/p>\n<p>\u201cTenemos que buscar f\u00f3rmulas para no violentar el esp\u00edritu de los pueblos (\u2026) pero este decreto se hace ahora porque hace un mes no nos hubi\u00e9semos imaginado que Colombia iba a rechazar el fallo. El mismo no se hubiese emitido si Colombia hubiese acatado el fallo sin problema\u201d, explic\u00f3.<\/p>\n<p>\u201cQueremos que los hermanos nos ayuden a tranquilizar los pueblos y se haga cumplir el fallo (\u2026) se buscar\u00e1 una salida negociada, porque si Colombia no acata el fallo el prestigio de Colombia ante el mundo se cae, se convierte en un Estado delincuencial\u201d, concluy\u00f3.<\/p>\n<p>El decreto en el que Nicaragua autoriza el ingreso de Fuerzas Armadas extranjeras al \u00e1rea mar\u00edtima recientemente adjudicada por la CIJ, antes bajo soberan\u00eda colombiana, se dio a conocer este jueves y en el mismo se aclara que dicha acci\u00f3n hace parte de las tareas conjuntas de las 29 misiones humanitarias y de cooperaci\u00f3n contra el narcotr\u00e1fico que el ej\u00e9rcito nicarag\u00fcense prev\u00e9 realizar durante el primer semestre, precisamente con militares de Estados Unidos, Venezuela, Rusia, Cuba y Taiw\u00e1n.<\/p>\n<p>Estados Unidos donar\u00e1 equipos y materiales para el \u00abprograma antinarc\u00f3ticos\u00bb y de \u00abseguridad militar\u00bb que desarrolla el ej\u00e9rcito nicarag\u00fcense y la instalaci\u00f3n de \u00abun puesto de avanzada\u00bb en el Caribe sur. Adem\u00e1s, enviar\u00e1 126 oficiales, mientras est\u00e1 previsto el ingreso de 30 efectivos de Rusia, 30 de Cuba, 30 de Venezuela y una flotilla taiwanesa para operaciones humanitarias.<\/p>\n<p>Los intercambios forman parte de las \u00abmagn\u00edficas relaciones de amistad y cooperaci\u00f3n\u00bb militar de Nicaragua con esos pa\u00edses, subraya el decreto.<\/p>\n","protected":false},"excerpt":{"rendered":"<p>Nuestro peque\u00f1o ej\u00e9rcito de apenas unos 10 mil efectivos, no podr\u00eda f\u00e1cilmente enfrentar la fuerza militar de Colombia de 240 mil hombres y un mill\u00f3n y pico en el servicio militar obligatorio. Por eso es que retomando las argucias del pa\u00eds andino, Nicaragua pondr\u00e1 en sus nuevos territorios a miembros de otros ej\u00e9rcitos con los [&hellip;]<\/p>\n","protected":false},"author":1,"featured_media":12209,"comment_status":"open","ping_status":"open","sticky":false,"template":"","format":"standard","meta":{"om_disable_all_campaigns":false,"_monsterinsights_skip_tracking":false,"_monsterinsights_sitenote_active":false,"_monsterinsights_sitenote_note":"","_monsterinsights_sitenote_category":0,"footnotes":""},"categories":[3,13],"tags":[857,858],"class_list":["post-12208","post","type-post","status-publish","format-standard","has-post-thumbnail","hentry","category-nacionales","category-portada","tag-fragatas-venezolanas","tag-mar-caribe"],"aioseo_notices":[],"_links":{"self":[{"href":"https:\/\/elcronistadigital.com\/index.php?rest_route=\/wp\/v2\/posts\/12208","targetHints":{"allow":["GET"]}}],"collection":[{"href":"https:\/\/elcronistadigital.com\/index.php?rest_route=\/wp\/v2\/posts"}],"about":[{"href":"https:\/\/elcronistadigital.com\/index.php?rest_route=\/wp\/v2\/types\/post"}],"author":[{"embeddable":true,"href":"https:\/\/elcronistadigital.com\/index.php?rest_route=\/wp\/v2\/users\/1"}],"replies":[{"embeddable":true,"href":"https:\/\/elcronistadigital.com\/index.php?rest_route=%2Fwp%2Fv2%2Fcomments&post=12208"}],"version-history":[{"count":5,"href":"https:\/\/elcronistadigital.com\/index.php?rest_route=\/wp\/v2\/posts\/12208\/revisions"}],"predecessor-version":[{"id":12214,"href":"https:\/\/elcronistadigital.com\/index.php?rest_route=\/wp\/v2\/posts\/12208\/revisions\/12214"}],"wp:featuredmedia":[{"embeddable":true,"href":"https:\/\/elcronistadigital.com\/index.php?rest_route=\/wp\/v2\/media\/12209"}],"wp:attachment":[{"href":"https:\/\/elcronistadigital.com\/index.php?rest_route=%2Fwp%2Fv2%2Fmedia&parent=12208"}],"wp:term":[{"taxonomy":"category","embeddable":true,"href":"https:\/\/elcronistadigital.com\/index.php?rest_route=%2Fwp%2Fv2%2Fcategories&post=12208"},{"taxonomy":"post_tag","embeddable":true,"href":"https:\/\/elcronistadigital.com\/index.php?rest_route=%2Fwp%2Fv2%2Ftags&post=12208"}],"curies":[{"name":"wp","href":"https:\/\/api.w.org\/{rel}","templated":true}]}}