{"id":12225,"date":"2012-11-30T17:19:02","date_gmt":"2012-11-30T23:19:02","guid":{"rendered":"http:\/\/elcronistadigital.com\/?p=12225"},"modified":"2012-11-30T17:31:06","modified_gmt":"2012-11-30T23:31:06","slug":"taiwan-y-latinoamerica-urgidos-a-profundizar-dialogos-comerciales","status":"publish","type":"post","link":"https:\/\/elcronistadigital.com\/?p=12225","title":{"rendered":"Taiw\u00e1n y Latinoam\u00e9rica urgidos a profundizar di\u00e1logos comerciales"},"content":{"rendered":"<p><a href=\"https:\/\/elcronistadigital.com\/?attachment_id=12228\" rel=\"attachment wp-att-12228\"><img loading=\"lazy\" decoding=\"async\" class=\"alignleft size-full wp-image-12228\" title=\"exportaci\u00f3n taiw\u00e1n\" src=\"https:\/\/elcronistadigital.com\/wp-content\/uploads\/2012\/11\/exportaci\u00f3n-taiw\u00e1n.gif\" alt=\"\" width=\"250\" height=\"166\" \/><\/a>Taiw\u00e1n debe crear una plataforma de negociaciones bilaterales con la Alianza del Pac\u00edfico a fin de solucionar diferentes cuestiones comerciales claves, dijo el viceministro de Econom\u00eda Bill Cho.<\/p>\n<p>La Alianza del Pac\u00edfico es un bloque comercial latinoamericano establecido conjuntamente por Chile, Colombia, Per\u00fa y M\u00e9xico el 6 de junio del presente a\u00f1o en el cerro Paranal, en el desierto chileno de Atacama.<\/p>\n<p>La alianza fue iniciada para profundizar la integraci\u00f3n mutua de los mencionados pa\u00edses y definir sus actividades conjuntas alusivas a las relaciones comerciales y de inversiones con la regi\u00f3n asi\u00e1tica y del Pac\u00edfico y Europa.<\/p>\n<p>\u00abA pesar de que Taiw\u00e1n ya tiene establecidos los mecanismos de negociaciones comerciales con las principales econom\u00edas, tales como la Uni\u00f3n Europea, Canad\u00e1 y el Reino Unido, nuestro pa\u00eds no ha establecido todav\u00eda un mecanismo similar con la Alianza del Pac\u00edfico, se\u00f1al\u00f3 Cho en un simposio sobre las oportunidades comerciales entre Taiw\u00e1n y la alianza en cuesti\u00f3n.<\/p>\n<p>\u00abSi pudi\u00e9ramos establecer una plataforma similar con la alianza, las diferentes cuestiones de inter\u00e9s com\u00fan a ambos lados, tales como las medidas sanitarias y fitosanitarias para asegurar la inocuidad de los productos agr\u00edcolas y la protecci\u00f3n a las inversiones bilaterales, podr\u00edan ser plenamente discutidas y resueltas de manera efectiva\u00bb, afirm\u00f3 Cho.<\/p>\n<p>El volumen del comercio bilateral entre Taiw\u00e1n y los pa\u00edses miembros de la Alianza del Pac\u00edfico totaliz\u00f3 unos 6.100 millones de d\u00f3lares americanos en el a\u00f1o 2011, representando el 42 por ciento del volumen comercial total de Taiw\u00e1n con Latinoam\u00e9rica, seg\u00fan las estad\u00edsticas compiladas por las autoridades aduaneras.<\/p>\n<p>Las exportaciones de Taiw\u00e1n a los cuatro estados de la Alianza del Pac\u00edfico alcanzaron los 2.600 millones de d\u00f3lares americanos para ese mismo a\u00f1o, o sea un incremento del 13,5 por ciento en comparaci\u00f3n con la cifra registrada en el 2010, mientras que las exportaciones de ese bloque a Taiw\u00e1n totalizaron unos 3.400 millones de d\u00f3lares americanos, registrando una tasa de crecimiento anual del 4 por ciento.<\/p>\n<p>En el curso de los primeros 10 meses del presente a\u00f1o, las exportaciones de Taiw\u00e1n a los pa\u00edses de la Alianza del Pac\u00edfico continuaron creciendo en un 14 por ciento para ascender a unos 2.500 millones de d\u00f3lares americanos, demostrando que los productos fabricados en Taiw\u00e1n siguen siendo altamente competitivos en los cuatro mercados que conforman la alianza, finaliz\u00f3 diciendo Cho.<\/p>\n","protected":false},"excerpt":{"rendered":"<p>Taiw\u00e1n debe crear una plataforma de negociaciones bilaterales con la Alianza del Pac\u00edfico a fin de solucionar diferentes cuestiones comerciales claves, dijo el viceministro de Econom\u00eda Bill Cho. La Alianza del Pac\u00edfico es un bloque comercial latinoamericano establecido conjuntamente por Chile, Colombia, Per\u00fa y M\u00e9xico el 6 de junio del presente a\u00f1o en el cerro [&hellip;]<\/p>\n","protected":false},"author":1,"featured_media":12228,"comment_status":"open","ping_status":"open","sticky":false,"template":"","format":"standard","meta":{"om_disable_all_campaigns":false,"_monsterinsights_skip_tracking":false,"_monsterinsights_sitenote_active":false,"_monsterinsights_sitenote_note":"","_monsterinsights_sitenote_category":0,"footnotes":""},"categories":[15],"tags":[865,863,864,862],"class_list":["post-12225","post","type-post","status-publish","format-standard","has-post-thumbnail","hentry","category-politca","tag-comercio-taiwan","tag-comercio-taiwan-america-latina","tag-exportacion-taiwan","tag-taiwan-comercio"],"aioseo_notices":[],"_links":{"self":[{"href":"https:\/\/elcronistadigital.com\/index.php?rest_route=\/wp\/v2\/posts\/12225","targetHints":{"allow":["GET"]}}],"collection":[{"href":"https:\/\/elcronistadigital.com\/index.php?rest_route=\/wp\/v2\/posts"}],"about":[{"href":"https:\/\/elcronistadigital.com\/index.php?rest_route=\/wp\/v2\/types\/post"}],"author":[{"embeddable":true,"href":"https:\/\/elcronistadigital.com\/index.php?rest_route=\/wp\/v2\/users\/1"}],"replies":[{"embeddable":true,"href":"https:\/\/elcronistadigital.com\/index.php?rest_route=%2Fwp%2Fv2%2Fcomments&post=12225"}],"version-history":[{"count":4,"href":"https:\/\/elcronistadigital.com\/index.php?rest_route=\/wp\/v2\/posts\/12225\/revisions"}],"predecessor-version":[{"id":12227,"href":"https:\/\/elcronistadigital.com\/index.php?rest_route=\/wp\/v2\/posts\/12225\/revisions\/12227"}],"wp:featuredmedia":[{"embeddable":true,"href":"https:\/\/elcronistadigital.com\/index.php?rest_route=\/wp\/v2\/media\/12228"}],"wp:attachment":[{"href":"https:\/\/elcronistadigital.com\/index.php?rest_route=%2Fwp%2Fv2%2Fmedia&parent=12225"}],"wp:term":[{"taxonomy":"category","embeddable":true,"href":"https:\/\/elcronistadigital.com\/index.php?rest_route=%2Fwp%2Fv2%2Fcategories&post=12225"},{"taxonomy":"post_tag","embeddable":true,"href":"https:\/\/elcronistadigital.com\/index.php?rest_route=%2Fwp%2Fv2%2Ftags&post=12225"}],"curies":[{"name":"wp","href":"https:\/\/api.w.org\/{rel}","templated":true}]}}