{"id":1296,"date":"2010-05-19T23:17:00","date_gmt":"2010-05-19T23:17:00","guid":{"rendered":"http:\/\/elcronistadigital.com\/?p=1296"},"modified":"2011-06-02T23:17:15","modified_gmt":"2011-06-02T23:17:15","slug":"nemagon-los-monstruos-y-sus-victimas","status":"publish","type":"post","link":"https:\/\/elcronistadigital.com\/?p=1296","title":{"rendered":"Nemag\u00f3n: los monstruos y sus v\u00edctimas"},"content":{"rendered":"<p>\u00a0<\/p>\n<div><a href=\"https:\/\/elcronistadigital.com\/wp-content\/uploads\/2011\/06\/nemag\u00c3\u00b3n.jpg\"><img loading=\"lazy\" decoding=\"async\" class=\"alignleft size-full wp-image-1297\" title=\"nemag\u00c3\u00b3n\" src=\"https:\/\/elcronistadigital.com\/wp-content\/uploads\/2011\/06\/nemag\u00c3\u00b3n.jpg\" alt=\"\" width=\"300\" height=\"179\" \/><\/a>\u00a0<\/div>\n<p style=\"text-align: justify;\">Una de las mayores marchas de las v\u00edctimas del Nemag\u00f3n.<\/p>\n<p style=\"text-align: justify;\">Hablar y escribir sobre la protesta de los ex trabajadores azucareros del Ingenio San Antonio, propiedad de la Nicaragua Sugar Estates que integra el Grupo Pellas, se ha vuelto complicado, pero imprescindible. Una mezcla de angustia y profundo respeto se genera al pensar en las tristes condiciones en que viven, su historia de dolor y, al mismo tiempo, la capacidad de resistir 14 meses en la lucha, reivindicando sus derechos, desafiando lo indesafiable.<\/p>\n<p style=\"text-align: justify;\">\u00a0<\/p>\n<p style=\"text-align: justify;\">Centenares de ex trabajadores y viudas de la Asociaci\u00f3n Nicarag\u00fcense de Afectados por Insuficiencia Renal Cr\u00f3nica (ANAIRC), afiliada a la UITA, han abandonado sus casas y sus familias. Algunos sus parcelas o los peque\u00f1os trabajos temporales que con dificultad hab\u00edan conseguido pese a la enfermedad.<\/p>\n<p style=\"text-align: justify;\">La insuficiencia renal cr\u00f3nica (IRC), que los debilita paulatinamente, d\u00eda tras d\u00eda, dej\u00e1ndolos, al final, antes de morir, como sacos vac\u00edos y deformes. Otros inflados, inflamados, exageradamente llenos de l\u00edquidos que los ri\u00f1ones ya no pueden filtrar, listos para explotar.<\/p>\n<p style=\"text-align: justify;\">No me alcanza la imaginaci\u00f3n para poder percibir y compartir el sentimiento de sus familiares, al momento de verlos exhalar el \u00faltimo suspiro, ante las largas horas de agon\u00eda y la fatiga de abandonar la vida.<\/p>\n<p style=\"text-align: justify;\">Se han trasladado a Managua, cerca de la Catedral Metropolitana, de sacerdotes llenos de amor cristiano y buenas palabras, pero no para ellos. Nunca los han amado, ni aceptado, y mucho menos han experimentado la capacidad de sentirse pr\u00f3ximos a su dolor, ni la voluntad de aliviar sus penas. Nunca probaron compasi\u00f3n.<\/p>\n<p style=\"text-align: justify;\">Cerca tambi\u00e9n del majestuoso Edificio BAC, s\u00edmbolo indiscutible del imperio Pellas. Ah\u00ed se planificaron las estrategias m\u00e1s finas y costosas, para contrarrestar la campa\u00f1a nacional e internacional de apoyo a los ex trabajadores de la ANAIRC.<\/p>\n<p style=\"text-align: justify;\">Tambi\u00e9n una campa\u00f1a de denuncia de la inamovible voluntad de no querer dialogar con sus ex trabajadores y las viudas de los fallecidos. Escuchar sus voces y su desesperaci\u00f3n, poner atenci\u00f3n a sus demandas, mirar sus manos curtidas por el sol y la gran cantidad de ca\u00f1a cortada.<\/p>\n<p style=\"text-align: justify;\">Miles y miles de toneladas de ca\u00f1a cortadas con esas manos, cuerpos deshidratados bajo el sol, envenenados, tal como lo denuncian, por agrot\u00f3xicos que por d\u00e9cadas se han esparcido indiscriminadamente en todo el occidente de Nicaragua. Agua contaminada. Una regi\u00f3n que se ha vuelto una bomba de tiempo en medio de extensiones infinitas de monocultivos.<\/p>\n<p style=\"text-align: justify;\">Nicaragua como Guatemala, Honduras, El Salvador y Costa Rica. Bajando hacia el Sur. Panam\u00e1, Ecuador, pasando por \u00c1frica y Hawai.<\/p>\n<p style=\"text-align: justify;\">Nemag\u00f3n o Fumazone, la Docena Sucia, contaminaci\u00f3n de los recursos h\u00eddricos, de la tierra, de la gente. Porque el drama de miles de ex trabajadores azucareros es el drama de los bananeros, de los y las que trabajaron en los algodonales, que trabajan en el caf\u00e9 y el tabaco, y m\u00e1s recientemente en la palma africana.<\/p>\n<p style=\"text-align: justify;\">Es el drama de un modelo explotador que devora mano de obra barata y desesperada, y llena las cuentas bancarias de unos pocos.<\/p>\n<p style=\"text-align: justify;\">Productos que llegan limpios, inmaculados, en la mesa de los consumidores. All\u00e1 en el Norte. Ciudadanos demasiado ocupados para preocuparse de todo lo que est\u00e1 detr\u00e1s de una rica taza de caf\u00e9, una cucharita de az\u00facar, de un sabroso banano o una ex\u00f3tica pi\u00f1a, un sabroso puro o un arom\u00e1tico y a\u00f1ejo trago de ron.<\/p>\n<p style=\"text-align: justify;\">El rostro de \u00abCamilo\u00bb<\/p>\n<p style=\"text-align: justify;\">Han pasado 14 meses y los miembros de la ANAIRC siguen ac\u00e1. Esperan. Muchos se van para siempre.<\/p>\n<p style=\"text-align: justify;\">Los n\u00fameros siguen dando una idea m\u00e1s clara del drama: 3.718 ex trabajadores fallecidos. 3.718 familias de luto. Aproximadamente m\u00e1s de 17 mil personas que de alguna manera han vivido de cerca la muerte de un ser querido.<\/p>\n<p style=\"text-align: justify;\">Muchos son los afectados que engrosar\u00e1n esta lista. Tal vez imperfecta, con carencias cient\u00edficas, pero real, hecha pisando las calles y tocando las puertas de las casas. Una masacre silenciosa que ya no se puede ocultar.<\/p>\n<p style=\"text-align: justify;\">Han pasado 14 meses y ya son 18 las personas fallecidas que hab\u00edan comenzado esta lucha en la capital. Una de ellas era Juan F\u00e9lix Poveda, mejor conocido como \u00abCamilo\u00bb.<\/p>\n<p style=\"text-align: justify;\">Camilo ten\u00eda 50 a\u00f1os y hasta el \u00faltimo momento de su vida quiso ser part\u00edcipe de esta lucha. Lo conoc\u00ed hace unos a\u00f1os. Estaba muy enfermo, casi no pod\u00eda caminar, con las piernas y las manos inflamadas y la creatinina que se le hab\u00eda disparado.<\/p>\n<p style=\"text-align: justify;\">Entr\u00f3 en el proyecto piloto de ayuda sanitaria de la Asociaci\u00f3n Italia-Nicaragua y paulatinamente se recuper\u00f3. Fue entre los primeros en instalarse en el campamento en Managua y ah\u00ed permaneci\u00f3 hasta que las fuerzas y la enfermedad se lo permitieron.<\/p>\n<p style=\"text-align: justify;\">Ya en su lecho de muerte, unas horas antes de entrar en estado de coma irreversible, Camilo dijo de estar feliz y de no haberse arrepentido de lo que hab\u00eda hecho en estos 14 meses. De estar orgulloso de haber luchado hasta el final.<\/p>\n<p style=\"text-align: justify;\">Invit\u00f3 a sus compa\u00f1eros y compa\u00f1eras a seguir adelante hasta alcanzar sus objetivos, agradeci\u00e9ndoles a todas las personas y organizaciones que hab\u00edan estado al lado de ANAIRC en estos largos meses.<\/p>\n<p style=\"text-align: justify;\">Pase lo que pase en las pr\u00f3ximas semanas, d\u00edas u horas, las im\u00e1genes de esta lucha que viene desde abajo, los gritos de dolor y de rabia frente a un edificio que encierra la hipocres\u00eda de un modelo social y econ\u00f3mico fracasado, no ser\u00e1n letras muertas.<\/p>\n<p style=\"text-align: justify;\">En toda esta historia llena de dignidad humana no habr\u00e1 vencedores ni vencidos. Solamente la demostraci\u00f3n de que s\u00ed es posible intentarlo y que la lucha deja huellas.<\/p>\n<p style=\"text-align: justify;\">Tarde o temprano alguien continuar\u00e1 ese camino<\/p>\n<p style=\"text-align: justify;\">* Rel-UITA (Uni\u00f3n Internacional de Trabajadores de la Alimentaci\u00f3n, Agr\u00edcolas, Hoteles, Restaurantes, Tabaco y Afines)<br \/>\nAdital<\/p>\n","protected":false},"excerpt":{"rendered":"<p>\u00a0 \u00a0 Una de las mayores marchas de las v\u00edctimas del Nemag\u00f3n. Hablar y escribir sobre la protesta de los ex trabajadores azucareros del Ingenio San Antonio, propiedad de la Nicaragua Sugar Estates que integra el Grupo Pellas, se ha vuelto complicado, pero imprescindible. Una mezcla de angustia y profundo respeto se genera al pensar [&hellip;]<\/p>\n","protected":false},"author":1,"featured_media":1297,"comment_status":"open","ping_status":"open","sticky":false,"template":"","format":"standard","meta":{"om_disable_all_campaigns":false,"_monsterinsights_skip_tracking":false,"_monsterinsights_sitenote_active":false,"_monsterinsights_sitenote_note":"","_monsterinsights_sitenote_category":0,"footnotes":""},"categories":[1],"tags":[],"class_list":["post-1296","post","type-post","status-publish","format-standard","has-post-thumbnail","hentry","category-opinion"],"aioseo_notices":[],"_links":{"self":[{"href":"https:\/\/elcronistadigital.com\/index.php?rest_route=\/wp\/v2\/posts\/1296","targetHints":{"allow":["GET"]}}],"collection":[{"href":"https:\/\/elcronistadigital.com\/index.php?rest_route=\/wp\/v2\/posts"}],"about":[{"href":"https:\/\/elcronistadigital.com\/index.php?rest_route=\/wp\/v2\/types\/post"}],"author":[{"embeddable":true,"href":"https:\/\/elcronistadigital.com\/index.php?rest_route=\/wp\/v2\/users\/1"}],"replies":[{"embeddable":true,"href":"https:\/\/elcronistadigital.com\/index.php?rest_route=%2Fwp%2Fv2%2Fcomments&post=1296"}],"version-history":[{"count":2,"href":"https:\/\/elcronistadigital.com\/index.php?rest_route=\/wp\/v2\/posts\/1296\/revisions"}],"predecessor-version":[{"id":1299,"href":"https:\/\/elcronistadigital.com\/index.php?rest_route=\/wp\/v2\/posts\/1296\/revisions\/1299"}],"wp:featuredmedia":[{"embeddable":true,"href":"https:\/\/elcronistadigital.com\/index.php?rest_route=\/wp\/v2\/media\/1297"}],"wp:attachment":[{"href":"https:\/\/elcronistadigital.com\/index.php?rest_route=%2Fwp%2Fv2%2Fmedia&parent=1296"}],"wp:term":[{"taxonomy":"category","embeddable":true,"href":"https:\/\/elcronistadigital.com\/index.php?rest_route=%2Fwp%2Fv2%2Fcategories&post=1296"},{"taxonomy":"post_tag","embeddable":true,"href":"https:\/\/elcronistadigital.com\/index.php?rest_route=%2Fwp%2Fv2%2Ftags&post=1296"}],"curies":[{"name":"wp","href":"https:\/\/api.w.org\/{rel}","templated":true}]}}