{"id":13133,"date":"2013-01-09T10:06:29","date_gmt":"2013-01-09T16:06:29","guid":{"rendered":"http:\/\/elcronistadigital.com\/?p=13133"},"modified":"2013-01-09T10:06:29","modified_gmt":"2013-01-09T16:06:29","slug":"colombia-versus-nicaragua","status":"publish","type":"post","link":"https:\/\/elcronistadigital.com\/?p=13133","title":{"rendered":"Colombia versus Nicaragua"},"content":{"rendered":"<div id=\"attachment_13134\" style=\"width: 310px\" class=\"wp-caption alignleft\"><a href=\"https:\/\/elcronistadigital.com\/?attachment_id=13134\" rel=\"attachment wp-att-13134\"><img loading=\"lazy\" decoding=\"async\" aria-describedby=\"caption-attachment-13134\" class=\"size-medium wp-image-13134\" title=\"seaflower2\" src=\"https:\/\/elcronistadigital.com\/wp-content\/uploads\/2013\/01\/seaflower2-300x225.jpg\" alt=\"\" width=\"300\" height=\"225\" srcset=\"https:\/\/elcronistadigital.com\/wp-content\/uploads\/2013\/01\/seaflower2-300x225.jpg 300w, https:\/\/elcronistadigital.com\/wp-content\/uploads\/2013\/01\/seaflower2-342x256.jpg 342w, https:\/\/elcronistadigital.com\/wp-content\/uploads\/2013\/01\/seaflower2-60x45.jpg 60w, https:\/\/elcronistadigital.com\/wp-content\/uploads\/2013\/01\/seaflower2-150x113.jpg 150w, https:\/\/elcronistadigital.com\/wp-content\/uploads\/2013\/01\/seaflower2-269x201.jpg 269w, https:\/\/elcronistadigital.com\/wp-content\/uploads\/2013\/01\/seaflower2.jpg 700w\" sizes=\"auto, (max-width: 300px) 100vw, 300px\" \/><\/a><p id=\"caption-attachment-13134\" class=\"wp-caption-text\">Reserva seaflower, ahora en poder de Nicaragua.<\/p><\/div>\n<p>\u00c1lvaro De la Espriella Arango<br \/>\nelheraldo.co<\/p>\n<p>Tenemos la sensaci\u00f3n \u00edntima de que Colombia est\u00e1 haciendo el rid\u00edculo internacionalmente con su actitud desobligante posterior al fallo de la Corte Internacional de Justicia sobre los l\u00edmites con Nicaragua. Y parece ser que esa sensaci\u00f3n que sentimos, ese p\u00e1lpito, lo estamos compartiendo con eminentes juristas del pa\u00eds, algunos de ellos brillantes especialistas en Derecho Internacional.<\/p>\n<p>Adem\u00e1s, nos estamos convenciendo de que tratadistas de fondo como Alfonso L\u00f3pez Michelsen, Diego Uribe Vargas, Julio Holgu\u00edn o Rafael Nieto Navia no estar\u00edan o est\u00e1n obser\u00advando con buenos ojos la forma soberbia, arrogante y desafiante como est\u00e1 enfrentando el pa\u00eds la p\u00e9rdida de 75.000 kil\u00f3metros de aguas territoriales. Podr\u00edamos pensar que en el fondo del tel\u00f3n la causa suprema de esta derrota jur\u00eddica y diplom\u00e1tica la tiene el pa\u00eds por su autosuficiencia sostenida e insoportable, en todos los aspectos de la vida, en donde nos creemos lo mejor del mundo, lo \u00f3ptimo, la \u00faltima palabra, lo m\u00e1ximo en todas las actuaciones, siempre poseedores de la verdad, mirando por encima del hombro a todo el mundo.<\/p>\n<p>Y se nos olvida que siempre hay gente que sabe m\u00e1s que uno, que siempre tendremos entidades, gobiernos, instituciones, personas que son mejores que nosotros. Pero no, cuando asumimos una posici\u00f3n en determinada direcci\u00f3n, y nos sucede todos los d\u00edas en todos los niveles, ya creemos que estamos por encima de todo y de todos. Los dem\u00e1s son una caravana de imb\u00e9ciles, pero los mejores, los m\u00e1s inteligentes, somos los colombianos.<\/p>\n<p>Si nosotros firmamos el Pacto de Bogot\u00e1 reci\u00e9n muerto Gait\u00e1n en 1948, aqu\u00ed en nuestra capital, \u00bfc\u00f3mo vamos a desconocer la soberan\u00eda y la competencia de la Corte Internacional? Si lo firmamos es porque acept\u00e1bamos esa competencia y su jurisdicci\u00f3n. Pero no podemos ahora salir con la actitud absurda de que obedecemos el fallo si nos favorece o lo desconocemos si nos perjudica.<\/p>\n<p>\u00bfCu\u00e1l es entonces y d\u00f3nde est\u00e1 nuestra tradici\u00f3n legalista de siglos que tantos orgullos nos ha deparado? Cuando estuvimos en el cuerpo diplom\u00e1tico nos llenaba de satisfacci\u00f3n en varios pa\u00edses observar el respeto y la aceptaci\u00f3n que Colombia ten\u00eda y tiene internacionalmente en cuanto al Derecho Internacional tanto p\u00fablico como privado. El caso de Haya de la Torre y su asilo en Per\u00fa, en nuestra Embajada, fue un ejemplo para imitar en Am\u00e9rica Latina, que elev\u00f3 nuestro pedestal jur\u00eddico, como dec\u00eda el internacionalista espa\u00f1ol Francisco Su\u00e1rez \u201chacia alturas donde no lo podr\u00e1 derribar ni la ignomi\u00adnia ni la ignorancia\u201d.<\/p>\n<p>El error garrafal fue acudir a la Corte Internacional. Se hizo, s\u00ed, de buena fe, pero no hab\u00eda necesidad. Mientras ten\u00edamos el control de la situaci\u00f3n pod\u00edamos manejarla, pero deposit\u00e1ndola en el escritorio ajeno ten\u00edamos autom\u00e1ticamente que someternos al acatamiento. Por eso resulta sorprendente y absurdo observar personalidades del pa\u00eds invitando a desobedecer esta sentencia, e inclusive algunos a invitar a una acci\u00f3n b\u00e9lica. \u00a1Qu\u00e9 barbaridad!<\/p>\n<p>Cuando la revista Semana titul\u00f3 su edici\u00f3n hace algunas semanas como \u201cDolor de Patria\u201d ten\u00eda toda la raz\u00f3n. Ahora la sugerencia sensata de muchos, a la cual nos adherimos, es que el Gobierno voltee los ojos hacia las islas, a las que ha ignorado hist\u00f3ricamente y solo las ten\u00eda para el contrabando de turno o las vacaciones pertinentes. Un respaldo a la inversi\u00f3n social poderoso en nuestras queridas islas y empezar a buscar con inteligencia convenios con Nicaragua, que no son ningunos monstruos infernales, es la mejor de las sugerencias.<\/p>\n","protected":false},"excerpt":{"rendered":"<p>\u00c1lvaro De la Espriella Arango elheraldo.co Tenemos la sensaci\u00f3n \u00edntima de que Colombia est\u00e1 haciendo el rid\u00edculo internacionalmente con su actitud desobligante posterior al fallo de la Corte Internacional de Justicia sobre los l\u00edmites con Nicaragua. Y parece ser que esa sensaci\u00f3n que sentimos, ese p\u00e1lpito, lo estamos compartiendo con eminentes juristas del pa\u00eds, algunos [&hellip;]<\/p>\n","protected":false},"author":1,"featured_media":13134,"comment_status":"open","ping_status":"open","sticky":false,"template":"","format":"standard","meta":{"om_disable_all_campaigns":false,"_monsterinsights_skip_tracking":false,"_monsterinsights_sitenote_active":false,"_monsterinsights_sitenote_note":"","_monsterinsights_sitenote_category":0,"footnotes":""},"categories":[12],"tags":[1103,779],"class_list":["post-13133","post","type-post","status-publish","format-standard","has-post-thumbnail","hentry","category-blugs","tag-colombia-vs-nicaragua","tag-fallo-de-la-haya"],"aioseo_notices":[],"_links":{"self":[{"href":"https:\/\/elcronistadigital.com\/index.php?rest_route=\/wp\/v2\/posts\/13133","targetHints":{"allow":["GET"]}}],"collection":[{"href":"https:\/\/elcronistadigital.com\/index.php?rest_route=\/wp\/v2\/posts"}],"about":[{"href":"https:\/\/elcronistadigital.com\/index.php?rest_route=\/wp\/v2\/types\/post"}],"author":[{"embeddable":true,"href":"https:\/\/elcronistadigital.com\/index.php?rest_route=\/wp\/v2\/users\/1"}],"replies":[{"embeddable":true,"href":"https:\/\/elcronistadigital.com\/index.php?rest_route=%2Fwp%2Fv2%2Fcomments&post=13133"}],"version-history":[{"count":3,"href":"https:\/\/elcronistadigital.com\/index.php?rest_route=\/wp\/v2\/posts\/13133\/revisions"}],"predecessor-version":[{"id":13137,"href":"https:\/\/elcronistadigital.com\/index.php?rest_route=\/wp\/v2\/posts\/13133\/revisions\/13137"}],"wp:featuredmedia":[{"embeddable":true,"href":"https:\/\/elcronistadigital.com\/index.php?rest_route=\/wp\/v2\/media\/13134"}],"wp:attachment":[{"href":"https:\/\/elcronistadigital.com\/index.php?rest_route=%2Fwp%2Fv2%2Fmedia&parent=13133"}],"wp:term":[{"taxonomy":"category","embeddable":true,"href":"https:\/\/elcronistadigital.com\/index.php?rest_route=%2Fwp%2Fv2%2Fcategories&post=13133"},{"taxonomy":"post_tag","embeddable":true,"href":"https:\/\/elcronistadigital.com\/index.php?rest_route=%2Fwp%2Fv2%2Ftags&post=13133"}],"curies":[{"name":"wp","href":"https:\/\/api.w.org\/{rel}","templated":true}]}}