{"id":13249,"date":"2013-01-13T10:42:53","date_gmt":"2013-01-13T16:42:53","guid":{"rendered":"http:\/\/elcronistadigital.com\/?p=13249"},"modified":"2013-01-13T10:42:53","modified_gmt":"2013-01-13T16:42:53","slug":"fusion-un-nuevo-paradigma-para-el-mundo","status":"publish","type":"post","link":"https:\/\/elcronistadigital.com\/?p=13249","title":{"rendered":"Fusi\u00f3n: Un nuevo paradigma para el mundo"},"content":{"rendered":"<div id=\"attachment_13250\" style=\"width: 190px\" class=\"wp-caption alignleft\"><a href=\"https:\/\/elcronistadigital.com\/?attachment_id=13250\" rel=\"attachment wp-att-13250\"><img loading=\"lazy\" decoding=\"async\" aria-describedby=\"caption-attachment-13250\" class=\"size-full wp-image-13250\" title=\"Diana Benavides2\" src=\"https:\/\/elcronistadigital.com\/wp-content\/uploads\/2013\/01\/Diana-Benavides2.jpg\" alt=\"\" width=\"180\" height=\"299\" \/><\/a><p id=\"caption-attachment-13250\" class=\"wp-caption-text\">Diana Benavides.<\/p><\/div>\n<p>El primer orden del universo y del hombre mismo es el de crear -por lo que una de las fuerzas m\u00e1s poderosas es la de las ideas-, concebidas por la conciencia del pensamiento. Parad\u00f3jicamente, las ideas no pueden ser creadas; solamente rescatadas de la misma mente que es capaz de demoler las paredes que la limitan y le causan miop\u00eda. Miop\u00eda que la hace prisionera de una infraestructura de pensamientos que est\u00e1 pronta a expirar o que ya cumpli\u00f3 su funci\u00f3n. Por ende, en el mundo material las ideas se materializan a trav\u00e9s del vivir, riesgos, fracasos y triunfos.<\/p>\n<p>\u00bfQu\u00e9 hacer para aliviar el sufrimiento e incertidumbre en un mundo donde los recursos son cada d\u00eda m\u00e1s escasos debido a las acciones negativas y contraproducentes del hombre? Para ello, es preciso desasociar, de cualquier pa\u00eds o unidad monetaria, el orden de crear, plasmando as\u00ed, dicha creaci\u00f3n, a trav\u00e9s de un lente capitalista.<\/p>\n<p>Las oportunidades, producto de las ideas de una mente capitalista, prevalecen en medio de la crisis; por lo que cuando las ideas son orientadas y administradas con habilidades gerenciales y comerciales, y de forma inclusive y diversa globalmente no solo generan fuentes de ingresos, sino que el hombre desarrolla la capacidad de convertir pasivos en activos.<\/p>\n<p>El segundo orden del universo y del hombre mismo es el de amar -por lo que una de las fuerzas m\u00e1s poderosas es el de las virtudes-, proyectadas por la conciencia del conocimiento. El amor es la m\u00e1s grande manifestaci\u00f3n de la creaci\u00f3n. Parad\u00f3jicamente las virtudes no nacen del amor; pero s\u00ed de la realizaci\u00f3n del hombre en su despertar del conocimiento que ya es. \u00bfQu\u00e9 hacer para aliviar la pobreza espiritual y emocional en un mundo donde la distribuci\u00f3n y acceso de los recursos son negados e inalcanzables para muchos?<\/p>\n<p>Para ello, es preciso desasociar de cualquier ideolog\u00eda pol\u00edtica o r\u00e9gimen radical, el orden de amar como estructura social, plasmando as\u00ed, dicho amor, a trav\u00e9s de un lente socialista. Y pese a que la igualdad es inexistente en los cielos como en la tierra, los recursos deben estar disponibles y al acceso de todo hombre. Teniendo as\u00ed, de este punto en adelante, la oportunidad de maximizar su potencial, distinguirse, y honrar su prop\u00f3sito de vida en una constante y eterna evoluci\u00f3n existencial.<\/p>\n<p>En las palabras de V\u00edctor Hugo: \u201cM\u00e1s poderosa que todas las armadas del mundo, es la idea cuyo tiempo ha llegado.\u201d Y es que, en un universo donde el cambio y el amor son la constante y la eternidad su \u00fanico tiempo; y en un mundo donde el hombre de ideas desestabiliza la ilusi\u00f3n del ciclo del tiempo, necesitando de una ingenier\u00eda inversa, el tiempo de una mente Capitalista y un coraz\u00f3n Socialista ha llegado, \u00a1Fusi\u00f3n, un nuevo paradigma para el mundo!<\/p>\n<p>Este escrito es propiedad y derechos reservados de su autora y \u00fanica creadora de Fusi\u00f3n.<br \/>\nPasa la antorcha de la luz www.dianabenavides.com.<\/p>\n","protected":false},"excerpt":{"rendered":"<p>El primer orden del universo y del hombre mismo es el de crear -por lo que una de las fuerzas m\u00e1s poderosas es la de las ideas-, concebidas por la conciencia del pensamiento. Parad\u00f3jicamente, las ideas no pueden ser creadas; solamente rescatadas de la misma mente que es capaz de demoler las paredes que la [&hellip;]<\/p>\n","protected":false},"author":1,"featured_media":13250,"comment_status":"open","ping_status":"open","sticky":false,"template":"","format":"standard","meta":{"om_disable_all_campaigns":false,"_monsterinsights_skip_tracking":false,"_monsterinsights_sitenote_active":false,"_monsterinsights_sitenote_note":"","_monsterinsights_sitenote_category":0,"footnotes":""},"categories":[12],"tags":[1136],"class_list":["post-13249","post","type-post","status-publish","format-standard","has-post-thumbnail","hentry","category-blugs","tag-diana-bvenavides"],"aioseo_notices":[],"_links":{"self":[{"href":"https:\/\/elcronistadigital.com\/index.php?rest_route=\/wp\/v2\/posts\/13249","targetHints":{"allow":["GET"]}}],"collection":[{"href":"https:\/\/elcronistadigital.com\/index.php?rest_route=\/wp\/v2\/posts"}],"about":[{"href":"https:\/\/elcronistadigital.com\/index.php?rest_route=\/wp\/v2\/types\/post"}],"author":[{"embeddable":true,"href":"https:\/\/elcronistadigital.com\/index.php?rest_route=\/wp\/v2\/users\/1"}],"replies":[{"embeddable":true,"href":"https:\/\/elcronistadigital.com\/index.php?rest_route=%2Fwp%2Fv2%2Fcomments&post=13249"}],"version-history":[{"count":3,"href":"https:\/\/elcronistadigital.com\/index.php?rest_route=\/wp\/v2\/posts\/13249\/revisions"}],"predecessor-version":[{"id":13253,"href":"https:\/\/elcronistadigital.com\/index.php?rest_route=\/wp\/v2\/posts\/13249\/revisions\/13253"}],"wp:featuredmedia":[{"embeddable":true,"href":"https:\/\/elcronistadigital.com\/index.php?rest_route=\/wp\/v2\/media\/13250"}],"wp:attachment":[{"href":"https:\/\/elcronistadigital.com\/index.php?rest_route=%2Fwp%2Fv2%2Fmedia&parent=13249"}],"wp:term":[{"taxonomy":"category","embeddable":true,"href":"https:\/\/elcronistadigital.com\/index.php?rest_route=%2Fwp%2Fv2%2Fcategories&post=13249"},{"taxonomy":"post_tag","embeddable":true,"href":"https:\/\/elcronistadigital.com\/index.php?rest_route=%2Fwp%2Fv2%2Ftags&post=13249"}],"curies":[{"name":"wp","href":"https:\/\/api.w.org\/{rel}","templated":true}]}}