{"id":13306,"date":"2013-01-15T06:32:58","date_gmt":"2013-01-15T12:32:58","guid":{"rendered":"http:\/\/elcronistadigital.com\/?p=13306"},"modified":"2013-01-15T06:32:58","modified_gmt":"2013-01-15T12:32:58","slug":"sigue-la-violencia","status":"publish","type":"post","link":"https:\/\/elcronistadigital.com\/?p=13306","title":{"rendered":"Sigue la violencia"},"content":{"rendered":"<div id=\"attachment_13307\" style=\"width: 210px\" class=\"wp-caption alignleft\"><a href=\"https:\/\/elcronistadigital.com\/?attachment_id=13307\" rel=\"attachment wp-att-13307\"><img loading=\"lazy\" decoding=\"async\" aria-describedby=\"caption-attachment-13307\" class=\"size-medium wp-image-13307\" title=\"Rub\u00e9n Aguilar Valenzuela\" src=\"https:\/\/elcronistadigital.com\/wp-content\/uploads\/2013\/01\/Rub\u00e9n-Aguilar-Valenzuela1-200x300.jpg\" alt=\"\" width=\"200\" height=\"300\" srcset=\"https:\/\/elcronistadigital.com\/wp-content\/uploads\/2013\/01\/Rub\u00e9n-Aguilar-Valenzuela1-200x300.jpg 200w, https:\/\/elcronistadigital.com\/wp-content\/uploads\/2013\/01\/Rub\u00e9n-Aguilar-Valenzuela1.jpg 299w\" sizes=\"auto, (max-width: 200px) 100vw, 200px\" \/><\/a><p id=\"caption-attachment-13307\" class=\"wp-caption-text\">Rub\u00e9n Aguilar Valenzuela.<\/p><\/div>\n<p>Rub\u00e9n Aguilar Valenzuela<\/p>\n<p>Los datos de diciembre revelan que la violencia contin\u00faa en los mismos niveles de los \u00faltimos meses del gobierno del presidente Felipe Calder\u00f3n (2006-2012). Uno de los ejes estrat\u00e9gicos del gobierno del presidente Enrique Pe\u00f1a Nieto (2012-2018) es devolver la paz, que implica reducir los niveles de violencia.<\/p>\n<p>Es muy pronto para hacer una valoraci\u00f3n sobre si la nueva estrategia de seguridad planteada por el actual gobierno va a permitir que eso suceda, pero es algo a lo que est\u00e1 obligado y debe ofrecer resultados. En buena medida, el voto de rechazo al PAN se explica como consecuencia del fracaso de la guerra.<\/p>\n<p>La expectativa, a nivel nacional e internacional, es que el gobierno de Pe\u00f1a Nieto reduzca, en un corto plazo, los niveles de violencia que existen en el pa\u00eds. Se espera que pronto vuelva el n\u00famero de cr\u00edmenes dolosos que exist\u00edan antes de Calder\u00f3n y a partir de ah\u00ed se retome la tendencia a reducirlos como ven\u00eda sucediendo desde hace 40 a\u00f1os.<\/p>\n<p>Cuando Calder\u00f3n asumi\u00f3 su mandato hab\u00eda ocho cr\u00edmenes dolosos por 100,000 habitantes y al t\u00e9rmino de su gesti\u00f3n eran ya 24 cr\u00edmenes dolosos por 100,000 habitantes. El aumento es producto y consecuencia de una estrategia equivocada para enfrentar al narcotr\u00e1fico.<\/p>\n<p>El nuevo gobierno ya ha realizado la cr\u00edtica de la estrategia implementada por el anterior y tambi\u00e9n definido y hecho p\u00fablica la nueva estrategia.<br \/>\nA pesar de su evidente fracaso, Calder\u00f3n insisti\u00f3, hasta el \u00faltimo momento de su mandato, que el pr\u00f3ximo gobierno deber\u00eda continuar con su estrategia. Eso ya no ocurri\u00f3.<\/p>\n<p>El zar antidrogas de Estados Unidos, Gil Kerlikowske, ha dicho sobre el nuevo gobierno de M\u00e9xico: \u201cCreo que es importante que se reeval\u00fae la estrategia que quiere usar el Presidente para reducir la violencia\u201d y a\u00f1adi\u00f3: \u201cFui jefe de polic\u00eda durante mucho tiempo y desde luego realiz\u00e1bamos cambios (&#8230;) en las medidas para proteger a nuestros ciudadanos\u201d.<\/p>\n<p>La decisi\u00f3n de la \u201cguerra\u201d fue de Calder\u00f3n, Estados Unidos nunca la pidi\u00f3. Las autoridades estadounidenses a Pe\u00f1a Nieto no le solicitan continuar la guerra.<\/p>\n<p>En la gesti\u00f3n del actual gobierno un claro indicador de \u00e9xito va a ser si abati\u00f3 los niveles de violencia y logra que la ciudadan\u00eda pueda realmente gozar de seguridad y hacerse presente, sin miedo, en todos los espacios p\u00fablicos.<\/p>\n<p>Al gobierno, a nombre del Estado, corresponde dise\u00f1ar y operar las estrategias de seguridad que garanticen la paz y la tranquilidad, condici\u00f3n para que se desarrolle la sociedad. La propuesta y ejecutada por el gobierno anterior fracas\u00f3. Ya veremos si la ahora planteada es capaz de hacer realidad el primero de sus cinco objetivos estrat\u00e9gicos: construir un M\u00e9xico de paz.<\/p>\n<p>Twitter: @RubenAguilar<\/p>\n","protected":false},"excerpt":{"rendered":"<p>Rub\u00e9n Aguilar Valenzuela Los datos de diciembre revelan que la violencia contin\u00faa en los mismos niveles de los \u00faltimos meses del gobierno del presidente Felipe Calder\u00f3n (2006-2012). Uno de los ejes estrat\u00e9gicos del gobierno del presidente Enrique Pe\u00f1a Nieto (2012-2018) es devolver la paz, que implica reducir los niveles de violencia. Es muy pronto para [&hellip;]<\/p>\n","protected":false},"author":1,"featured_media":13307,"comment_status":"open","ping_status":"open","sticky":false,"template":"","format":"standard","meta":{"om_disable_all_campaigns":false,"_monsterinsights_skip_tracking":false,"_monsterinsights_sitenote_active":false,"_monsterinsights_sitenote_note":"","_monsterinsights_sitenote_category":0,"footnotes":""},"categories":[12],"tags":[1108],"class_list":["post-13306","post","type-post","status-publish","format-standard","has-post-thumbnail","hentry","category-blugs","tag-ruben-aguilar-valenzuela"],"aioseo_notices":[],"_links":{"self":[{"href":"https:\/\/elcronistadigital.com\/index.php?rest_route=\/wp\/v2\/posts\/13306","targetHints":{"allow":["GET"]}}],"collection":[{"href":"https:\/\/elcronistadigital.com\/index.php?rest_route=\/wp\/v2\/posts"}],"about":[{"href":"https:\/\/elcronistadigital.com\/index.php?rest_route=\/wp\/v2\/types\/post"}],"author":[{"embeddable":true,"href":"https:\/\/elcronistadigital.com\/index.php?rest_route=\/wp\/v2\/users\/1"}],"replies":[{"embeddable":true,"href":"https:\/\/elcronistadigital.com\/index.php?rest_route=%2Fwp%2Fv2%2Fcomments&post=13306"}],"version-history":[{"count":3,"href":"https:\/\/elcronistadigital.com\/index.php?rest_route=\/wp\/v2\/posts\/13306\/revisions"}],"predecessor-version":[{"id":13310,"href":"https:\/\/elcronistadigital.com\/index.php?rest_route=\/wp\/v2\/posts\/13306\/revisions\/13310"}],"wp:featuredmedia":[{"embeddable":true,"href":"https:\/\/elcronistadigital.com\/index.php?rest_route=\/wp\/v2\/media\/13307"}],"wp:attachment":[{"href":"https:\/\/elcronistadigital.com\/index.php?rest_route=%2Fwp%2Fv2%2Fmedia&parent=13306"}],"wp:term":[{"taxonomy":"category","embeddable":true,"href":"https:\/\/elcronistadigital.com\/index.php?rest_route=%2Fwp%2Fv2%2Fcategories&post=13306"},{"taxonomy":"post_tag","embeddable":true,"href":"https:\/\/elcronistadigital.com\/index.php?rest_route=%2Fwp%2Fv2%2Ftags&post=13306"}],"curies":[{"name":"wp","href":"https:\/\/api.w.org\/{rel}","templated":true}]}}