{"id":13430,"date":"2013-01-19T12:43:10","date_gmt":"2013-01-19T18:43:10","guid":{"rendered":"http:\/\/elcronistadigital.com\/?p=13430"},"modified":"2013-01-19T12:43:10","modified_gmt":"2013-01-19T18:43:10","slug":"acerca-de-los-grandes-medianos-y-pequenos-hipocritas","status":"publish","type":"post","link":"https:\/\/elcronistadigital.com\/?p=13430","title":{"rendered":"Acerca de los grandes, medianos y peque\u00f1os hip\u00f3critas"},"content":{"rendered":"<p><a href=\"https:\/\/elcronistadigital.com\/?attachment_id=13431\" rel=\"attachment wp-att-13431\"><img loading=\"lazy\" decoding=\"async\" class=\"alignleft size-medium wp-image-13431\" title=\"Perros-callejeros\" src=\"https:\/\/elcronistadigital.com\/wp-content\/uploads\/2013\/01\/Perros-callejeros-300x225.jpg\" alt=\"\" width=\"300\" height=\"225\" srcset=\"https:\/\/elcronistadigital.com\/wp-content\/uploads\/2013\/01\/Perros-callejeros-300x225.jpg 300w, https:\/\/elcronistadigital.com\/wp-content\/uploads\/2013\/01\/Perros-callejeros-342x256.jpg 342w, https:\/\/elcronistadigital.com\/wp-content\/uploads\/2013\/01\/Perros-callejeros-60x45.jpg 60w, https:\/\/elcronistadigital.com\/wp-content\/uploads\/2013\/01\/Perros-callejeros-150x113.jpg 150w, https:\/\/elcronistadigital.com\/wp-content\/uploads\/2013\/01\/Perros-callejeros-269x201.jpg 269w, https:\/\/elcronistadigital.com\/wp-content\/uploads\/2013\/01\/Perros-callejeros.jpg 640w\" sizes=\"auto, (max-width: 300px) 100vw, 300px\" \/><\/a>Dr. Enrique Rimbaud<\/p>\n<p>Todos los d\u00edas, y cuando digo todos los d\u00edas, es lamentablemente todos los d\u00edas, recibimos llamadas de este tipo y tono:<\/p>\n<p>&#8211; \u201cDr., tengo un perro. Desde hace m\u00e1s de un a\u00f1o, que lo compr\u00e9, pero ya no me gusta, quisiera don\u00e1rselo.<\/p>\n<p>&#8211; \u201cMi perro ya est\u00e1 viejo, tiene m\u00e1s de siete a\u00f1os, quisiera don\u00e1rselo.<\/p>\n<p>&#8211; \u201cQuiero cambiar de raza, el que tengo no me gusta, \u00bfpuedo don\u00e1rselo?\u201d.<\/p>\n<p>&#8211; Dr., me compr\u00e9 un perro y quisiera donarle el otro, que ya no lo quiero\u201d.<\/p>\n<p>&#8211; \u201cNo quiero tener m\u00e1s perro, as\u00ed que pens\u00e9 en don\u00e1rselo\u201d.<\/p>\n<p>Y esto haciendo un r\u00e1pido y apretado resumen\u2026 pero de estas caracter\u00edsticas, recibimos llamadas diariamente, y cuando contesto, me chinga la madre, y ya quedo arrecho por el resto del d\u00eda.<\/p>\n<p>A veces quisiera saber qu\u00e9 hace esta gente si se aburre de la esposa\/o, hijos, padres, suegros, amigos\u2026 \u00bftambi\u00e9n los donan?<\/p>\n<p>Esto nos debe llevar a varias consideraciones y reflexiones\u2026<\/p>\n<p>Primero, y antes que nada, un perro no pide llegar a un hogar, es algo que nosotros hacemos en forma planificada o compulsiva. Un buen d\u00eda se nos ocurre que queremos tener un perro y buscamos c\u00f3mo comprarlo, c\u00f3mo podemos conseguirlo ya sea de adopci\u00f3n o de regalo, y traemos un nuevo miembro a nuestro hogar, un nuevo miembro de nuestra familia que nos da amor, que nos es fiel y que comparte nuestras vidas sin pedirnos nada a cambio.<\/p>\n<p>Pero un perro no es un carro ni un televisor, ni un componente que yo pueda estar cambiando cada vez y cuando se me ocurre. Es un ser vivo, fiel, adorable, compa\u00f1ero que alegra nuestros d\u00edas y nos acompa\u00f1a siempre, incondicional, en las buenas y en las malas.<\/p>\n<p>Un perro bien cuidado puede vivir de 15 a 20 a\u00f1os, y as\u00ed como \u00e9l nos entreg\u00f3 su infancia, juventud y plenitud en forma incondicional y sin exigencias, debemos respetar y acompa\u00f1ar su vejez para que la pase en forma digna y venerable.<\/p>\n<p>\u00bfPor qu\u00e9 hacemos tanto hincapi\u00e9 en la raza? \u00bfAcaso nosotros los latinos tenemos raza, si somos una mezcla total de razas?<\/p>\n<p>Respetemos la vida y los derechos inalienables de los animales y no sigamos haciendo o diciendo disparates. Los perros no son objetos, son seres vivos con derechos.<\/p>\n<p>Antes de comprar o adquirir un perro, reflexionen, pregunten, inf\u00f3rmense de las ventajas y desventajas, de los derechos y obligaciones que tenemos por traer a nuestro n\u00facleo familiar un nuevo miembro.<\/p>\n<p>\u00a1Porque los animales nos importan!<\/p>\n","protected":false},"excerpt":{"rendered":"<p>Dr. Enrique Rimbaud Todos los d\u00edas, y cuando digo todos los d\u00edas, es lamentablemente todos los d\u00edas, recibimos llamadas de este tipo y tono: &#8211; \u201cDr., tengo un perro. Desde hace m\u00e1s de un a\u00f1o, que lo compr\u00e9, pero ya no me gusta, quisiera don\u00e1rselo. &#8211; \u201cMi perro ya est\u00e1 viejo, tiene m\u00e1s de siete [&hellip;]<\/p>\n","protected":false},"author":1,"featured_media":13431,"comment_status":"open","ping_status":"open","sticky":false,"template":"","format":"standard","meta":{"om_disable_all_campaigns":false,"_monsterinsights_skip_tracking":false,"_monsterinsights_sitenote_active":false,"_monsterinsights_sitenote_note":"","_monsterinsights_sitenote_category":0,"footnotes":""},"categories":[3,12],"tags":[680,1184],"class_list":["post-13430","post","type-post","status-publish","format-standard","has-post-thumbnail","hentry","category-nacionales","category-blugs","tag-dr-enrique-rimbaud","tag-perros"],"aioseo_notices":[],"_links":{"self":[{"href":"https:\/\/elcronistadigital.com\/index.php?rest_route=\/wp\/v2\/posts\/13430","targetHints":{"allow":["GET"]}}],"collection":[{"href":"https:\/\/elcronistadigital.com\/index.php?rest_route=\/wp\/v2\/posts"}],"about":[{"href":"https:\/\/elcronistadigital.com\/index.php?rest_route=\/wp\/v2\/types\/post"}],"author":[{"embeddable":true,"href":"https:\/\/elcronistadigital.com\/index.php?rest_route=\/wp\/v2\/users\/1"}],"replies":[{"embeddable":true,"href":"https:\/\/elcronistadigital.com\/index.php?rest_route=%2Fwp%2Fv2%2Fcomments&post=13430"}],"version-history":[{"count":3,"href":"https:\/\/elcronistadigital.com\/index.php?rest_route=\/wp\/v2\/posts\/13430\/revisions"}],"predecessor-version":[{"id":13434,"href":"https:\/\/elcronistadigital.com\/index.php?rest_route=\/wp\/v2\/posts\/13430\/revisions\/13434"}],"wp:featuredmedia":[{"embeddable":true,"href":"https:\/\/elcronistadigital.com\/index.php?rest_route=\/wp\/v2\/media\/13431"}],"wp:attachment":[{"href":"https:\/\/elcronistadigital.com\/index.php?rest_route=%2Fwp%2Fv2%2Fmedia&parent=13430"}],"wp:term":[{"taxonomy":"category","embeddable":true,"href":"https:\/\/elcronistadigital.com\/index.php?rest_route=%2Fwp%2Fv2%2Fcategories&post=13430"},{"taxonomy":"post_tag","embeddable":true,"href":"https:\/\/elcronistadigital.com\/index.php?rest_route=%2Fwp%2Fv2%2Ftags&post=13430"}],"curies":[{"name":"wp","href":"https:\/\/api.w.org\/{rel}","templated":true}]}}