{"id":13842,"date":"2013-01-30T16:22:21","date_gmt":"2013-01-30T22:22:21","guid":{"rendered":"http:\/\/elcronistadigital.com\/?p=13842"},"modified":"2013-01-30T16:22:21","modified_gmt":"2013-01-30T22:22:21","slug":"los-nuevos-migrantes","status":"publish","type":"post","link":"https:\/\/elcronistadigital.com\/?p=13842","title":{"rendered":"Los nuevos migrantes"},"content":{"rendered":"<p><a href=\"https:\/\/elcronistadigital.com\/?attachment_id=13843\" rel=\"attachment wp-att-13843\"><img loading=\"lazy\" decoding=\"async\" class=\"alignright size-medium wp-image-13843\" title=\"desastres-naturales-inundaciones\" src=\"https:\/\/elcronistadigital.com\/wp-content\/uploads\/2013\/01\/desastres-naturales-inundaciones-300x168.jpg\" alt=\"\" width=\"300\" height=\"168\" srcset=\"https:\/\/elcronistadigital.com\/wp-content\/uploads\/2013\/01\/desastres-naturales-inundaciones-300x168.jpg 300w, https:\/\/elcronistadigital.com\/wp-content\/uploads\/2013\/01\/desastres-naturales-inundaciones-342x192.jpg 342w, https:\/\/elcronistadigital.com\/wp-content\/uploads\/2013\/01\/desastres-naturales-inundaciones.jpg 624w\" sizes=\"auto, (max-width: 300px) 100vw, 300px\" \/><\/a>Los migrantes por razones de trabajo ya no son los m\u00e1s numerosos en el mundo y ahora este lugar corresponde a los que deben desplazarse de manera forzada como resultado de los efectos de los cambios del medio ambiente.<\/p>\n<p>A lo largo de la historia son dos las razones b\u00e1sicas que explican la migraci\u00f3n: vivir de manera digna (trabajo) y proteger la vida (desplazamientos). La segunda es ahora la mayoritaria.<\/p>\n<p>Hoy las m\u00e1s de las migraciones ocurren al interior de los propios pa\u00edses y son poblaciones que necesitan moverse afectadas por diversos tipos de desastres naturales, que en buena medida son provocados por la mano del ser humano.<\/p>\n<p>En 2008, 20 millones de personas se vieron obligadas a desplazarse de sus lugares de origen a consecuencia de desastres ecol\u00f3gicos relacionados con el cambio clim\u00e1tico.<\/p>\n<p>Se calcula que en los pr\u00f3ximos 40 a\u00f1os unas 200 millones de personas ser\u00e1n las desplazadas como efecto del cambio clim\u00e1tico, seg\u00fan la Organizaci\u00f3n Internacional de las Migraciones (OIM).<\/p>\n<p>La tendencia se mantendr\u00e1 inalterada, por lo menos en los pr\u00f3ximos 50 a\u00f1os. En \u00c1frica y Asia durante 2009 hubo 17 millones de personas afectadas por las inundaciones y fueron 42 millones en 2010, de acuerdo a un informe del gobierno ingl\u00e9s.<\/p>\n<p>Esa fuente anuncia que el problema crecer\u00e1 y estima que para 2060 en esa misma regi\u00f3n del mundo los afectados por las inundaciones est\u00e9n entre 114 y 192 millones de personas.<\/p>\n<p>La Convenci\u00f3n de Naciones Unidas de 1951 no protege al nuevo tipo de refugiados, que es tambi\u00e9n un migrante. Samir Na\u00efr propone que se establezcan nuevas categor\u00edas, para hacer frente a la nueva realidad, que podr\u00eda ser \u201crefugiados por el clima\u201d o \u201crefugiados por desastre natural\u201d.<\/p>\n<p>Los pa\u00edses, la comunidad internacional y los organismos multilaterales no pueden cerrar los ojos a esta realidad y tienen que hacerse cargo de ella. A nivel mundial deben abrirse espacios de discusi\u00f3n, que deriven en el reconocimiento de \u00e9ste nuevo tipo de refugiados.<\/p>\n","protected":false},"excerpt":{"rendered":"<p>Los migrantes por razones de trabajo ya no son los m\u00e1s numerosos en el mundo y ahora este lugar corresponde a los que deben desplazarse de manera forzada como resultado de los efectos de los cambios del medio ambiente. A lo largo de la historia son dos las razones b\u00e1sicas que explican la migraci\u00f3n: vivir [&hellip;]<\/p>\n","protected":false},"author":1,"featured_media":13843,"comment_status":"open","ping_status":"open","sticky":false,"template":"","format":"standard","meta":{"om_disable_all_campaigns":false,"_monsterinsights_skip_tracking":false,"_monsterinsights_sitenote_active":false,"_monsterinsights_sitenote_note":"","_monsterinsights_sitenote_category":0,"footnotes":""},"categories":[12],"tags":[1299,25],"class_list":["post-13842","post","type-post","status-publish","format-standard","has-post-thumbnail","hentry","category-blugs","tag-desastres-naturales","tag-migrantes"],"aioseo_notices":[],"_links":{"self":[{"href":"https:\/\/elcronistadigital.com\/index.php?rest_route=\/wp\/v2\/posts\/13842","targetHints":{"allow":["GET"]}}],"collection":[{"href":"https:\/\/elcronistadigital.com\/index.php?rest_route=\/wp\/v2\/posts"}],"about":[{"href":"https:\/\/elcronistadigital.com\/index.php?rest_route=\/wp\/v2\/types\/post"}],"author":[{"embeddable":true,"href":"https:\/\/elcronistadigital.com\/index.php?rest_route=\/wp\/v2\/users\/1"}],"replies":[{"embeddable":true,"href":"https:\/\/elcronistadigital.com\/index.php?rest_route=%2Fwp%2Fv2%2Fcomments&post=13842"}],"version-history":[{"count":3,"href":"https:\/\/elcronistadigital.com\/index.php?rest_route=\/wp\/v2\/posts\/13842\/revisions"}],"predecessor-version":[{"id":13846,"href":"https:\/\/elcronistadigital.com\/index.php?rest_route=\/wp\/v2\/posts\/13842\/revisions\/13846"}],"wp:featuredmedia":[{"embeddable":true,"href":"https:\/\/elcronistadigital.com\/index.php?rest_route=\/wp\/v2\/media\/13843"}],"wp:attachment":[{"href":"https:\/\/elcronistadigital.com\/index.php?rest_route=%2Fwp%2Fv2%2Fmedia&parent=13842"}],"wp:term":[{"taxonomy":"category","embeddable":true,"href":"https:\/\/elcronistadigital.com\/index.php?rest_route=%2Fwp%2Fv2%2Fcategories&post=13842"},{"taxonomy":"post_tag","embeddable":true,"href":"https:\/\/elcronistadigital.com\/index.php?rest_route=%2Fwp%2Fv2%2Ftags&post=13842"}],"curies":[{"name":"wp","href":"https:\/\/api.w.org\/{rel}","templated":true}]}}