{"id":13847,"date":"2013-01-31T07:53:57","date_gmt":"2013-01-31T13:53:57","guid":{"rendered":"http:\/\/elcronistadigital.com\/?p=13847"},"modified":"2013-01-31T07:53:57","modified_gmt":"2013-01-31T13:53:57","slug":"ex-tupamaro-y-ex-fsln-nuevo-embajador-uruguayo","status":"publish","type":"post","link":"https:\/\/elcronistadigital.com\/?p=13847","title":{"rendered":"Ex Tupamaro y ex FSLN nuevo embajador uruguayo"},"content":{"rendered":"<div id=\"attachment_13848\" style=\"width: 310px\" class=\"wp-caption alignright\"><a href=\"https:\/\/elcronistadigital.com\/?attachment_id=13848\" rel=\"attachment wp-att-13848\"><img loading=\"lazy\" decoding=\"async\" aria-describedby=\"caption-attachment-13848\" class=\"size-full wp-image-13848\" title=\"Frente-Sur\" src=\"https:\/\/elcronistadigital.com\/wp-content\/uploads\/2013\/01\/Frente-Sur.jpg\" alt=\"\" width=\"300\" height=\"182\" \/><\/a><p id=\"caption-attachment-13848\" class=\"wp-caption-text\">Una foto de 1979 muestra a combatientes del Frente Sur &quot;Benjam\u00edn Zeled\u00f3n&quot;.<\/p><\/div>\n<p>* Carlos Silva particip\u00f3 en la guerra contra Somoza Debayle en 1979 y recibi\u00f3 el grado de teniente coronel del Ej\u00e9rcito Popular Sandinista, seg\u00fan diario sudamericano<\/p>\n<p>Un ex guerrillero Tupamaro y a la vez ex combatiente del FSLN en la lucha contra la dictadura somocista, ser\u00e1 el pr\u00f3ximo embajador de Uruguay en Nicaragua, seg\u00fan dio a conocer el diario El Pa\u00eds, de la naci\u00f3n sudamericana.<\/p>\n<p>Carlos Silva, director de Pol\u00edtica del Ministerio de Defensa, fue elegido por el presidente Jos\u00e9 Mujica como embajador uruguayo en Nicaragua, pa\u00eds, donde en 1979 fue miembro del Frente Sandinista de Liberaci\u00f3n Nacional.<\/p>\n<p>Silva es un hist\u00f3rico integrante del Movimiento de Liberaci\u00f3n Nacional -Tupamaros y uno de los principales referentes en lo militar de ese movimiento, ya que es uno de los que tiene formaci\u00f3n m\u00e1s s\u00f3lida en ese sentido.<\/p>\n<p>En 1979, en plena dictadura c\u00edvico militar en Uruguay, Silva estaba en Nicaragua como parte del Frente Sandinista de Liberaci\u00f3n Nacional (FSLN), que luchaba contra la dictadura presidida por Anastasio Somoza.<\/p>\n<p>El nuevo embajador uruguayo integr\u00f3 el Frente Sur del FSLN que ingres\u00f3 a Managua ese a\u00f1o y que derroc\u00f3 a Somoza. Fuentes del MLN y de Defensa dijeron que tras el triunfo militar, el FSLN le adjudic\u00f3 el rango de teniente coronel.<\/p>\n<p>Tras la victoria sandinista, Silva fue parte de un grupo que se dedic\u00f3 a recuperar el batall\u00f3n de blindados de Somoza, que estaba repartido por diferentes partes de Nicaragua, agregaron las fuentes.<\/p>\n<p>El Pa\u00eds revela que hubo un grupo de entre 50 y 60 uruguayos que particip\u00f3 en la revoluci\u00f3n sandinista, la mayor\u00eda tupamaros, pero tambi\u00e9n hubo algunos comunistas, record\u00f3 el escritor, periodista y presidente del Consejo Directivo del Sodre, Fernando Butazzoni, quien fue parte de la revoluci\u00f3n contra Somoza.<\/p>\n<p>A 33 a\u00f1os de esos hechos, Silva regresar\u00e1 a Managua a presentar cartas credenciales como embajador al presidente Daniel Ortega.<\/p>\n<p>\u201cLa decisi\u00f3n fue tomada por el presidente Jos\u00e9 Mujica, tras evaluar previamente con su canciller Luis Almagro varios nombres de funcionarios de carrera del ministerio de Relaciones Exteriores y de otras personas, por lo que este gobierno suma un nuevo embajador de confianza pol\u00edtica a su lista\u201d, se\u00f1ala el diario uruguayo.<\/p>\n<p>Viaj\u00f3 en el 2012<\/p>\n<p>En junio de 2012 y en su car\u00e1cter de Director General de Pol\u00edticas de Defensa, Silva viaj\u00f3 al \u00ab33 Aniversario del Triunfo de la Revoluci\u00f3n Popular Sandinista\u00bb, seg\u00fan consta en un bolet\u00edn del Ministerio de Defensa. En octubre de 2010, Mujica decidi\u00f3 reabrir la embajada uruguaya en Nicaragua, clausurada en 1993.<\/p>\n","protected":false},"excerpt":{"rendered":"<p>* Carlos Silva particip\u00f3 en la guerra contra Somoza Debayle en 1979 y recibi\u00f3 el grado de teniente coronel del Ej\u00e9rcito Popular Sandinista, seg\u00fan diario sudamericano Un ex guerrillero Tupamaro y a la vez ex combatiente del FSLN en la lucha contra la dictadura somocista, ser\u00e1 el pr\u00f3ximo embajador de Uruguay en Nicaragua, seg\u00fan dio [&hellip;]<\/p>\n","protected":false},"author":1,"featured_media":13848,"comment_status":"open","ping_status":"open","sticky":false,"template":"","format":"standard","meta":{"om_disable_all_campaigns":false,"_monsterinsights_skip_tracking":false,"_monsterinsights_sitenote_active":false,"_monsterinsights_sitenote_note":"","_monsterinsights_sitenote_category":0,"footnotes":""},"categories":[3,13],"tags":[1302,1300,1301],"class_list":["post-13847","post","type-post","status-publish","format-standard","has-post-thumbnail","hentry","category-nacionales","category-portada","tag-combatiente-fsln","tag-embajador-uruguay","tag-frente-sur"],"aioseo_notices":[],"_links":{"self":[{"href":"https:\/\/elcronistadigital.com\/index.php?rest_route=\/wp\/v2\/posts\/13847","targetHints":{"allow":["GET"]}}],"collection":[{"href":"https:\/\/elcronistadigital.com\/index.php?rest_route=\/wp\/v2\/posts"}],"about":[{"href":"https:\/\/elcronistadigital.com\/index.php?rest_route=\/wp\/v2\/types\/post"}],"author":[{"embeddable":true,"href":"https:\/\/elcronistadigital.com\/index.php?rest_route=\/wp\/v2\/users\/1"}],"replies":[{"embeddable":true,"href":"https:\/\/elcronistadigital.com\/index.php?rest_route=%2Fwp%2Fv2%2Fcomments&post=13847"}],"version-history":[{"count":3,"href":"https:\/\/elcronistadigital.com\/index.php?rest_route=\/wp\/v2\/posts\/13847\/revisions"}],"predecessor-version":[{"id":13851,"href":"https:\/\/elcronistadigital.com\/index.php?rest_route=\/wp\/v2\/posts\/13847\/revisions\/13851"}],"wp:featuredmedia":[{"embeddable":true,"href":"https:\/\/elcronistadigital.com\/index.php?rest_route=\/wp\/v2\/media\/13848"}],"wp:attachment":[{"href":"https:\/\/elcronistadigital.com\/index.php?rest_route=%2Fwp%2Fv2%2Fmedia&parent=13847"}],"wp:term":[{"taxonomy":"category","embeddable":true,"href":"https:\/\/elcronistadigital.com\/index.php?rest_route=%2Fwp%2Fv2%2Fcategories&post=13847"},{"taxonomy":"post_tag","embeddable":true,"href":"https:\/\/elcronistadigital.com\/index.php?rest_route=%2Fwp%2Fv2%2Ftags&post=13847"}],"curies":[{"name":"wp","href":"https:\/\/api.w.org\/{rel}","templated":true}]}}