{"id":139,"date":"2010-05-22T19:13:58","date_gmt":"2010-05-22T19:13:58","guid":{"rendered":"http:\/\/elcronistadigital.com\/?p=139"},"modified":"2011-06-01T19:14:12","modified_gmt":"2011-06-01T19:14:12","slug":"ortega-controla-los-cuatro-poderes-de-estado","status":"publish","type":"post","link":"https:\/\/elcronistadigital.com\/?p=139","title":{"rendered":"Ortega controla los cuatro poderes de Estado"},"content":{"rendered":"<p><a href=\"https:\/\/elcronistadigital.com\/wp-content\/uploads\/2011\/06\/alejandrobolanos_2.jpg\"><img loading=\"lazy\" decoding=\"async\" class=\"alignleft size-full wp-image-140\" title=\"alejandrobolanos_2\" src=\"https:\/\/elcronistadigital.com\/wp-content\/uploads\/2011\/06\/alejandrobolanos_2.jpg\" alt=\"\" width=\"300\" height=\"225\" \/><\/a>\u00a0<\/p>\n<div>\n<p style=\"text-align: justify;\">Alejandro Bola\u00f1os Davis.<\/p>\n<\/div>\n<p style=\"text-align: justify;\">La conservadora Azalia Avil\u00e9s ser\u00e1 candidata presidencial por el partido Conservador, anunci\u00f3 ayer el diputado \u201cresucitado\u201d Alejandro Bola\u00f1os Davis, quien adem\u00e1s asegur\u00f3 que formar\u00e1 una bancada verde en el Parlamento.<\/p>\n<p style=\"text-align: justify;\">\u00a0<\/p>\n<p style=\"text-align: justify;\">Bola\u00f1os Davis, sobrino del ex presidente Enrique Bola\u00f1os Gayer, hab\u00eda sido suspendido como diputado en 2007, despu\u00e9s de ser denunciado como \u201cnorteamericano\u201d. Su defenestraci\u00f3n ocurri\u00f3 en los momentos en que anunciaba la formaci\u00f3n de una bancada de su partido, que particip\u00f3 en alianza con los liberales de ALN.<\/p>\n<p style=\"text-align: justify;\">En la c\u00e9dula que le extendi\u00f3 el Consejo Supremo Electoral aparec\u00eda como nacido en Masaya, cuando en realidad su mam\u00e1 lo trajo al mundo en Missouri, Estados Unidos.<\/p>\n<p style=\"text-align: justify;\">Su reaparici\u00f3n en la vida pol\u00edtica nacional ocurre en un momento clave, en que el gobierno urge de juntar 56 votos para garantizar reformas a la Constituci\u00f3n que permitan la reelecci\u00f3n del presidente Daniel Ortega.<\/p>\n<p style=\"text-align: justify;\">La oposici\u00f3n por su parte, requiere llegar a 47 diputados en su acera a fin de derogar el decreto 03-2010 emitido por el actual mandatario, que permite a los funcionarios a quienes se les venci\u00f3 su periodo, seguir en el cargo a ultranza.<\/p>\n<p style=\"text-align: justify;\">Bola\u00f1os y el liberal Alfredo G\u00f3mez Urcuyo, ungido tambi\u00e9n sorpresivamente, podr\u00edan hacer la diferencia en la Asamblea Nacional, en particular si el primero conforma la bancada conservadora, lo que quitar\u00eda miembros al grupo parlamentario de Vamos con Eduardo.<\/p>\n<p style=\"text-align: justify;\">\u00bfQu\u00e9 gana la oposici\u00f3n para 2011con la precandidatura de Azalia Avil\u00e9s, que de seguro ser\u00e1 candidatura firme? Probablemente nada y de seguro no perder\u00e1 tampoco, debido a que el Partido Conservador desde hace ratos tiene tantos militantes como letras en sus siglas.<\/p>\n<p style=\"text-align: justify;\">Avil\u00e9s desde hace un par de a\u00f1os viene siendo requerida por varios bancos por deudas sin saldar de su marido, de quien ella es fiadora solidaria.<\/p>\n<p style=\"text-align: justify;\">Dentro de todas estas novedades, el gran ganador result\u00f3 ser el presidente Ortega, quien por fin logr\u00f3 controlar los cuatro poderes del Estado, ya que el Consejo Supremo Electoral y la Corte Suprema de Justicia, act\u00faan como una extensi\u00f3n del Ejecutivo.<\/p>\n<p style=\"text-align: justify;\">\u00a0\u201cAl Partido Conservador le han quitado su personer\u00eda jur\u00eddica dos veces en diez a\u00f1os y en ambos casos la hemos recuperado por tener la raz\u00f3n legal, en ambos casos ha sido el PLC que ha instigado la cancelaci\u00f3n de la personer\u00eda jur\u00eddica del Partido Conservador\u201d, dijo.<\/p>\n<p style=\"text-align: justify;\">\u201cLos diputados conservadores vamos a definir nuestra estrategia legislativa, ya que en mi opini\u00f3n la estrategia legislativa de la oposici\u00f3n por los dos principales grupos liberales PLC y Vamos con Eduardo est\u00e1 errada y por eso ha fracasado\u201d, asegur\u00f3.<\/p>\n<p style=\"text-align: justify;\">Demand\u00f3 que de una vez por todas se realicen los nombramientos de unos 25 funcionarios del Estado. \u201cNo puede ser que Nicaragua est\u00e9 funcionando, o no funcionando, porque no podemos elegir personas que deben ocupar esos cargos p\u00fablicos\u201d.<\/p>\n","protected":false},"excerpt":{"rendered":"<p>\u00a0 Alejandro Bola\u00f1os Davis. La conservadora Azalia Avil\u00e9s ser\u00e1 candidata presidencial por el partido Conservador, anunci\u00f3 ayer el diputado \u201cresucitado\u201d Alejandro Bola\u00f1os Davis, quien adem\u00e1s asegur\u00f3 que formar\u00e1 una bancada verde en el Parlamento. \u00a0 Bola\u00f1os Davis, sobrino del ex presidente Enrique Bola\u00f1os Gayer, hab\u00eda sido suspendido como diputado en 2007, despu\u00e9s de ser denunciado [&hellip;]<\/p>\n","protected":false},"author":1,"featured_media":140,"comment_status":"open","ping_status":"open","sticky":false,"template":"","format":"standard","meta":{"om_disable_all_campaigns":false,"_monsterinsights_skip_tracking":false,"_monsterinsights_sitenote_active":false,"_monsterinsights_sitenote_note":"","_monsterinsights_sitenote_category":0,"footnotes":""},"categories":[3],"tags":[],"class_list":["post-139","post","type-post","status-publish","format-standard","has-post-thumbnail","hentry","category-nacionales"],"aioseo_notices":[],"_links":{"self":[{"href":"https:\/\/elcronistadigital.com\/index.php?rest_route=\/wp\/v2\/posts\/139","targetHints":{"allow":["GET"]}}],"collection":[{"href":"https:\/\/elcronistadigital.com\/index.php?rest_route=\/wp\/v2\/posts"}],"about":[{"href":"https:\/\/elcronistadigital.com\/index.php?rest_route=\/wp\/v2\/types\/post"}],"author":[{"embeddable":true,"href":"https:\/\/elcronistadigital.com\/index.php?rest_route=\/wp\/v2\/users\/1"}],"replies":[{"embeddable":true,"href":"https:\/\/elcronistadigital.com\/index.php?rest_route=%2Fwp%2Fv2%2Fcomments&post=139"}],"version-history":[{"count":2,"href":"https:\/\/elcronistadigital.com\/index.php?rest_route=\/wp\/v2\/posts\/139\/revisions"}],"predecessor-version":[{"id":142,"href":"https:\/\/elcronistadigital.com\/index.php?rest_route=\/wp\/v2\/posts\/139\/revisions\/142"}],"wp:featuredmedia":[{"embeddable":true,"href":"https:\/\/elcronistadigital.com\/index.php?rest_route=\/wp\/v2\/media\/140"}],"wp:attachment":[{"href":"https:\/\/elcronistadigital.com\/index.php?rest_route=%2Fwp%2Fv2%2Fmedia&parent=139"}],"wp:term":[{"taxonomy":"category","embeddable":true,"href":"https:\/\/elcronistadigital.com\/index.php?rest_route=%2Fwp%2Fv2%2Fcategories&post=139"},{"taxonomy":"post_tag","embeddable":true,"href":"https:\/\/elcronistadigital.com\/index.php?rest_route=%2Fwp%2Fv2%2Ftags&post=139"}],"curies":[{"name":"wp","href":"https:\/\/api.w.org\/{rel}","templated":true}]}}