{"id":143,"date":"2010-05-22T19:15:29","date_gmt":"2010-05-22T19:15:29","guid":{"rendered":"http:\/\/elcronistadigital.com\/?p=143"},"modified":"2011-06-01T19:15:45","modified_gmt":"2011-06-01T19:15:45","slug":"presidente-del-parlacen-propone-demandar-a-costa-rica","status":"publish","type":"post","link":"https:\/\/elcronistadigital.com\/?p=143","title":{"rendered":"Presidente del Parlacen propone demandar a Costa Rica"},"content":{"rendered":"<p style=\"text-align: justify;\"><a href=\"https:\/\/elcronistadigital.com\/wp-content\/uploads\/2011\/06\/Crucitas1.jpg\"><img loading=\"lazy\" decoding=\"async\" class=\"alignleft size-full wp-image-144\" title=\"Crucitas1\" src=\"https:\/\/elcronistadigital.com\/wp-content\/uploads\/2011\/06\/Crucitas1.jpg\" alt=\"\" width=\"300\" height=\"220\" \/><\/a>Mucha repercusi\u00f3n tuvieron en Costa Rica las declaraciones del diputado nicarag\u00fcense Jacinto Su\u00e1rez, quien aconsej\u00f3 al presidente Daniel Ortega que demande a Costa ante el Tribunal Internacional de La Haya, por los da\u00f1os que provocar\u00e1 al r\u00edo San Juan el proyecto minero Crucitas.<\/p>\n<p style=\"text-align: justify;\">En declaraciones a Radio Nicaragua este viernes, Su\u00e1rez asegur\u00f3 que existen suficientes elementos jur\u00eddicos para demandar al pa\u00eds vecino por el permiso otorgado a la empresa minera Infinito, de capital canadiense.<\/p>\n<p style=\"text-align: justify;\">\u00abEl gobierno deber\u00eda de llevar esto a La Haya. Costa Rica merece ir a La Haya\u00bb, reafirm\u00f3 el jefe del Parlacen.<br \/>\nSu\u00e1rez indic\u00f3 que una eventual demanda contra Costa Rica tendr\u00eda que ser apoyada por los organismos de la sociedad civil de Nicaragua que se oponen al pol\u00e9mico proyecto minero, ya que \u00abes un problema nacional al que hay que ponerle mucho ojo\u00bb.<\/p>\n<p style=\"text-align: justify;\">La agencia alemana DPA entrevist\u00f3 sobre el tema al jurista Mauricio Herdocia, experto en asuntos territoriales, quien respondi\u00f3 que las Crucitas pasa por una negociaci\u00f3n entre el gobierno de Managua y la presidenta Laura Chinchilla.<\/p>\n<p style=\"text-align: justify;\">\u00abLo ideal es que esto no llegue a los organismos internacionales. Hay que encontrar una salida bilateral y a m\u00ed me parece que la presidenta Chinchilla va a trabajar con el gobierno de Nicaragua para encontrar una salida\u00bb, sostuvo Herdocia.<\/p>\n<p style=\"text-align: justify;\">La presidenta Chinchilla prometi\u00f3 que una de las primeras decisiones de su gobierno ser\u00eda declarar una moratoria a la miner\u00eda a cielo abierto.<br \/>\nGrupos ambientalistas de Costa Rica y Nicaragua llevan varios a\u00f1os oponi\u00e9ndose a la explotaci\u00f3n de la mina de oro a cielo abierto, distante a apenas tres kil\u00f3metros del r\u00edo San Juan, cuyo uso ha sido motivo de querellas entre ambas naciones.<\/p>\n","protected":false},"excerpt":{"rendered":"<p>Mucha repercusi\u00f3n tuvieron en Costa Rica las declaraciones del diputado nicarag\u00fcense Jacinto Su\u00e1rez, quien aconsej\u00f3 al presidente Daniel Ortega que demande a Costa ante el Tribunal Internacional de La Haya, por los da\u00f1os que provocar\u00e1 al r\u00edo San Juan el proyecto minero Crucitas. En declaraciones a Radio Nicaragua este viernes, Su\u00e1rez asegur\u00f3 que existen suficientes [&hellip;]<\/p>\n","protected":false},"author":1,"featured_media":144,"comment_status":"open","ping_status":"open","sticky":false,"template":"","format":"standard","meta":{"om_disable_all_campaigns":false,"_monsterinsights_skip_tracking":false,"_monsterinsights_sitenote_active":false,"_monsterinsights_sitenote_note":"","_monsterinsights_sitenote_category":0,"footnotes":""},"categories":[3],"tags":[],"class_list":["post-143","post","type-post","status-publish","format-standard","has-post-thumbnail","hentry","category-nacionales"],"aioseo_notices":[],"_links":{"self":[{"href":"https:\/\/elcronistadigital.com\/index.php?rest_route=\/wp\/v2\/posts\/143","targetHints":{"allow":["GET"]}}],"collection":[{"href":"https:\/\/elcronistadigital.com\/index.php?rest_route=\/wp\/v2\/posts"}],"about":[{"href":"https:\/\/elcronistadigital.com\/index.php?rest_route=\/wp\/v2\/types\/post"}],"author":[{"embeddable":true,"href":"https:\/\/elcronistadigital.com\/index.php?rest_route=\/wp\/v2\/users\/1"}],"replies":[{"embeddable":true,"href":"https:\/\/elcronistadigital.com\/index.php?rest_route=%2Fwp%2Fv2%2Fcomments&post=143"}],"version-history":[{"count":2,"href":"https:\/\/elcronistadigital.com\/index.php?rest_route=\/wp\/v2\/posts\/143\/revisions"}],"predecessor-version":[{"id":146,"href":"https:\/\/elcronistadigital.com\/index.php?rest_route=\/wp\/v2\/posts\/143\/revisions\/146"}],"wp:featuredmedia":[{"embeddable":true,"href":"https:\/\/elcronistadigital.com\/index.php?rest_route=\/wp\/v2\/media\/144"}],"wp:attachment":[{"href":"https:\/\/elcronistadigital.com\/index.php?rest_route=%2Fwp%2Fv2%2Fmedia&parent=143"}],"wp:term":[{"taxonomy":"category","embeddable":true,"href":"https:\/\/elcronistadigital.com\/index.php?rest_route=%2Fwp%2Fv2%2Fcategories&post=143"},{"taxonomy":"post_tag","embeddable":true,"href":"https:\/\/elcronistadigital.com\/index.php?rest_route=%2Fwp%2Fv2%2Ftags&post=143"}],"curies":[{"name":"wp","href":"https:\/\/api.w.org\/{rel}","templated":true}]}}