{"id":14366,"date":"2013-02-14T10:58:25","date_gmt":"2013-02-14T16:58:25","guid":{"rendered":"http:\/\/elcronistadigital.com\/?p=14366"},"modified":"2013-02-14T10:58:25","modified_gmt":"2013-02-14T16:58:25","slug":"el-pleito-de-los-papas","status":"publish","type":"post","link":"https:\/\/elcronistadigital.com\/?p=14366","title":{"rendered":"El pleito de los Papas"},"content":{"rendered":"<p><a href=\"https:\/\/elcronistadigital.com\/?attachment_id=14367\" rel=\"attachment wp-att-14367\"><img loading=\"lazy\" decoding=\"async\" class=\"alignleft size-medium wp-image-14367\" title=\"Pederastia1\" src=\"https:\/\/elcronistadigital.com\/wp-content\/uploads\/2013\/02\/Pederastia1-300x300.jpg\" alt=\"\" width=\"300\" height=\"300\" srcset=\"https:\/\/elcronistadigital.com\/wp-content\/uploads\/2013\/02\/Pederastia1-300x300.jpg 300w, https:\/\/elcronistadigital.com\/wp-content\/uploads\/2013\/02\/Pederastia1-150x150.jpg 150w, https:\/\/elcronistadigital.com\/wp-content\/uploads\/2013\/02\/Pederastia1-50x50.jpg 50w, https:\/\/elcronistadigital.com\/wp-content\/uploads\/2013\/02\/Pederastia1-342x342.jpg 342w, https:\/\/elcronistadigital.com\/wp-content\/uploads\/2013\/02\/Pederastia1-70x70.jpg 70w, https:\/\/elcronistadigital.com\/wp-content\/uploads\/2013\/02\/Pederastia1-55x55.jpg 55w, https:\/\/elcronistadigital.com\/wp-content\/uploads\/2013\/02\/Pederastia1.jpg 480w\" sizes=\"auto, (max-width: 300px) 100vw, 300px\" \/><\/a>Rub\u00e9n Aguilar Valenzuela<\/p>\n<p>La iglesia cat\u00f3lica romana vive una de las crisis m\u00e1s severas de su historia por los esc\u00e1ndalos de pederastia y por su encubrimiento de parte de los obispos y del papa Juan Pablo II. La instituci\u00f3n protegi\u00f3 durante d\u00e9cadas a sacerdotes y religiosos pederastas y maltratadores, pol\u00edtica que puso en duda la calidad moral de la jerarqu\u00eda y la confianza en la estructura eclesial.<\/p>\n<p>A prop\u00f3sito de la pederastia se enfrentan dos grupos al interior de la Iglesia: los que quieren el secreto y seguir protegiendo a sacerdotes y obispos, sin importar sus cr\u00edmenes, y los que abogan por la transparencia y la rendici\u00f3n de cuentas. Ambos grupos se parecen en que carecen de ideas progresistas y renovadas visiones teol\u00f3gicas, pero tienen posiciones distintas ante el compromiso de la \u00e9tica p\u00fablica.<\/p>\n<p>El encubrimiento de Juan Pablo II<\/p>\n<p>La pol\u00edtica de Juan Pablo II frente a los sacerdotes pederastas se hizo evidente en una afirmaci\u00f3n candorosa y terrible del cardenal Dario Castrill\u00f3n, uno de sus colaboradores m\u00e1s cercanos. Durante un homenaje al pont\u00edfice en la Universidad Cat\u00f3lica de Murcia, el pasado mes de abril, Castrill\u00f3n dijo que en 2001 hab\u00eda enviado una carta de felicitaci\u00f3n al obispo franc\u00e9s Pierre Pican por no haber denunciado ante la autoridad civil a un sacerdote pederasta que despu\u00e9s fue condenado a 18 a\u00f1os de c\u00e1rcel. Aquel reconocimiento, dijo el cardenal Castrill\u00f3n, hab\u00eda tenido el visto bueno de Juan Pablo II, quien lo autoriz\u00f3 \u201cenviar la carta a todos los obispos del mundo\u201d.<\/p>\n<p>La carta del cardenal Castrill\u00f3n dec\u00eda: \u201cLo has hecho muy bien y estoy encantado de tener un compa\u00f1ero en el episcopado que, a los ojos de la historia y de todos los obispos del mundo, habr\u00eda preferido la c\u00e1rcel antes que denunciar a su hijo sacerdote\u201d.<\/p>\n<p>El obispo Pican fue condenado a tres meses de prisi\u00f3n por encubridor. El testimonio de Castrill\u00f3n, quien durante una d\u00e9cada fue prefecto de la Congregaci\u00f3n para el Clero, es revelador de la pol\u00edtica de aquellos a\u00f1os.<\/p>\n<p>Durante todo su papado, el tercero m\u00e1s largo en la historia, Juan Pablo II se caracteriz\u00f3 por tratar de esconder los casos de los pederastas, el m\u00e1s llamativo de los cuales fue el de Marcial Maciel, y alent\u00f3 a los obispos para que hicieran lo mismo. Nunca reconoci\u00f3 los hechos ni las denuncias. Tampoco pidi\u00f3 perd\u00f3n a las v\u00edctimas y se neg\u00f3 a recibirlas. \u00c9sa fue su pol\u00edtica en la materia durante 26 a\u00f1os de papado. Para llevarla adelante cont\u00f3 con el apoyo de su equipo cercano, influyente todav\u00eda en la Curia Romana: Angelo Sodano, secretario de Estado; Eduardo Mart\u00ednez Somalo, camarlengo papal; Stanislaw Dziwisz, secretario personal y Dar\u00edo Castrill\u00f3n.<\/p>\n<p>Todos ellos, como lo ha probado el periodista estadunidense Jason Berry, recibieron cuantiosas cantidades de Maciel en forma de \u201cdonativos\u201d. Ahora se sabe que el \u00fanico que no se dej\u00f3 sobornar por los Legionarios fue el cardenal Joseph Ratzinger.<\/p>\n<p>La disputa vaticana<\/p>\n<p>Ratzinger era, sin duda, un hombre apreciado por Juan Pablo II, pero a medida que surge informaci\u00f3n se pone en claro que hab\u00eda tensi\u00f3n entre Ratzinger y los otros miembros del entorno papal. La fuerte respuesta vaticana a las afirmaciones de Castrill\u00f3n la hace evidente. El portavoz de Benedicto XVI, el jesuita Federico Lombardi, aclar\u00f3 de inmediato que \u00e9sa no era la posici\u00f3n oficial y dijo que hab\u00eda sido \u201cmuy oportuno\u201d el cambio de competencia en el Vaticano para ver los asuntos de pederastia, es decir, el paso del manejo de esos asuntos de manos de Castrill\u00f3n a las de Ratzinger.<\/p>\n<p>La carta de Castrill\u00f3n al obispo Pican es del 8 de septiembre de 2001. Meses antes, el 30 de abril de 2001, el Papa hab\u00eda firmado la carta apost\u00f3lica Sacramentorum sanctitatis tutela, que obligaba a transferir los casos de pederastia a la Congregaci\u00f3n para la Doctrina de la Fe, responsabilidad de Ratzinger. Ratzinger envi\u00f3 el 18 de mayo la carta De delictis gravioribus a todas las di\u00f3cesis del mundo, donde explicaba y agilizaba las normas de actuaci\u00f3n, pero manten\u00eda el \u201csecreto pontificio\u201d, para impedir que cualquier otra persona conociera de las investigaciones.<\/p>\n<p>La nueva funci\u00f3n de Ratzinger y el contenido de la carta se interpretaron como que \u00e9l se convert\u00eda en la \u201ctapadera\u201d oficial de la Iglesia, para evitar que se conocieran los cr\u00edmenes de los sacerdotes pederastas. Surge ahora otra interpretaci\u00f3n: \u00e9sa fue la manera que Ratzinger encontr\u00f3 para \u201carrebatar\u201d a los otros miembros de la Curia Romana el manejo del problema.<\/p>\n<p>El activismo de Ratzinger meses antes de la muerte de Juan Pablo II se hizo muy evidente. Unas semanas antes dirigi\u00f3 el tradicional viacrucis de Semana Santa en Roma. En la novena estaci\u00f3n, al comentar la tercera ca\u00edda de Jes\u00fas, dijo: \u201c\u00a1Cu\u00e1nta suciedad en la Iglesia y entre los que, por su sacerdocio, deber\u00edan estar completamente entregados a \u00e9l! \u00a1Cu\u00e1nta soberbia, cu\u00e1nta autosuficiencia!\u201d. \u00c9l tambi\u00e9n se hizo cargo de la homil\u00eda que abri\u00f3 el C\u00f3nclave para elegir al nuevo Papa. Plante\u00f3 ah\u00ed las l\u00edneas maestras de lo que ser\u00eda su papado si era elegido.<\/p>\n<p>Muchos vatican\u00f3logos se\u00f1alan que si bien Ratzinger lleg\u00f3 con mucha fuerza al C\u00f3nclave que habr\u00eda de elegirlo Papa, sus intervenciones en el viacrucis y la homil\u00eda resultaron fundamentales para que los cardenales se decidieran por \u00e9l. Los convenci\u00f3 de que ten\u00eda la soluci\u00f3n a la crisis moral de la Iglesia y a los problemas que la acechaban. El 19 de abril de 2005 los cardenales, m\u00e1s pastores que te\u00f3logos, eligieron al alem\u00e1n como sucesor de san Pedro. Era el \u00fanico de los 114 cardenales electores que hab\u00eda sido nombrado por Paulo VI y no por Juan Pablo II.<\/p>\n<p>Son cada vez m\u00e1s los que piensan que Ratzinger es conservador, intransigente, inquisidor, pero no deshonesto, como muchos de sus colegas curiales que se hab\u00edan dado a la tarea, con apoyo de Juan Pablo II, de esconder los casos de sacerdotes pederastas y de invitar a los obispos a que no los denunciaran a las autoridades civiles. Al inicio del papado de Benedicto XVI, el vatican\u00f3logo de La Rep\u00fablica, Marco Politi, asegur\u00f3 que de inmediato hab\u00eda enfrentado la resistencia de los funcionarios curiales que desde hac\u00eda a\u00f1os bloqueaban el funcionamiento de la Santa Sede en medio de la disputa interna por el poder.<\/p>\n<p>&nbsp;<\/p>\n<p><a href=\"https:\/\/elcronistadigital.com\/?attachment_id=14368\" rel=\"attachment wp-att-14368\"><img loading=\"lazy\" decoding=\"async\" class=\"alignright size-medium wp-image-14368\" title=\"Pederastia02\" src=\"https:\/\/elcronistadigital.com\/wp-content\/uploads\/2013\/02\/Pederastia02-300x300.jpg\" alt=\"\" width=\"300\" height=\"300\" srcset=\"https:\/\/elcronistadigital.com\/wp-content\/uploads\/2013\/02\/Pederastia02-300x300.jpg 300w, https:\/\/elcronistadigital.com\/wp-content\/uploads\/2013\/02\/Pederastia02-150x150.jpg 150w, https:\/\/elcronistadigital.com\/wp-content\/uploads\/2013\/02\/Pederastia02-50x50.jpg 50w, https:\/\/elcronistadigital.com\/wp-content\/uploads\/2013\/02\/Pederastia02-342x342.jpg 342w, https:\/\/elcronistadigital.com\/wp-content\/uploads\/2013\/02\/Pederastia02-70x70.jpg 70w, https:\/\/elcronistadigital.com\/wp-content\/uploads\/2013\/02\/Pederastia02-55x55.jpg 55w, https:\/\/elcronistadigital.com\/wp-content\/uploads\/2013\/02\/Pederastia02.jpg 357w\" sizes=\"auto, (max-width: 300px) 100vw, 300px\" \/><\/a><\/p>\n<p>La constante fuga de informaci\u00f3n de la Curia es, dicen los vatican\u00f3logos, una reacci\u00f3n al malestar que provocan las decisiones y declaraciones de Benedicto XVI, que atentan contra una cultura y una manera de actuar. A los curiales romanos, defensores a ultranza del poder de la instituci\u00f3n, les molesta que el Papa reconozca los problemas, los errores y la culpabilidad de la Iglesia. Roma vive una lucha tensa entre el grupo fiel a Juan Pablo II y el que Benedicto XVI intenta constituir con base en una docena de funcionarios curiales y el jesuita Lombardi, su portavoz.<\/p>\n<p>El caso Maciel, que Ratzinger conoci\u00f3 a inicios de 1999, es clave en esta historia. A la acusaci\u00f3n de los a\u00f1os cincuenta por abusos sexuales se a\u00f1adi\u00f3, como agravante, que Maciel dominaba la conciencia de sus v\u00edctimas mediante la direcci\u00f3n espiritual. Como sacerdote, Maciel hab\u00eda \u201cabsuelto\u201d en confesi\u00f3n a sus seminaristas del \u201cpecado\u201d que hab\u00edan cometido despu\u00e9s de ser abusados por \u00e9l mismo. En 1998 los delitos sexuales hab\u00edan prescrito, pero no el de la \u201cabsoluci\u00f3n del c\u00f3mplice\u201d, una de las mayores faltas del C\u00f3digo Can\u00f3nico: una violaci\u00f3n al sacramento de la confesi\u00f3n y como tal una acci\u00f3n sacr\u00edlega.<\/p>\n<p>Ratzinger, acad\u00e9mico e intelectual conservador congruente con la ortodoxia, estaba convencido de las acusaciones porque las pruebas eran abrumadoras, pero decidi\u00f3 que no se pod\u00eda enfrentar a Maciel, dada la relaci\u00f3n de \u00e9ste con Juan Pablo II, forjada a partir del dinero que el mexicano le consegu\u00eda para financiar la lucha contra el comunismo. Algunos vatican\u00f3logos dicen, d\u00e1ndole el beneficio de la duda, que Ratzinger sab\u00eda que si actuaba obtendr\u00eda de inmediato el rechazo del polaco. Esper\u00f3, entonces, que llegara su momento, que lleg\u00f3, desde luego, cuando fue nombrado Papa. Lo dem\u00e1s ya se conoce.<\/p>\n<p>El papado de Benedicto XVI<\/p>\n<p>El cardenal Ratzinger estuvo a la cabeza de la Congregaci\u00f3n de la Doctrina de la Fe por 24 a\u00f1os. Fue el \u201cgran inquisidor\u201d de los te\u00f3logos progresistas a quienes combati\u00f3 sin tregua, lo mismo que su pont\u00edfice, pero hay evidencias de que tiene una posici\u00f3n distinta a la de Juan Pablo II en la lucha contra la pederastia.<\/p>\n<p>Es Ratzinger quien se ha enfrentado a los miembros de la Curia Romana para cambiar radicalmente la manera de tratar el problema. Todo indica una voluntad real no s\u00f3lo de deslindarse del pasado sino de entrar a una nueva etapa. Algunos especialistas hablan de una lucha en \u201csolitario\u201d contra una Curia refractaria llena de bur\u00f3cratas que no est\u00e1n dispuestos a cambiar ni a ceder sus concepciones y privilegios.<\/p>\n<p>La estrategia de Benedicto XVI tiene tres elementos: reconocer el problema y ventilarlo; entablar cooperaci\u00f3n con las autoridades civiles; acercarse a las v\u00edctimas y darles la raz\u00f3n. Todo en un nuevo lenguaje que no tiene miedo a llamar a las cosas por su nombre. El Papa habla sin ambages de los cr\u00edmenes de los sacerdotes pederastas rompiendo con el tradicional lenguaje curial.<\/p>\n<p>\u00c9l y su portavoz han estado en la primera l\u00ednea de la lucha interna por hacer valer la nueva posici\u00f3n. Los dos, no la Secretar\u00eda de Estado a cargo del cardenal Tarciso Bertrone, son los que fijan la posici\u00f3n del Vaticano sobre ese tema. El Papa ha planteado lo que piensa en un texto fundamental, la carta a la Iglesia irlandesa de marzo 20 de 2010, que vale para toda la catolicidad, y en declaraciones en sitios y momentos precisos.<\/p>\n<p>La carta reconoce la gravedad de los delitos y la respuesta inadecuada que han recibido de las autoridades eclesiales y afirma, en referencia directa a los obispos, que \u201cen particular hubo una tendencia, motivada por buenas intenciones, pero equivocada, de evitar los enfoques penales de las situaciones can\u00f3nicamente irregulares\u201d. Y agrega:<\/p>\n<p>No se puede negar que algunos de ustedes y de sus predecesores han fallado, a veces lamentablemente, a la hora de aplicar las normas del derecho can\u00f3nico sobre los delitos de abusos a ni\u00f1os. Se han cometido graves errores en las respuestas a las acusaciones. Se cometieron graves errores de juicio y hubo fallos de gobierno. Todos esto ha socavado gravemente su credibilidad y eficacia.<\/p>\n<p>A los sacerdotes pederastas les dice: \u201cDeben admitir abiertamente su culpa y someterse a las exigencias de la justicia\u201d. Establece, por lo mismo, la necesidad de una acci\u00f3n urgente para contrarrestar los efectos \u201ctr\u00e1gicos para la vida de las v\u00edctimas y sus familias, que han oscurecido tanto la luz del Evangelio, como no lo hab\u00edan hecho siglos de persecuci\u00f3n\u201d. A los obispos y sacerdotes asegura que \u201cs\u00f3lo una acci\u00f3n decisiva llevada a cabo con total honradez y transparencia restablecer\u00e1 el respeto del pueblo irland\u00e9s por la Iglesia\u2026\u201d. En la carta anuncia que ha ordenado investigar a todas las di\u00f3cesis donde se han registrado casos de sacerdotes que abusaron de menores. Es, aunque a destiempo, la primera vez que un Papa publica un texto centrado en el tema.<\/p>\n<p>El canonista italiano Filippo di Giacomo sostiene que esta reprimenda a los obispos irlandeses tiene consecuencias inmediatas para interpretar el contenido del canon 401, art\u00edculo 2, que dice: \u201cEl obispo diocesano que, por enfermedad o grave causa, resulte no id\u00f3neo para ejercer el ministerio, es vivamente invitado a renunciar a su puesto\u201d. Queda ahora claro que la pederastia y su encubrimiento constituyen ya una \u201cgrave causa\u201d. El Papa se ha valido de ese canon para pedir la renuncia de algunos obispos implicados.<\/p>\n<p>Un sector de la jerarqu\u00eda y muchos miembros de la Curia Romana no terminan de aceptar la realidad y culpan a los medios de comunicaci\u00f3n de la crisis que hoy vive la Iglesia. El Papa les ha salido al paso al tiempo que se deslinda del pasado. Este mayo, en el avi\u00f3n que lo llevaba a Lisboa en su visita a Portugal, dijo a los periodistas que lo acompa\u00f1aban:<\/p>\n<p>Los ataques al Papa y a la Iglesia no s\u00f3lo vienen de fuera sino que el sufrimiento de la Iglesia viene justo del interior de ella, de los pecados que existen en la Iglesia [\u2026] la mayor persecuci\u00f3n no viene de los enemigos de fuera, sino que nace del pecado dentro de ella.<\/p>\n<p>Al portavoz del Papa, Federico Lombardi, le ha tocado tambi\u00e9n definir la nueva estrategia papal. En un congreso sobre comunicaci\u00f3n, celebrado en abril pasado en el Vaticano, plante\u00f3: \u201cEs hora de la verdad, la transparencia y la credibilidad\u2026 El secreto y la discreci\u00f3n no son valores que hagan un favor a la mayor\u00eda\u201d, y reiter\u00f3 que la situaci\u00f3n por la que atraviesa la Iglesia \u201ces extremadamente exigente y nos pide que seamos absolutamente cre\u00edbles y verdaderos\u201d.<\/p>\n<p>Luego, en una intervenci\u00f3n en Radio Vaticano para anunciar el viaje del Papa a Malta, en mayo pasado, Lombardi sostuvo:<\/p>\n<p>El Papa est\u00e1 dispuesto a reunirse con m\u00e1s v\u00edctimas\u2026 y, adem\u00e1s, es necesario proseguir la colaboraci\u00f3n con las autoridades civiles, competentes en los planos judicial y penal, teniendo en cuenta las especificidades jur\u00eddicas y de circunstancias en los diferentes pa\u00edses [y asegur\u00f3 que esa] es la \u00fanica forma que nos permitir\u00e1 restablecer un clima de justicia y de plena confianza en la instituci\u00f3n eclesial.<\/p>\n<p>Al referirse a las v\u00edctimas plante\u00f3 que \u201csobre todo hay que buscar la verdad y la paz para los ofendidos\u201d. Ya en Malta, despu\u00e9s de la reuni\u00f3n del Papa con ocho v\u00edctimas, el portavoz dijo a la prensa que Ratzinger les hab\u00eda asegurado que la Iglesia<\/p>\n<p>est\u00e1 haciendo y har\u00e1 todo lo que est\u00e9 de su parte para investigar las acusaciones, para llevar ante la justicia a los responsables de los abusos y para implementar medidas efectivas dise\u00f1adas para proteger a la gente joven en el futuro.<\/p>\n<p>El doble crimen<\/p>\n<p>La crisis de la iglesia apost\u00f3lica romana es producto de hechos sucedidos en los \u00faltimos 60 a\u00f1os, pero que hasta ahora se conocen. A la gravedad de los abusos se a\u00f1ade, doble crimen, la protecci\u00f3n dada por las autoridades eclesiales a los sacerdotes pederastas bajo el absurdo argumento de evitar el esc\u00e1ndalo. Algunos obispos, con honrosas excepciones, trataron de esconder el problema, lo cual permiti\u00f3 que estos cl\u00e9rigos y religioso siguieran abusando de sus v\u00edctimas. La actuaci\u00f3n de la Iglesia jer\u00e1rquica no tiene justificaci\u00f3n alguna. Los sacerdotes pederastas y los obispos que los protegieron deben ser juzgados por las autoridades civiles.<\/p>\n<p>El jesuita espa\u00f1ol Juan Masi\u00e1, profesor de bio\u00e9tica en Osaka (Jap\u00f3n), sostiene:<\/p>\n<p>En el debate reciente de los casos de abusos sexuales por parte de cl\u00e9rigos o religiosos, el punto central es, a mi parecer, el del ocultamiento, apelando por una parte a la conciencia de algunas personas para imponer silencio y pagando el silencio de otros de diversas maneras. Este silencio inmoral es muy distinto al silencio \u00e9tico de quien guarda un secreto profesional, por ejemplo, un abogado, un m\u00e9dico o un sacerdote al respetar la privacidad del cliente.<\/p>\n<p>Dentro de la Iglesia forcejean dos tendencias con relaci\u00f3n a la pederastia y sus secuelas: la que privilegia el ocultamiento y se niega a cooperar con las autoridades civiles, y la que sostiene la necesidad de transparencia, rendici\u00f3n de cuentas y cooperaci\u00f3n con las autoridades civiles. Los hechos demuestran que Benedicto XVI es quien impulsa la segunda iniciativa. Est\u00e1n ah\u00ed sus declaraciones, pero tambi\u00e9n la suspensi\u00f3n de sacerdotes y obispos. Es probable, que ante la gravedad de los hechos, el Papa se haya visto obligado a tomar esa decisi\u00f3n. Algunos vatican\u00f3logos plantean que no ten\u00eda otra alternativa.<\/p>\n<p>Se puede criticar al cardenal Ratzinger por no haber actuado con decisi\u00f3n cuando estuvo a cargo de la Congregaci\u00f3n para la Doctrina de la Fe. De eso no hay duda, pero ahora es evidente que defini\u00f3 con claridad su posici\u00f3n y trabaja a favor de ella. Con su actuaci\u00f3n est\u00e1 logrando romper el secretismo, que es la forma en la que siempre han actuado los bur\u00f3cratas de la Curia Romana. El problema que enfrenta la Iglesia remite al tema de la \u00e9tica p\u00fablica, a la honradez que se pide a todo el que ejerce una funci\u00f3n institucional, sea civil o religiosa.<\/p>\n","protected":false},"excerpt":{"rendered":"<p>Rub\u00e9n Aguilar Valenzuela La iglesia cat\u00f3lica romana vive una de las crisis m\u00e1s severas de su historia por los esc\u00e1ndalos de pederastia y por su encubrimiento de parte de los obispos y del papa Juan Pablo II. La instituci\u00f3n protegi\u00f3 durante d\u00e9cadas a sacerdotes y religiosos pederastas y maltratadores, pol\u00edtica que puso en duda la [&hellip;]<\/p>\n","protected":false},"author":1,"featured_media":14367,"comment_status":"open","ping_status":"open","sticky":false,"template":"","format":"standard","meta":{"om_disable_all_campaigns":false,"_monsterinsights_skip_tracking":false,"_monsterinsights_sitenote_active":false,"_monsterinsights_sitenote_note":"","_monsterinsights_sitenote_category":0,"footnotes":""},"categories":[12,13],"tags":[1553,1649,1546,1647,1650,1545,1548,1648,1651],"class_list":["post-14366","post","type-post","status-publish","format-standard","has-post-thumbnail","hentry","category-blugs","category-portada","tag-benedicto-xvi","tag-doctrina-de-la-fe","tag-iglesia-catolica","tag-juan-pablo-ii","tag-maciel","tag-pederastia","tag-pedofilia","tag-pleito-entre-papas","tag-ratzinger"],"aioseo_notices":[],"_links":{"self":[{"href":"https:\/\/elcronistadigital.com\/index.php?rest_route=\/wp\/v2\/posts\/14366","targetHints":{"allow":["GET"]}}],"collection":[{"href":"https:\/\/elcronistadigital.com\/index.php?rest_route=\/wp\/v2\/posts"}],"about":[{"href":"https:\/\/elcronistadigital.com\/index.php?rest_route=\/wp\/v2\/types\/post"}],"author":[{"embeddable":true,"href":"https:\/\/elcronistadigital.com\/index.php?rest_route=\/wp\/v2\/users\/1"}],"replies":[{"embeddable":true,"href":"https:\/\/elcronistadigital.com\/index.php?rest_route=%2Fwp%2Fv2%2Fcomments&post=14366"}],"version-history":[{"count":3,"href":"https:\/\/elcronistadigital.com\/index.php?rest_route=\/wp\/v2\/posts\/14366\/revisions"}],"predecessor-version":[{"id":14371,"href":"https:\/\/elcronistadigital.com\/index.php?rest_route=\/wp\/v2\/posts\/14366\/revisions\/14371"}],"wp:featuredmedia":[{"embeddable":true,"href":"https:\/\/elcronistadigital.com\/index.php?rest_route=\/wp\/v2\/media\/14367"}],"wp:attachment":[{"href":"https:\/\/elcronistadigital.com\/index.php?rest_route=%2Fwp%2Fv2%2Fmedia&parent=14366"}],"wp:term":[{"taxonomy":"category","embeddable":true,"href":"https:\/\/elcronistadigital.com\/index.php?rest_route=%2Fwp%2Fv2%2Fcategories&post=14366"},{"taxonomy":"post_tag","embeddable":true,"href":"https:\/\/elcronistadigital.com\/index.php?rest_route=%2Fwp%2Fv2%2Ftags&post=14366"}],"curies":[{"name":"wp","href":"https:\/\/api.w.org\/{rel}","templated":true}]}}