{"id":14587,"date":"2013-02-20T07:24:09","date_gmt":"2013-02-20T13:24:09","guid":{"rendered":"http:\/\/elcronistadigital.com\/?p=14587"},"modified":"2013-02-20T07:24:09","modified_gmt":"2013-02-20T13:24:09","slug":"hugo-chavez-y-que-tal-si-no-te-mueres","status":"publish","type":"post","link":"https:\/\/elcronistadigital.com\/?p=14587","title":{"rendered":"Hugo Ch\u00e1vez, \u00bfy qu\u00e9 tal si no te mueres?"},"content":{"rendered":"<div id=\"attachment_14588\" style=\"width: 293px\" class=\"wp-caption alignright\"><a href=\"https:\/\/elcronistadigital.com\/?attachment_id=14588\" rel=\"attachment wp-att-14588\"><img loading=\"lazy\" decoding=\"async\" aria-describedby=\"caption-attachment-14588\" class=\"size-full wp-image-14588\" title=\"HugoCh\u00e1vez\" src=\"https:\/\/elcronistadigital.com\/wp-content\/uploads\/2013\/02\/HugoCh\u00e1vez.jpg\" alt=\"\" width=\"283\" height=\"178\" \/><\/a><p id=\"caption-attachment-14588\" class=\"wp-caption-text\">El presidente de Venezuela, Hugo Ch\u00e1vez Fr\u00edas.<\/p><\/div>\n<p>Nafer Velaides (*)<\/p>\n<p>\u00bfY qu\u00e9 tal si no te mueres? Con esta macabra frase le respondi\u00f3 la sorprendida esposa a su marido cuando en sus \u00faltimos suspiros en su lecho de moribundo, le pregunt\u00f3 en forma confidencial sobre la paternidad de su segundo hijo.<\/p>\n<p>No hay otro pre\u00e1mbulo preciso para esta nota que este; porque lo que est\u00e1 pasando en nuestra hermana Rep\u00fablica de Venezuela es muy parecido; un pueblo agolpado alrededor de la cama del convaleciente coronel donde una parte dice y quiere que se prolongue su vida y otra parte un poco m\u00e1s peque\u00f1a que hace esfuerzos notorios por su desaparici\u00f3n.<\/p>\n<p>En nuestra historia reciente, no hemos conocido un caso parecido, donde estamos viendo hasta d\u00f3nde puede llevar la ambici\u00f3n del poder, dejando atr\u00e1s valores tan preciados como la vida; eso mismo est\u00e1 pasando en el Vaticano, seg\u00fan la opini\u00f3n de expertos conocedores de la problem\u00e1tica de la Santa Sede.<\/p>\n<p>Dios es el due\u00f1o de la vida y muy bien que lo sabemos quienes oramos en favor de su salud, como tambi\u00e9n lo saben los que se placen en ver descender al sepulcro al bolivariano presidente; me imagino c\u00f3mo ser\u00eda si haciendo un parang\u00f3n democr\u00e1tico, se les consultaran a trav\u00e9s de las urnas la continuidad o no de la vida de Hugo Ch\u00e1vez Fr\u00edas, me imagino, lo digo de nuevo, c\u00f3mo ser\u00eda, pero no lo relato, porque en la vida nadie tiene la \u00faltima palabra, el sentido com\u00fan de la convivencia social muestra que el deseo ferviente de los humanos es la vida y no la muerte, pero de d\u00f3nde sale tanto odio, reparos, etc.<\/p>\n<p>\u00bfQu\u00e9 tal si no muere? Y si por el contrario Dios le sana y le levanta como lo estamos pidiendo muchas personas que nada tenemos que ver con la problem\u00e1tica venezolana. Me imagino que los que le han augurado deseos mortales, se estar\u00edan negando a boca de urna, que ellos no lo hab\u00edan dicho ni deseado. Las probabilidades de vida del l\u00edder venezolano Hugo Ch\u00e1vez son m\u00e1s altas que muchos de los que se est\u00e1n creyendo sanos, basta con saber que los pensamientos de Dios para con este personaje son de vida y no de muerte; qu\u00e9 ir\u00e1 a decir el m\u00e9dico Marquina que le vaticina pocos d\u00edas, y los pol\u00edticos que le cuentan las horas.<\/p>\n<p>En el pasado algo similar suced\u00eda en el circo romano, donde los fieros leones devoraban a los cristianos bajo el aplauso placentero y complaciente de los paganos; qu\u00e9 pensar\u00edan esos mismos fan\u00e1ticos de la muerte si un d\u00eda ese le\u00f3n los acorralara, qu\u00e9 pensar\u00edan los que quieren y se alegran de la enfermedad del caudillo patriota si ese c\u00e1ncer que tanta fuerza le hacen para que acabe a Ch\u00e1vez, se les presentara un d\u00eda sin anunciarse en las vidas de ellos mismos o de sus familiares, cual le\u00f3n rugiente buscando a quien devorar; qu\u00e9 pensar\u00edan.<\/p>\n<p>Afortunadamente no somos venezolanos ni tenemos intereses en la pol\u00edtica interna de esta naci\u00f3n y eso nos permite ver con un \u00e1ngulo diferente las cosas; en pa\u00edses como el nuestro, tambi\u00e9n se recurre a la muerte como arma pol\u00edtica y de eso los colombianos s\u00ed que sabemos bastante, pero jam\u00e1s nos alegraremos con la calamidad humana, y si hay que apoyar al contrincante se le apoya como los buenos gladiadores que esperan con la espada en la mano a que su adversario de levante y contin\u00fae la contienda, y no le dan la estocada en el suelo al moribundo rival.<\/p>\n<p>Miren lo que dice el due\u00f1o de la vida en Eclesiast\u00e9s 9:4: \u201cA\u00fan hay esperanza para todo aquel que est\u00e1 entre los vivos; porque mejor es perro vivo que le\u00f3n muerto\u201d. Qu\u00e9 tal esta premisa divina, hay esperanza mientras se tenga vida, quiz\u00e1s Dios le est\u00e1 dando una lecci\u00f3n a este le\u00f3n bolivariano para que sea m\u00e1s humilde y pueda as\u00ed tener el apoyo y respaldo de todo su pueblo; lo de gobernar deber\u00eda ser una opci\u00f3n para Ch\u00e1vez, pero lo m\u00e1s lindo que \u00e9l debiera aspirar hoy por hoy y pedirle a Dios, debe ser la vida, as\u00ed sea peque\u00f1o como el canino; en la mayor\u00eda de las veces, Dios quiere hacer morir al felino que llevamos dentro.<\/p>\n<p>(*( soyperiodista.com<\/p>\n","protected":false},"excerpt":{"rendered":"<p>Nafer Velaides (*) \u00bfY qu\u00e9 tal si no te mueres? Con esta macabra frase le respondi\u00f3 la sorprendida esposa a su marido cuando en sus \u00faltimos suspiros en su lecho de moribundo, le pregunt\u00f3 en forma confidencial sobre la paternidad de su segundo hijo. No hay otro pre\u00e1mbulo preciso para esta nota que este; porque [&hellip;]<\/p>\n","protected":false},"author":1,"featured_media":14588,"comment_status":"open","ping_status":"open","sticky":false,"template":"","format":"standard","meta":{"om_disable_all_campaigns":false,"_monsterinsights_skip_tracking":false,"_monsterinsights_sitenote_active":false,"_monsterinsights_sitenote_note":"","_monsterinsights_sitenote_category":0,"footnotes":""},"categories":[12],"tags":[1790,1789,284],"class_list":["post-14587","post","type-post","status-publish","format-standard","has-post-thumbnail","hentry","category-blugs","tag-cancer-de-hugo-chavez","tag-hugo-chavez","tag-venezuela"],"aioseo_notices":[],"_links":{"self":[{"href":"https:\/\/elcronistadigital.com\/index.php?rest_route=\/wp\/v2\/posts\/14587","targetHints":{"allow":["GET"]}}],"collection":[{"href":"https:\/\/elcronistadigital.com\/index.php?rest_route=\/wp\/v2\/posts"}],"about":[{"href":"https:\/\/elcronistadigital.com\/index.php?rest_route=\/wp\/v2\/types\/post"}],"author":[{"embeddable":true,"href":"https:\/\/elcronistadigital.com\/index.php?rest_route=\/wp\/v2\/users\/1"}],"replies":[{"embeddable":true,"href":"https:\/\/elcronistadigital.com\/index.php?rest_route=%2Fwp%2Fv2%2Fcomments&post=14587"}],"version-history":[{"count":3,"href":"https:\/\/elcronistadigital.com\/index.php?rest_route=\/wp\/v2\/posts\/14587\/revisions"}],"predecessor-version":[{"id":14591,"href":"https:\/\/elcronistadigital.com\/index.php?rest_route=\/wp\/v2\/posts\/14587\/revisions\/14591"}],"wp:featuredmedia":[{"embeddable":true,"href":"https:\/\/elcronistadigital.com\/index.php?rest_route=\/wp\/v2\/media\/14588"}],"wp:attachment":[{"href":"https:\/\/elcronistadigital.com\/index.php?rest_route=%2Fwp%2Fv2%2Fmedia&parent=14587"}],"wp:term":[{"taxonomy":"category","embeddable":true,"href":"https:\/\/elcronistadigital.com\/index.php?rest_route=%2Fwp%2Fv2%2Fcategories&post=14587"},{"taxonomy":"post_tag","embeddable":true,"href":"https:\/\/elcronistadigital.com\/index.php?rest_route=%2Fwp%2Fv2%2Ftags&post=14587"}],"curies":[{"name":"wp","href":"https:\/\/api.w.org\/{rel}","templated":true}]}}