{"id":14602,"date":"2013-02-20T10:01:35","date_gmt":"2013-02-20T16:01:35","guid":{"rendered":"http:\/\/elcronistadigital.com\/?p=14602"},"modified":"2013-02-20T10:01:35","modified_gmt":"2013-02-20T16:01:35","slug":"inundaciones-rurales-lo-que-no-se-ve-ni-se-aprecia","status":"publish","type":"post","link":"https:\/\/elcronistadigital.com\/?p=14602","title":{"rendered":"Inundaciones rurales, lo que no se ve ni se aprecia"},"content":{"rendered":"<p><a href=\"https:\/\/elcronistadigital.com\/?attachment_id=14603\" rel=\"attachment wp-att-14603\"><img loading=\"lazy\" decoding=\"async\" class=\"alignleft size-medium wp-image-14603\" title=\"inundaciones_en_cordoba_3\" src=\"https:\/\/elcronistadigital.com\/wp-content\/uploads\/2013\/02\/inundaciones_en_cordoba_3-300x225.jpg\" alt=\"\" width=\"300\" height=\"225\" srcset=\"https:\/\/elcronistadigital.com\/wp-content\/uploads\/2013\/02\/inundaciones_en_cordoba_3-300x225.jpg 300w, https:\/\/elcronistadigital.com\/wp-content\/uploads\/2013\/02\/inundaciones_en_cordoba_3-342x256.jpg 342w, https:\/\/elcronistadigital.com\/wp-content\/uploads\/2013\/02\/inundaciones_en_cordoba_3-60x45.jpg 60w, https:\/\/elcronistadigital.com\/wp-content\/uploads\/2013\/02\/inundaciones_en_cordoba_3-150x113.jpg 150w, https:\/\/elcronistadigital.com\/wp-content\/uploads\/2013\/02\/inundaciones_en_cordoba_3-269x201.jpg 269w, https:\/\/elcronistadigital.com\/wp-content\/uploads\/2013\/02\/inundaciones_en_cordoba_3.jpg 700w\" sizes=\"auto, (max-width: 300px) 100vw, 300px\" \/><\/a>Dr. Enrique Rimbaud<\/p>\n<p>En el a\u00f1o 1993, en el Congreso Mundial de Medicina Veterinaria organizado por la WVA en R\u00edo de Janeiro, la Asociaci\u00f3n Mundial de Veterinaria incluy\u00f3 la \u201cDesastrolog\u00eda\u201d, o la Medicina Veterinaria de Desastres como una de las 78 especialidades de la carrera de Medicina Veterinaria a nivel mundial\u2026 mucha agua ha pasado bajo el puente, y no es una met\u00e1fora literal, pero es la fecha, y a\u00fan no tenemos signos claros de elaboraci\u00f3n de protocolos veterinarios o el dise\u00f1o de especializaciones por parte de la academia.<\/p>\n<p>No obstante, cientos son los veterinarios que a trav\u00e9s de diferentes organizaciones, con diferentes protocolos y metodolog\u00edas, se han introducido de lleno en el mundo tan diverso y lleno de complicaciones de los desastres naturales\u2026<\/p>\n<p>Dir\u00eda, sin temor a equivocarme, que m\u00e1s all\u00e1 de los protocolos, las metodolog\u00edas y las t\u00e9cnicas que se utilicen en cada caso, partiendo de la base que no hay dos eventos iguales, la mayor parte de las complicaciones analizadas no son m\u00e1s que factores inherentes, impl\u00edcitos e \u00ednclitos en la propia condici\u00f3n humana.<\/p>\n<p>De alguna manera, estas actividades han hecho que nos reuni\u00e9ramos y junt\u00e1ramos con vulcan\u00f3logos, sism\u00f3logos, bi\u00f3logos, bio economistas, soci\u00f3logos, y otras tantas disciplinas, que aferrados a\u00fan a las ideas darwiniescas pretenden sistematizar los eventos, intentando poder cuantificarlos, con el af\u00e1n de comparar, hito esencial de la ciencia misma, tratando de no caer en el empirismo.<\/p>\n<p>Pero, hay cosas y aspectos muy importantes, dif\u00edciles o imposibles de cuantificar, que hacen a lo terrible de un evento del tipo de las inundaciones, o de cualquier tipo de evento. Aspectos biol\u00f3gicos, aspectos tecnol\u00f3gicos, o, los que son m\u00e1s importantes, aspectos ligados a la propia esencia mis\u00f3gina caracter\u00edstica de todo ser humano.<\/p>\n<p>Un primer aspecto a tener en cuenta, para ir analizando desde aspectos biol\u00f3gicos hacia los espirituales por \u00faltimo, es la alteraci\u00f3n del ecosistema, sobre todo, cuando hablamos de comunidades rurales, en su mayor\u00eda dedicadas a la ganader\u00eda y a la agricultura.<\/p>\n<p>Pero, el fen\u00f3meno al que me refiero, no es a la alteraci\u00f3n en fauna y flora, sino a la degradaci\u00f3n y erosi\u00f3n del suelo, suelo que por a\u00f1os y con las modernas tecnolog\u00edas naturales disponibles los campesinos iban enriqueciendo y fertilizando, usando t\u00e9cnicas de riego sostenibles, que se deterioran, perdiendo nutrientes y minerales esenciales para el crecimiento de las plantas, echando abajo a\u00f1os de trabajo y mantenimiento, empobreciendo paulatinamente la tierra con la que ellos plantaban procurando su alimento, su seguridad alimentaria, su sost\u00e9n a trav\u00e9s de la venta de alimentos producidos por sus manos y con el sudor de sus frentes.<\/p>\n<p>Mucho se ha estudiado del fen\u00f3meno del Valle del Nilo, grandes extensiones de desierto enriquecidas por el limo dejado por el rio sagrado en las arenas tras cada inundaci\u00f3n o crecida, y eso ha sido un fen\u00f3meno fabuloso, ra\u00edz y esencia de la grandeza de Egipto en la \u00e9poca de los faraones\u2026 pero, modernamente, el fen\u00f3meno se da al rev\u00e9s, crecen los r\u00edos en los valles ya dedicados a la agricultura, sufren las inundaciones, provocando una profunda lixiviaci\u00f3n y con las aguas, se van los fertilizantes, los minerales, la propia vida intensa de la tierra, con gran mortandad de lombrices, insectos y bacterias valiosas!!!<\/p>\n<p>Cuando el fen\u00f3meno se reitera por circunstancias variadas, la degradaci\u00f3n de la tierra es tal, que muchas familias optan por migrar, algunas, pocas, a otros lugares dif\u00edciles de encontrar donde haya tierra f\u00e9rtil para seguir trabajando en lo que hacen, saben y conocen, otras, la gran mayor\u00eda, migran a las ciudades, profundizando la miseria, los niveles de pobreza, el macroencefalismo citadino, y por qu\u00e9 no, tambi\u00e9n la violencia y la criminalidad generadas en la desesperaci\u00f3n de conseguir dinero para alimentar y vestir a la familia frente a la ausencia de fuentes de trabajo.<\/p>\n<p>Hemos observado tambi\u00e9n, que en las inundaciones rurales, los hombres hacen ir a sus familias hacia refugios y lugares seguros, permaneciendo ellos en sus casas, en el orgullo y la desesperaci\u00f3n de no dejar nada en las posibles manos de merodeadores, que aprovech\u00e1ndose de la desgracia ajena, entren a robar las escasas pertenencias de la familia\u2026 claro, que esto lleva a que haya un nivel grande de p\u00e9rdidas humanas, sobre todo de padres de familia, que luego complicar\u00e1 la recuperaci\u00f3n econ\u00f3mica de la familia post evento.<\/p>\n<p>El deterioro de las casas, con paredes e instalaciones sanitarias infiltradas de agua, techos arrancados, muebles perdidos, enseres inutilizados, son cosas tambi\u00e9n muy dif\u00edciles de cuantificar.<\/p>\n<p>Lo sentimental, las p\u00e9rdidas de fotos, recuerdos, documentos, todo lo que hace a la esencia de pertenencia y pertinencia.<\/p>\n<p>\u00bfY la misoginia, esencia misma del ser humano, la estructuraci\u00f3n de la vida por anhelos, c\u00f3mo cuantificarla? La vaca destinada al cumplea\u00f1os de quince de la hija, el cerdo que iba a ser la delicia de la familia a fin de a\u00f1o, el cerdo destinado a la graduaci\u00f3n del hijo, la gallina para el cumplea\u00f1os de la mujer\u2026 \u00bfc\u00f3mo cuantificamos esto?<\/p>\n<p>Ni hablar del caballo que ara la tierra, lleva la cosecha, lleva los chavalos a la escuela, lleva al m\u00e9dico a los enfermos, acarrea agua, fertilizantes, granos, no podemos darle un valor comercial o de moneda de cambio.<\/p>\n<p>Y por \u00faltimo, no menos importante, el temor que queda, la sensaci\u00f3n de zozobra de la familia que logr\u00f3 sobrevivir con cada lluvia que amanezca, con cada tormenta que se avecine.<\/p>\n<p>Por ello, m\u00e1s all\u00e1 de nuestra necesidad de cuantificar, de establecer un banco de datos que nos permita comparar, analizar aciertos y errores, cuando trabajamos en desastres, lo fundamental, es no perder nuestra condici\u00f3n de ser humano, y sobre todo, tener la capacidad de comprender, de entender el sufrimiento ajeno mas all\u00e1 de lo econ\u00f3mico y lo verdaderamente cuantificable.<\/p>\n<p>Sigamos trabajando, que lo que hacemos, es por toda la humanidad.<\/p>\n<p>presidencia@fundacionamarte.org<br \/>\n505 22773415 \/ 505 88521488<\/p>\n","protected":false},"excerpt":{"rendered":"<p>Dr. Enrique Rimbaud En el a\u00f1o 1993, en el Congreso Mundial de Medicina Veterinaria organizado por la WVA en R\u00edo de Janeiro, la Asociaci\u00f3n Mundial de Veterinaria incluy\u00f3 la \u201cDesastrolog\u00eda\u201d, o la Medicina Veterinaria de Desastres como una de las 78 especialidades de la carrera de Medicina Veterinaria a nivel mundial\u2026 mucha agua ha pasado [&hellip;]<\/p>\n","protected":false},"author":1,"featured_media":14603,"comment_status":"open","ping_status":"open","sticky":false,"template":"","format":"standard","meta":{"om_disable_all_campaigns":false,"_monsterinsights_skip_tracking":false,"_monsterinsights_sitenote_active":false,"_monsterinsights_sitenote_note":"","_monsterinsights_sitenote_category":0,"footnotes":""},"categories":[12],"tags":[1017,1798,1616],"class_list":["post-14602","post","type-post","status-publish","format-standard","has-post-thumbnail","hentry","category-blugs","tag-enrique-rimbaud","tag-inundaciones-rurales","tag-veterinaria"],"aioseo_notices":[],"_links":{"self":[{"href":"https:\/\/elcronistadigital.com\/index.php?rest_route=\/wp\/v2\/posts\/14602","targetHints":{"allow":["GET"]}}],"collection":[{"href":"https:\/\/elcronistadigital.com\/index.php?rest_route=\/wp\/v2\/posts"}],"about":[{"href":"https:\/\/elcronistadigital.com\/index.php?rest_route=\/wp\/v2\/types\/post"}],"author":[{"embeddable":true,"href":"https:\/\/elcronistadigital.com\/index.php?rest_route=\/wp\/v2\/users\/1"}],"replies":[{"embeddable":true,"href":"https:\/\/elcronistadigital.com\/index.php?rest_route=%2Fwp%2Fv2%2Fcomments&post=14602"}],"version-history":[{"count":3,"href":"https:\/\/elcronistadigital.com\/index.php?rest_route=\/wp\/v2\/posts\/14602\/revisions"}],"predecessor-version":[{"id":14606,"href":"https:\/\/elcronistadigital.com\/index.php?rest_route=\/wp\/v2\/posts\/14602\/revisions\/14606"}],"wp:featuredmedia":[{"embeddable":true,"href":"https:\/\/elcronistadigital.com\/index.php?rest_route=\/wp\/v2\/media\/14603"}],"wp:attachment":[{"href":"https:\/\/elcronistadigital.com\/index.php?rest_route=%2Fwp%2Fv2%2Fmedia&parent=14602"}],"wp:term":[{"taxonomy":"category","embeddable":true,"href":"https:\/\/elcronistadigital.com\/index.php?rest_route=%2Fwp%2Fv2%2Fcategories&post=14602"},{"taxonomy":"post_tag","embeddable":true,"href":"https:\/\/elcronistadigital.com\/index.php?rest_route=%2Fwp%2Fv2%2Ftags&post=14602"}],"curies":[{"name":"wp","href":"https:\/\/api.w.org\/{rel}","templated":true}]}}