{"id":147,"date":"2010-05-27T19:17:11","date_gmt":"2010-05-27T19:17:11","guid":{"rendered":"http:\/\/elcronistadigital.com\/?p=147"},"modified":"2011-06-01T19:17:34","modified_gmt":"2011-06-01T19:17:34","slug":"costa-rica-avanza-en-planes-de-refineria","status":"publish","type":"post","link":"https:\/\/elcronistadigital.com\/?p=147","title":{"rendered":"Costa Rica avanza en planes de refiner\u00eda"},"content":{"rendered":"<p style=\"text-align: justify;\"><a href=\"https:\/\/elcronistadigital.com\/wp-content\/uploads\/2011\/06\/Refiner\u00c3\u00ada.jpg\"><img loading=\"lazy\" decoding=\"async\" class=\"alignleft size-medium wp-image-148\" title=\"Refiner\u00c3\u00ada\" src=\"https:\/\/elcronistadigital.com\/wp-content\/uploads\/2011\/06\/Refiner\u00c3\u00ada-241x300.jpg\" alt=\"\" width=\"241\" height=\"300\" srcset=\"https:\/\/elcronistadigital.com\/wp-content\/uploads\/2011\/06\/Refiner\u00c3\u00ada-241x300.jpg 241w, https:\/\/elcronistadigital.com\/wp-content\/uploads\/2011\/06\/Refiner\u00c3\u00ada.jpg 300w\" sizes=\"auto, (max-width: 241px) 100vw, 241px\" \/><\/a>El proyecto de construcci\u00f3n de una refiner\u00eda en Costa Rica sigue con paso firme, mientras que en Nicaragua el \u201cSupremo Sue\u00f1o de Bol\u00edvar\u201d no acaba de despegar pese a las promesas hechas por el presidente venezolano Hugo Ch\u00e1vez hace cuatro a\u00f1os.<\/p>\n<p style=\"text-align: justify;\">El diario La Naci\u00f3n inform\u00f3 que la empresa conjunta entre la Refinadora Costarricense de Petr\u00f3leo (Recope) y la petrolera china CNPC ya entr\u00f3 en operaciones, aunque sigue sin realizarse la primera sesi\u00f3n de su junta directiva integrada por costarricenses y chinos.<\/p>\n<p style=\"text-align: justify;\">\u00bfQu\u00e9 ha pasado en Nicaragua? Hasta el momento s\u00f3lo podemos aplicar el famoso Soliloquio de Segismundo, de Calder\u00f3n de la Barca, que termina una de sus estrofas as\u00ed: \u201c\u2026 que toda la vida es sue\u00f1o, y los sue\u00f1os, sue\u00f1os son\u201d.<\/p>\n<p style=\"text-align: justify;\">Y con todas las esperanzas que nos han metido en la cabeza, podr\u00edamos agregar aquella otra estrofa del mismo poema parafraseado por Joan Manuel Serrat: \u201cSue\u00f1a el rico en su riqueza\u2026 sue\u00f1a el pobre que padece su miseria y su pobreza\u201d.<\/p>\n<p style=\"text-align: justify;\">El \u201cSupremo Sue\u00f1o\u201d ha sido s\u00f3lo eso. Por eso bien dicen que cuando algo es demasiado bueno para que sea cierto, es porque no es cierto. Aqu\u00ed pusieron dos veces la primera piedra de la refiner\u00eda que costar\u00eda unos dos mil 500 millones de d\u00f3lares y se dej\u00f3 de hablar del asunto.<\/p>\n<p style=\"text-align: justify;\">Y ahora la construcci\u00f3n se ve m\u00e1s dif\u00edcil con la crisis econ\u00f3mica que atraviesa Venezuela, y que la tiene sumida junto a Nicaragua, en el fondo de la fosa en cuanto a posibilidades de crecimiento econ\u00f3mico y desarrollo, al contrario del resto de Am\u00e9rica Latina.<\/p>\n<p style=\"text-align: justify;\">Los ticos, que han demostrado ser m\u00e1s eficientes que nosotros, ya est\u00e1n revisando las observaciones finales para trabajar en los pr\u00f3ximos d\u00edas en el documento definitivo, seg\u00fan detall\u00f3 Jorge Rojas, director de gesti\u00f3n del proyecto de ampliaci\u00f3n.<\/p>\n<p style=\"text-align: justify;\">La Naci\u00f3n se\u00f1ala que de este estudio depender\u00e1 que el proyecto, estimado en unos $1.000 millones, se concrete. Entre las condiciones, est\u00e1 que asegure una tasa de rentabilidad del 16%, pues as\u00ed lo exige el Gobierno chino para autorizar la participaci\u00f3n de sus empresas.<\/p>\n<p style=\"text-align: justify;\">Si el estudio de factibilidad llena las expectativas, vendr\u00e1 la etapa de construcci\u00f3n, que posiblemente quedar\u00e1 en manos de la propia CNPC. El plan es que Soresco le alquile a Recope la nueva refiner\u00eda por 15 a\u00f1os, con opci\u00f3n de compra.<\/p>\n","protected":false},"excerpt":{"rendered":"<p>El proyecto de construcci\u00f3n de una refiner\u00eda en Costa Rica sigue con paso firme, mientras que en Nicaragua el \u201cSupremo Sue\u00f1o de Bol\u00edvar\u201d no acaba de despegar pese a las promesas hechas por el presidente venezolano Hugo Ch\u00e1vez hace cuatro a\u00f1os. El diario La Naci\u00f3n inform\u00f3 que la empresa conjunta entre la Refinadora Costarricense de [&hellip;]<\/p>\n","protected":false},"author":1,"featured_media":148,"comment_status":"open","ping_status":"open","sticky":false,"template":"","format":"standard","meta":{"om_disable_all_campaigns":false,"_monsterinsights_skip_tracking":false,"_monsterinsights_sitenote_active":false,"_monsterinsights_sitenote_note":"","_monsterinsights_sitenote_category":0,"footnotes":""},"categories":[3],"tags":[],"class_list":["post-147","post","type-post","status-publish","format-standard","has-post-thumbnail","hentry","category-nacionales"],"aioseo_notices":[],"_links":{"self":[{"href":"https:\/\/elcronistadigital.com\/index.php?rest_route=\/wp\/v2\/posts\/147","targetHints":{"allow":["GET"]}}],"collection":[{"href":"https:\/\/elcronistadigital.com\/index.php?rest_route=\/wp\/v2\/posts"}],"about":[{"href":"https:\/\/elcronistadigital.com\/index.php?rest_route=\/wp\/v2\/types\/post"}],"author":[{"embeddable":true,"href":"https:\/\/elcronistadigital.com\/index.php?rest_route=\/wp\/v2\/users\/1"}],"replies":[{"embeddable":true,"href":"https:\/\/elcronistadigital.com\/index.php?rest_route=%2Fwp%2Fv2%2Fcomments&post=147"}],"version-history":[{"count":2,"href":"https:\/\/elcronistadigital.com\/index.php?rest_route=\/wp\/v2\/posts\/147\/revisions"}],"predecessor-version":[{"id":150,"href":"https:\/\/elcronistadigital.com\/index.php?rest_route=\/wp\/v2\/posts\/147\/revisions\/150"}],"wp:featuredmedia":[{"embeddable":true,"href":"https:\/\/elcronistadigital.com\/index.php?rest_route=\/wp\/v2\/media\/148"}],"wp:attachment":[{"href":"https:\/\/elcronistadigital.com\/index.php?rest_route=%2Fwp%2Fv2%2Fmedia&parent=147"}],"wp:term":[{"taxonomy":"category","embeddable":true,"href":"https:\/\/elcronistadigital.com\/index.php?rest_route=%2Fwp%2Fv2%2Fcategories&post=147"},{"taxonomy":"post_tag","embeddable":true,"href":"https:\/\/elcronistadigital.com\/index.php?rest_route=%2Fwp%2Fv2%2Ftags&post=147"}],"curies":[{"name":"wp","href":"https:\/\/api.w.org\/{rel}","templated":true}]}}