{"id":1471,"date":"2011-01-18T00:57:38","date_gmt":"2011-01-18T00:57:38","guid":{"rendered":"http:\/\/elcronistadigital.com\/?p=1471"},"modified":"2011-06-03T00:58:10","modified_gmt":"2011-06-03T00:58:10","slug":"prestigioso-medico-frances-ensenara-a-detectar-y-prevenir-cancer-en-mujeres","status":"publish","type":"post","link":"https:\/\/elcronistadigital.com\/?p=1471","title":{"rendered":"Prestigioso m\u00e9dico franc\u00e9s ense\u00f1ar\u00e1 a detectar y prevenir c\u00e1ncer en mujeres"},"content":{"rendered":"<div class=\"art-article\">\n<p style=\"text-align: justify;\"><a href=\"https:\/\/elcronistadigital.com\/wp-content\/uploads\/2011\/06\/cancer-cervicouterino.jpg\"><img loading=\"lazy\" decoding=\"async\" class=\"alignleft size-full wp-image-1472\" title=\"cancer-cervicouterino\" src=\"https:\/\/elcronistadigital.com\/wp-content\/uploads\/2011\/06\/cancer-cervicouterino.jpg\" alt=\"\" width=\"300\" height=\"219\" \/><\/a><\/p>\n<p style=\"text-align: justify;\">El doctor Remy Catabellt, prestigioso m\u00e9dico docente de la Universidad de Par\u00eds, Francia, dirigir\u00e1 a lo largo de esta semana una jornada cient\u00edfica en el Hospital Escuela \u00abOscar Danilo Rosales Arg\u00fcello\u00bb de Le\u00f3n, sobre temas ginecol\u00f3gicos como la detecci\u00f3n y prevenci\u00f3n del c\u00e1ncer c\u00e9rvico-uterino.<\/p>\n<p style=\"text-align: justify;\">Para graficar la detecci\u00f3n de este tipo de c\u00e1ncer, el doctor Catabellt desarrollar\u00e1 un curso de Colposcop\u00eda b\u00e1sica y avanzada, y posteriormente atender\u00e1 a pacientes cuyos resultados de Papanicolau presenten alguna alteraci\u00f3n.<\/p>\n<p style=\"text-align: justify;\">En calidad de donaci\u00f3n para el HEODRA, el Doctor Catabellt entregar\u00e1 a las autoridades del hospital un aparato de Video Colposcopio que tiene un valor de siete mil euros, y que es usado para detectar, valorar y diagnosticar de forma eficaz las lesiones en el cuello del \u00fatero, y facilitar un tratamiento oportuno del c\u00e1ncer c\u00e9rvico uterino.<\/p>\n<p style=\"text-align: justify;\">La doctora. Ninoska Delgado, Jefa del Departamento de Gineco-Obstetricia del HEODRA, expres\u00f3 su agradecimiento al doctor Catabellt por tan importante capacitaci\u00f3n que los m\u00e9dicos est\u00e1n recibiendo durante toda esta semana.<\/p>\n<p style=\"text-align: justify;\">\u00abEsto vendr\u00e1 a beneficiar a las mujeres de este Departamento, ya que tendremos tanto la tecnolog\u00eda como el conocimiento avanzado sobre el diagnostico oportuno del c\u00e1ncer del cuello en nuestras pacientes\u00bb, expres\u00f3 la doctora Delgado<\/p>\n<p style=\"text-align: justify;\">Seg\u00fan datos estad\u00edsticos, la mayor\u00eda de afectaciones del c\u00e1ncer que se presenta en las mujeres nicarag\u00fcenses es el c\u00e1ncer de cuello de la matriz, con un promedio de 15 pacientes al mes.<\/p>\n<\/div>\n","protected":false},"excerpt":{"rendered":"<p>El doctor Remy Catabellt, prestigioso m\u00e9dico docente de la Universidad de Par\u00eds, Francia, dirigir\u00e1 a lo largo de esta semana una jornada cient\u00edfica en el Hospital Escuela \u00abOscar Danilo Rosales Arg\u00fcello\u00bb de Le\u00f3n, sobre temas ginecol\u00f3gicos como la detecci\u00f3n y prevenci\u00f3n del c\u00e1ncer c\u00e9rvico-uterino. Para graficar la detecci\u00f3n de este tipo de c\u00e1ncer, el doctor [&hellip;]<\/p>\n","protected":false},"author":1,"featured_media":1472,"comment_status":"open","ping_status":"open","sticky":false,"template":"","format":"standard","meta":{"om_disable_all_campaigns":false,"_monsterinsights_skip_tracking":false,"_monsterinsights_sitenote_active":false,"_monsterinsights_sitenote_note":"","_monsterinsights_sitenote_category":0,"footnotes":""},"categories":[7],"tags":[],"class_list":["post-1471","post","type-post","status-publish","format-standard","has-post-thumbnail","hentry","category-salud-y-belleza"],"aioseo_notices":[],"_links":{"self":[{"href":"https:\/\/elcronistadigital.com\/index.php?rest_route=\/wp\/v2\/posts\/1471","targetHints":{"allow":["GET"]}}],"collection":[{"href":"https:\/\/elcronistadigital.com\/index.php?rest_route=\/wp\/v2\/posts"}],"about":[{"href":"https:\/\/elcronistadigital.com\/index.php?rest_route=\/wp\/v2\/types\/post"}],"author":[{"embeddable":true,"href":"https:\/\/elcronistadigital.com\/index.php?rest_route=\/wp\/v2\/users\/1"}],"replies":[{"embeddable":true,"href":"https:\/\/elcronistadigital.com\/index.php?rest_route=%2Fwp%2Fv2%2Fcomments&post=1471"}],"version-history":[{"count":2,"href":"https:\/\/elcronistadigital.com\/index.php?rest_route=\/wp\/v2\/posts\/1471\/revisions"}],"predecessor-version":[{"id":1474,"href":"https:\/\/elcronistadigital.com\/index.php?rest_route=\/wp\/v2\/posts\/1471\/revisions\/1474"}],"wp:featuredmedia":[{"embeddable":true,"href":"https:\/\/elcronistadigital.com\/index.php?rest_route=\/wp\/v2\/media\/1472"}],"wp:attachment":[{"href":"https:\/\/elcronistadigital.com\/index.php?rest_route=%2Fwp%2Fv2%2Fmedia&parent=1471"}],"wp:term":[{"taxonomy":"category","embeddable":true,"href":"https:\/\/elcronistadigital.com\/index.php?rest_route=%2Fwp%2Fv2%2Fcategories&post=1471"},{"taxonomy":"post_tag","embeddable":true,"href":"https:\/\/elcronistadigital.com\/index.php?rest_route=%2Fwp%2Fv2%2Ftags&post=1471"}],"curies":[{"name":"wp","href":"https:\/\/api.w.org\/{rel}","templated":true}]}}