{"id":14831,"date":"2013-02-27T08:51:45","date_gmt":"2013-02-27T14:51:45","guid":{"rendered":"http:\/\/elcronistadigital.com\/?p=14831"},"modified":"2013-02-27T08:51:45","modified_gmt":"2013-02-27T14:51:45","slug":"el-gobierno-del-vaticano","status":"publish","type":"post","link":"https:\/\/elcronistadigital.com\/?p=14831","title":{"rendered":"El gobierno del Vaticano"},"content":{"rendered":"<div id=\"attachment_14832\" style=\"width: 210px\" class=\"wp-caption alignleft\"><a href=\"https:\/\/elcronistadigital.com\/?attachment_id=14832\" rel=\"attachment wp-att-14832\"><img loading=\"lazy\" decoding=\"async\" aria-describedby=\"caption-attachment-14832\" class=\"size-medium wp-image-14832\" title=\"Rub\u00e9n Aguilar Valenzuela\" src=\"https:\/\/elcronistadigital.com\/wp-content\/uploads\/2013\/02\/Rub\u00e9n-Aguilar-Valenzuela-200x300.jpg\" alt=\"\" width=\"200\" height=\"300\" srcset=\"https:\/\/elcronistadigital.com\/wp-content\/uploads\/2013\/02\/Rub\u00e9n-Aguilar-Valenzuela-200x300.jpg 200w, https:\/\/elcronistadigital.com\/wp-content\/uploads\/2013\/02\/Rub\u00e9n-Aguilar-Valenzuela.jpg 299w\" sizes=\"auto, (max-width: 200px) 100vw, 200px\" \/><\/a><p id=\"caption-attachment-14832\" class=\"wp-caption-text\">Rub\u00e9n Aguilar Valenzuela.<\/p><\/div>\n<p>Rub\u00e9n Aguilar Valenzuela<\/p>\n<p>A partir de las 8 de la noche de ma\u00f1ana, 28 de febrero, el gobierno de la Iglesia Cat\u00f3lica y el Estado Vaticano quedar\u00e1n en manos de un consejo de cardenales, presidido por el cardenal camarlengo Tarcisio Bertone, el actual secretario de Estado, quien ha tenido esta responsabilidad en el papado de Benedicto XVI.<\/p>\n<p>Estos cardenales han sido elegidos al azar entre sus pares y act\u00faan como un gobierno provisional hasta el nombramiento del nuevo papa.<\/p>\n<p>Este grupo, ante la dimisi\u00f3n de Benedicto XVI, se enfrenta a una nueva situaci\u00f3n como lo plante\u00f3 el jesuita Federico Lombardi, portavoz del Vaticano.<\/p>\n<p>La tarea central de estos cardenales, hasta la anterior elecci\u00f3n papal, se centraba en preparar los funerales del Pont\u00edfice fallecido y emitir la fecha y convocatoria del c\u00f3nclave, para elegir al nuevo papa, seg\u00fan la normativa de la constituci\u00f3n apost\u00f3lica Universal Dominici, promulgada por Juan Pablo II en 1996.<\/p>\n<p>En esta ocasi\u00f3n y por primera vez en 719 a\u00f1os no hay Papa muerto. El c\u00f3nclave, en el protocolo pasado, no pod\u00eda ser citado antes de los tres d\u00edas que el papa fallecido era expuesto en la Bas\u00edlica de San Pedro y los nueve d\u00edas del novenario para rezar por su alma.<\/p>\n<p>La dimisi\u00f3n de Benedicto XVI no s\u00f3lo implica que se pone fin al ejercicio del papado de manera vitalicia, una decisi\u00f3n que seguramente lleg\u00f3 para quedarse, sino tambi\u00e9n un cambio en la concepci\u00f3n misma del ser Papa y en el car\u00e1cter de su gobierno.<\/p>\n<p>Benedicto XVI firma su dimisi\u00f3n como Obispo de Roma y sucesor de San Pedro y no como Vicario de Cristo, expresi\u00f3n utilizada desde el siglo XII.<\/p>\n<p>El te\u00f3logo suizo Hans K\u00fcng, colega del Papa en el Vaticano II, le hab\u00eda recomendado que cambiara ese t\u00edtulo por ser teol\u00f3gicamente inexacto.<\/p>\n<p>Ha pasado desapercibida la importancia de este cambio que resulta clave y es una aportaci\u00f3n fundamental del te\u00f3logo, que es Benedicto XVI. El Papa deja de ser el representante de Cristo en la Tierra, para ubicarse como lo que es: el sucesor de Pedro en el gobierno de la Iglesia con sede en Roma. El cambio no es cosa menor.<\/p>\n<p>Este gobierno interino ser\u00e1 muy breve porque la elecci\u00f3n en el c\u00f3nclave ser\u00e1 r\u00e1pida al no haber grandes diferencias teol\u00f3gicas entre los 117 cardenales con derecho a votar.<\/p>\n<p>El 60% de lo mismo fue nombrado por Benedicto XVI y el otro 40% por Juan Pablo II.<\/p>\n<p>Est\u00e1n tambi\u00e9n urgidos por los tiempos. La celebraci\u00f3n de la Semana Santa inicia el 25 de marzo y para esas fechas ya debe estar nombrado el sucesor de Pedro que habr\u00e1 de presidir las mismas.<\/p>\n<p>As\u00ed va a iniciar su trabajo pastoral como obispo de Roma.<\/p>\n<p>Benedicto XVI, con su dimisi\u00f3n consciente y libre, imprime una serie de cambios fundamentales al gobierno de la Iglesia Cat\u00f3lica, al Estado Vaticano y a la concepci\u00f3n misma del ejercicio del papado.<\/p>\n<p>Este te\u00f3logo conocedor profundo de la iglesia sabe bien lo que ha hecho. La historia lo va a recordar.<\/p>\n","protected":false},"excerpt":{"rendered":"<p>Rub\u00e9n Aguilar Valenzuela A partir de las 8 de la noche de ma\u00f1ana, 28 de febrero, el gobierno de la Iglesia Cat\u00f3lica y el Estado Vaticano quedar\u00e1n en manos de un consejo de cardenales, presidido por el cardenal camarlengo Tarcisio Bertone, el actual secretario de Estado, quien ha tenido esta responsabilidad en el papado de [&hellip;]<\/p>\n","protected":false},"author":1,"featured_media":14832,"comment_status":"open","ping_status":"open","sticky":false,"template":"","format":"standard","meta":{"om_disable_all_campaigns":false,"_monsterinsights_skip_tracking":false,"_monsterinsights_sitenote_active":false,"_monsterinsights_sitenote_note":"","_monsterinsights_sitenote_category":0,"footnotes":""},"categories":[12],"tags":[1553,1879,1751],"class_list":["post-14831","post","type-post","status-publish","format-standard","has-post-thumbnail","hentry","category-blugs","tag-benedicto-xvi","tag-blogs-ruben-aguilar-valenzuela","tag-el-vaticano"],"aioseo_notices":[],"_links":{"self":[{"href":"https:\/\/elcronistadigital.com\/index.php?rest_route=\/wp\/v2\/posts\/14831","targetHints":{"allow":["GET"]}}],"collection":[{"href":"https:\/\/elcronistadigital.com\/index.php?rest_route=\/wp\/v2\/posts"}],"about":[{"href":"https:\/\/elcronistadigital.com\/index.php?rest_route=\/wp\/v2\/types\/post"}],"author":[{"embeddable":true,"href":"https:\/\/elcronistadigital.com\/index.php?rest_route=\/wp\/v2\/users\/1"}],"replies":[{"embeddable":true,"href":"https:\/\/elcronistadigital.com\/index.php?rest_route=%2Fwp%2Fv2%2Fcomments&post=14831"}],"version-history":[{"count":3,"href":"https:\/\/elcronistadigital.com\/index.php?rest_route=\/wp\/v2\/posts\/14831\/revisions"}],"predecessor-version":[{"id":14835,"href":"https:\/\/elcronistadigital.com\/index.php?rest_route=\/wp\/v2\/posts\/14831\/revisions\/14835"}],"wp:featuredmedia":[{"embeddable":true,"href":"https:\/\/elcronistadigital.com\/index.php?rest_route=\/wp\/v2\/media\/14832"}],"wp:attachment":[{"href":"https:\/\/elcronistadigital.com\/index.php?rest_route=%2Fwp%2Fv2%2Fmedia&parent=14831"}],"wp:term":[{"taxonomy":"category","embeddable":true,"href":"https:\/\/elcronistadigital.com\/index.php?rest_route=%2Fwp%2Fv2%2Fcategories&post=14831"},{"taxonomy":"post_tag","embeddable":true,"href":"https:\/\/elcronistadigital.com\/index.php?rest_route=%2Fwp%2Fv2%2Ftags&post=14831"}],"curies":[{"name":"wp","href":"https:\/\/api.w.org\/{rel}","templated":true}]}}