{"id":15004,"date":"2013-03-04T10:19:45","date_gmt":"2013-03-04T16:19:45","guid":{"rendered":"http:\/\/elcronistadigital.com\/?p=15004"},"modified":"2013-03-04T10:19:45","modified_gmt":"2013-03-04T16:19:45","slug":"antes-del-amanecer","status":"publish","type":"post","link":"https:\/\/elcronistadigital.com\/?p=15004","title":{"rendered":"Antes del amanecer\u2026"},"content":{"rendered":"<div id=\"attachment_15005\" style=\"width: 190px\" class=\"wp-caption alignleft\"><a href=\"https:\/\/elcronistadigital.com\/?attachment_id=15005\" rel=\"attachment wp-att-15005\"><img loading=\"lazy\" decoding=\"async\" aria-describedby=\"caption-attachment-15005\" class=\"size-full wp-image-15005\" title=\"Diana Benavides2\" src=\"https:\/\/elcronistadigital.com\/wp-content\/uploads\/2013\/03\/Diana-Benavides21.jpg\" alt=\"\" width=\"180\" height=\"299\" \/><\/a><p id=\"caption-attachment-15005\" class=\"wp-caption-text\">Diana Benavides.<\/p><\/div>\n<p>Carl Sagan: La imaginaci\u00f3n nos transporta a mundos que no han sido, pero sin ella no llegamos a ninguna parte. De adulto, permites que el lado l\u00f3gico de tu mente te acapare; y as\u00ed la vida se torna m\u00e1s seria, mundana, y carece de magia. Y entonces te preguntas: \u00bfqu\u00e9 es la vida? \u00bfC\u00f3mo est\u00e1 supuesta a vivirse? Talvez la vida sea una epifan\u00eda o un destello de conciencia en el infinito; y est\u00e1 supuesta a vivirse atraves de tu verdadera naturaleza.<\/p>\n<p>Si tuvieras la determinaci\u00f3n para desafiar todas tus excusas para vivir plenamente tu vida, \u00bfqu\u00e9 te gustar\u00eda hacer? Prisionero de tus experiencias que conforman tu realidad, te sientas a la orilla del despertar entre descubrir tu esencia o permanecer adormecido en tu potencial. Si tan solo desistieras de esa d\u00e9bil voluntad que se entrega a sus limitaciones y por ende determina tus circunstancias, podr\u00edas sobreponerte a la inercia de la negatividad que contiene y minimiza el poder de tus pensamientos.<\/p>\n<p>Por seguro, para entender la vida debes de entender el concepto del tiempo. Y el tiempo es todo, menos una l\u00ednea recta. Para poder ver el panorama de la vida en el tiempo, no debes basarte en la parte l\u00f3gica de tu mente, \u00a1mas debes creer en la magia! La vida es m\u00e1gica cuando aceptas el hecho de que fuerzas universales alteran la din\u00e1mica de las cosas; cuando no tienes miedo de dar un paso en el limbo y tomar el riesgo aunque las circunstancias que te rodean provoquen un poco de temor, pero si exploras tus motivos y encaras tus miedos estar\u00e1s construyendo el escenario para la gran visi\u00f3n de tu vida.<\/p>\n<p>La vida, un m\u00e1gico recorrido por la mente, cuerpo y alma a trav\u00e9s del paso del tiempo, por lo que los desaf\u00edos de hoy te traer\u00e1n nuevas revelaciones y entendimientos. Perm\u00edtete visitar el pasado solo para desenlazar los nudos que hacen que permanezcas atado en tu presente, y despu\u00e9s perm\u00edtele al pasado que desaparezca gradualmente para que sean los planos del futuro que broten de entre las ruinas para un nuevo comienzo antes del amanecer.<\/p>\n<p>Este escrito es propiedad y derechos reservados de su autora\u2026Diana Benavides.<\/p>\n","protected":false},"excerpt":{"rendered":"<p>Carl Sagan: La imaginaci\u00f3n nos transporta a mundos que no han sido, pero sin ella no llegamos a ninguna parte. De adulto, permites que el lado l\u00f3gico de tu mente te acapare; y as\u00ed la vida se torna m\u00e1s seria, mundana, y carece de magia. Y entonces te preguntas: \u00bfqu\u00e9 es la vida? \u00bfC\u00f3mo est\u00e1 [&hellip;]<\/p>\n","protected":false},"author":1,"featured_media":15005,"comment_status":"open","ping_status":"open","sticky":false,"template":"","format":"standard","meta":{"om_disable_all_campaigns":false,"_monsterinsights_skip_tracking":false,"_monsterinsights_sitenote_active":false,"_monsterinsights_sitenote_note":"","_monsterinsights_sitenote_category":0,"footnotes":""},"categories":[12],"tags":[381],"class_list":["post-15004","post","type-post","status-publish","format-standard","has-post-thumbnail","hentry","category-blugs","tag-diana-benavides"],"aioseo_notices":[],"_links":{"self":[{"href":"https:\/\/elcronistadigital.com\/index.php?rest_route=\/wp\/v2\/posts\/15004","targetHints":{"allow":["GET"]}}],"collection":[{"href":"https:\/\/elcronistadigital.com\/index.php?rest_route=\/wp\/v2\/posts"}],"about":[{"href":"https:\/\/elcronistadigital.com\/index.php?rest_route=\/wp\/v2\/types\/post"}],"author":[{"embeddable":true,"href":"https:\/\/elcronistadigital.com\/index.php?rest_route=\/wp\/v2\/users\/1"}],"replies":[{"embeddable":true,"href":"https:\/\/elcronistadigital.com\/index.php?rest_route=%2Fwp%2Fv2%2Fcomments&post=15004"}],"version-history":[{"count":3,"href":"https:\/\/elcronistadigital.com\/index.php?rest_route=\/wp\/v2\/posts\/15004\/revisions"}],"predecessor-version":[{"id":15008,"href":"https:\/\/elcronistadigital.com\/index.php?rest_route=\/wp\/v2\/posts\/15004\/revisions\/15008"}],"wp:featuredmedia":[{"embeddable":true,"href":"https:\/\/elcronistadigital.com\/index.php?rest_route=\/wp\/v2\/media\/15005"}],"wp:attachment":[{"href":"https:\/\/elcronistadigital.com\/index.php?rest_route=%2Fwp%2Fv2%2Fmedia&parent=15004"}],"wp:term":[{"taxonomy":"category","embeddable":true,"href":"https:\/\/elcronistadigital.com\/index.php?rest_route=%2Fwp%2Fv2%2Fcategories&post=15004"},{"taxonomy":"post_tag","embeddable":true,"href":"https:\/\/elcronistadigital.com\/index.php?rest_route=%2Fwp%2Fv2%2Ftags&post=15004"}],"curies":[{"name":"wp","href":"https:\/\/api.w.org\/{rel}","templated":true}]}}