{"id":15058,"date":"2013-03-05T11:47:50","date_gmt":"2013-03-05T17:47:50","guid":{"rendered":"http:\/\/elcronistadigital.com\/?p=15058"},"modified":"2013-03-05T11:47:50","modified_gmt":"2013-03-05T17:47:50","slug":"los-catolicos","status":"publish","type":"post","link":"https:\/\/elcronistadigital.com\/?p=15058","title":{"rendered":"Los cat\u00f3licos"},"content":{"rendered":"<div id=\"attachment_15059\" style=\"width: 210px\" class=\"wp-caption alignleft\"><a href=\"https:\/\/elcronistadigital.com\/?attachment_id=15059\" rel=\"attachment wp-att-15059\"><img loading=\"lazy\" decoding=\"async\" aria-describedby=\"caption-attachment-15059\" class=\"size-medium wp-image-15059\" title=\"Rub\u00e9n Aguilar Valenzuela\" src=\"https:\/\/elcronistadigital.com\/wp-content\/uploads\/2013\/03\/Rub\u00e9n-Aguilar-Valenzuela-200x300.jpg\" alt=\"\" width=\"200\" height=\"300\" srcset=\"https:\/\/elcronistadigital.com\/wp-content\/uploads\/2013\/03\/Rub\u00e9n-Aguilar-Valenzuela-200x300.jpg 200w, https:\/\/elcronistadigital.com\/wp-content\/uploads\/2013\/03\/Rub\u00e9n-Aguilar-Valenzuela.jpg 299w\" sizes=\"auto, (max-width: 200px) 100vw, 200px\" \/><\/a><p id=\"caption-attachment-15059\" class=\"wp-caption-text\">Rub\u00e9n Aguilar Valenzuela.<\/p><\/div>\n<p>Rub\u00e9n Aguilar Valenzuela<\/p>\n<p>El catolicismo es la m\u00e1s universal de las religiones, la m\u00e1s cat\u00f3lica, al estar presente en m\u00e1s regiones y pa\u00edses del mundo. Los integrantes de esta religi\u00f3n en n\u00fameros absolutos son ahora m\u00e1s que en ning\u00fan momento de su historia.<\/p>\n<p>El mundo, pero de manera particular los cat\u00f3licos, est\u00e1n atentos al nombramiento del Papa 266 de la historia de la Iglesia. De los 2 mil 200 millones de los que se dicen cristianos, los cat\u00f3licos son mil 100 millones, el 50 por ciento, que lo convierte en el grupo m\u00e1s grande.<\/p>\n<p>De acuerdo al estudio de Pew Forum on Religion and Public Life, el catolicismo es la m\u00e1s universal de las religiones, la m\u00e1s cat\u00f3lica, al estar presente en m\u00e1s regiones y pa\u00edses del mundo. Los integrantes de esta religi\u00f3n en n\u00fameros absolutos son ahora m\u00e1s que en ning\u00fan momento de su historia.<\/p>\n<p>Los cat\u00f3licos eran 290 millones en 1910 y ahora son mil 100 millones. En 100 a\u00f1os se han multiplicado por tres. Es evidente que este aumento va aparejado al crecimiento de la poblaci\u00f3n mundial, que ya es de 7 mil 150 millones de personas y al arrancar el siglo XX era de mil 650 millones de personas.<\/p>\n<p>En 1910, los cat\u00f3licos representaban el 17.57 por ciento de la poblaci\u00f3n mundial y en 2010 eran el 15.49 por ciento. A nivel del porcentaje los integrantes de esta religi\u00f3n s\u00f3lo se han reducido en 2.08 por ciento en 100 a\u00f1os. Estos datos muestran que la iglesia cat\u00f3lica no ha tenido una p\u00e9rdida significativa de fieles y que en todo caso es marginal.<\/p>\n<p>Lo que s\u00ed ha cambiado de manera significativa es el espacio geogr\u00e1fico donde ahora est\u00e1n presentes estos creyentes. En 1910, el 60 por ciento de los mismos viv\u00edan en Europa y ahora no son m\u00e1s del 25 por ciento.<\/p>\n<p>En la actualidad la mitad de los cat\u00f3licos del mundo (47 por ciento) vive en el continente Americano. De ellos un 39 por ciento en Latinoam\u00e9rica y la mitad de estos en Brasil y M\u00e9xico, que son las dos mayores catolicidades.<\/p>\n<p>Los datos mencionados son tomados de un estudio de la estadounidense Pew Forum on Religion and Public Life, con cifras al cierre del 2010. El n\u00famero de los cat\u00f3licos crece un poco y ser\u00edan mil 196 millones al terminar el 2011, con un crecimiento del 1.3 por ciento de 2009 a 2010, seg\u00fan el Anuario Pontificio de 2012.<\/p>\n","protected":false},"excerpt":{"rendered":"<p>Rub\u00e9n Aguilar Valenzuela El catolicismo es la m\u00e1s universal de las religiones, la m\u00e1s cat\u00f3lica, al estar presente en m\u00e1s regiones y pa\u00edses del mundo. Los integrantes de esta religi\u00f3n en n\u00fameros absolutos son ahora m\u00e1s que en ning\u00fan momento de su historia. El mundo, pero de manera particular los cat\u00f3licos, est\u00e1n atentos al nombramiento [&hellip;]<\/p>\n","protected":false},"author":1,"featured_media":15059,"comment_status":"open","ping_status":"open","sticky":false,"template":"","format":"standard","meta":{"om_disable_all_campaigns":false,"_monsterinsights_skip_tracking":false,"_monsterinsights_sitenote_active":false,"_monsterinsights_sitenote_note":"","_monsterinsights_sitenote_category":0,"footnotes":""},"categories":[12],"tags":[1108],"class_list":["post-15058","post","type-post","status-publish","format-standard","has-post-thumbnail","hentry","category-blugs","tag-ruben-aguilar-valenzuela"],"aioseo_notices":[],"_links":{"self":[{"href":"https:\/\/elcronistadigital.com\/index.php?rest_route=\/wp\/v2\/posts\/15058","targetHints":{"allow":["GET"]}}],"collection":[{"href":"https:\/\/elcronistadigital.com\/index.php?rest_route=\/wp\/v2\/posts"}],"about":[{"href":"https:\/\/elcronistadigital.com\/index.php?rest_route=\/wp\/v2\/types\/post"}],"author":[{"embeddable":true,"href":"https:\/\/elcronistadigital.com\/index.php?rest_route=\/wp\/v2\/users\/1"}],"replies":[{"embeddable":true,"href":"https:\/\/elcronistadigital.com\/index.php?rest_route=%2Fwp%2Fv2%2Fcomments&post=15058"}],"version-history":[{"count":3,"href":"https:\/\/elcronistadigital.com\/index.php?rest_route=\/wp\/v2\/posts\/15058\/revisions"}],"predecessor-version":[{"id":15062,"href":"https:\/\/elcronistadigital.com\/index.php?rest_route=\/wp\/v2\/posts\/15058\/revisions\/15062"}],"wp:featuredmedia":[{"embeddable":true,"href":"https:\/\/elcronistadigital.com\/index.php?rest_route=\/wp\/v2\/media\/15059"}],"wp:attachment":[{"href":"https:\/\/elcronistadigital.com\/index.php?rest_route=%2Fwp%2Fv2%2Fmedia&parent=15058"}],"wp:term":[{"taxonomy":"category","embeddable":true,"href":"https:\/\/elcronistadigital.com\/index.php?rest_route=%2Fwp%2Fv2%2Fcategories&post=15058"},{"taxonomy":"post_tag","embeddable":true,"href":"https:\/\/elcronistadigital.com\/index.php?rest_route=%2Fwp%2Fv2%2Ftags&post=15058"}],"curies":[{"name":"wp","href":"https:\/\/api.w.org\/{rel}","templated":true}]}}