{"id":15264,"date":"2013-03-11T10:42:41","date_gmt":"2013-03-11T16:42:41","guid":{"rendered":"http:\/\/elcronistadigital.com\/?p=15264"},"modified":"2013-03-11T10:42:42","modified_gmt":"2013-03-11T16:42:42","slug":"eleccion-papal","status":"publish","type":"post","link":"https:\/\/elcronistadigital.com\/?p=15264","title":{"rendered":"Elecci\u00f3n Papal"},"content":{"rendered":"<div id=\"attachment_15265\" style=\"width: 310px\" class=\"wp-caption alignleft\"><a href=\"https:\/\/elcronistadigital.com\/?attachment_id=15265\" rel=\"attachment wp-att-15265\"><img loading=\"lazy\" decoding=\"async\" aria-describedby=\"caption-attachment-15265\" class=\"size-medium wp-image-15265\" title=\"chimenea del c\u00f3nclave\" src=\"https:\/\/elcronistadigital.com\/wp-content\/uploads\/2013\/03\/chimenea-del-c\u00f3nclave-300x204.jpg\" alt=\"\" width=\"300\" height=\"204\" srcset=\"https:\/\/elcronistadigital.com\/wp-content\/uploads\/2013\/03\/chimenea-del-c\u00f3nclave-300x204.jpg 300w, https:\/\/elcronistadigital.com\/wp-content\/uploads\/2013\/03\/chimenea-del-c\u00f3nclave-342x232.jpg 342w, https:\/\/elcronistadigital.com\/wp-content\/uploads\/2013\/03\/chimenea-del-c\u00f3nclave.jpg 500w\" sizes=\"auto, (max-width: 300px) 100vw, 300px\" \/><\/a><p id=\"caption-attachment-15265\" class=\"wp-caption-text\">La chimenea del c\u00f3nclave que anunciar\u00e1 con humo blanco la elecci\u00f3n del nuevo Pont\u00edfice del Vaticano.<\/p><\/div>\n<p><span style=\"color: #0000ff;\">Rub\u00e9n Aguilar Valenzuela<\/span><\/p>\n<p>Los 115 cardenales electores inician hoy el c\u00f3nclave para elegir al Papa 266 en la historia de la Iglesia Cat\u00f3lica. En la Capilla Sixtina, bajo el formidable \u201cJuicio Final\u201d de Miguel \u00c1ngel, \u00e9stos comenzar\u00e1n la jornada electoral con el juramento de que nunca habr\u00e1n de dar a conocer lo que suceda en esa reuni\u00f3n.<\/p>\n<p>Las elecciones papales en el siglo XIX y XX nunca han pasado de cuatro d\u00edas. Hay datos para pensar que \u00e9sta seguir\u00e1 el patr\u00f3n de las anteriores y resulta, por lo mismo, muy probable que para el segundo o, a lo m\u00e1s, el tercer d\u00eda, la Iglesia tendr\u00e1 a un nuevo Papa.<\/p>\n<p>La semana pasada sesion\u00f3 el Colegio Cardenalicio, formado por 205 cardenales. De ellos, los que tienen m\u00e1s de 80 a\u00f1os ya no podr\u00e1n votar. \u00c9stos dieron a conocer sus posiciones sobre la Iglesia en la reuni\u00f3n, intercambiaron puntos de vista y tambi\u00e9n supieron m\u00e1s unos de los otros.<\/p>\n<p>Se sabe que en esa reuni\u00f3n un grupo de cardenales, sobre todo de Estados Unidos y de Brasil, exigi\u00f3 que se les diera a conocer los documentos implicados en el caso VatiLeaks antes de que iniciara el c\u00f3nclave. Hasta este momento, no se ha filtrado informaci\u00f3n sobre si esto finalmente ocurri\u00f3.<\/p>\n<p>Benedicto XVI, al dimitir, rompi\u00f3 con tab\u00faes y mitos sobre la figura y el cargo del Papa, que -se asum\u00eda- deber\u00eda ser vitalicio. Su decisi\u00f3n ha contribuido a desacralizar la figura m\u00edtica del Papa, para situarlo en un espacio m\u00e1s terreno y humano. Es una acci\u00f3n revolucionaria que viene de un te\u00f3logo muy conservador.<\/p>\n<p>Los cardenales, unos m\u00e1s que otros, reconocen la actual crisis de la Iglesia; como cualquier instituci\u00f3n, nunca ha estado exenta de la misma. En ese marco, se sabe que existen valoraciones distintas sobre la gravedad de la misma y la necesidad o no de continuar y profundizar el camino de \u201climpieza\u201d iniciado por Benedicto XVI.<\/p>\n<p>Se asume que a prop\u00f3sito de los problemas m\u00e1s evidentes, la prensa ha dado puntual cuenta de ellos; son los relacionados con los malos manejos financieros del Vaticano, los sacerdotes pederastas y los obispos que los han protegido y permitido su ejercicio en lugar de llevarlos a la justicia civil.<\/p>\n<p>Los obispos y sacerdotes m\u00e1s abiertos y los te\u00f3logos progresistas asumen con preocupaci\u00f3n y tristeza que en el horizonte de los problemas no se contemplen los temas relacionados con la justicia, la opci\u00f3n preferencial por los pobres, la moral, el celibato obligatorio y el sacerdocio de las mujeres, para s\u00f3lo mencionar algunos.<\/p>\n<p>Entre los sectores m\u00e1s abiertos de la jer\u00e1rquica y de los fieles y tambi\u00e9n de los grupos conservadores m\u00e1s consecuentes, est\u00e1 presente la idea de que ahora lo mejor que puede pasar a la Iglesia es se elija a un Papa que contin\u00fae y profundice el trabajo de \u201climpieza\u201d que comenz\u00f3 Benedicto XVI. Se est\u00e1 a dos o tres d\u00edas de saber el resultado de la votaci\u00f3n.<\/p>\n","protected":false},"excerpt":{"rendered":"<p>Rub\u00e9n Aguilar Valenzuela Los 115 cardenales electores inician hoy el c\u00f3nclave para elegir al Papa 266 en la historia de la Iglesia Cat\u00f3lica. En la Capilla Sixtina, bajo el formidable \u201cJuicio Final\u201d de Miguel \u00c1ngel, \u00e9stos comenzar\u00e1n la jornada electoral con el juramento de que nunca habr\u00e1n de dar a conocer lo que suceda en [&hellip;]<\/p>\n","protected":false},"author":1,"featured_media":15265,"comment_status":"open","ping_status":"open","sticky":false,"template":"","format":"standard","meta":{"om_disable_all_campaigns":false,"_monsterinsights_skip_tracking":false,"_monsterinsights_sitenote_active":false,"_monsterinsights_sitenote_note":"","_monsterinsights_sitenote_category":0,"footnotes":""},"categories":[12],"tags":[2028,1108],"class_list":["post-15264","post","type-post","status-publish","format-standard","has-post-thumbnail","hentry","category-blugs","tag-eleccion-del-nuevo-papa","tag-ruben-aguilar-valenzuela"],"aioseo_notices":[],"_links":{"self":[{"href":"https:\/\/elcronistadigital.com\/index.php?rest_route=\/wp\/v2\/posts\/15264","targetHints":{"allow":["GET"]}}],"collection":[{"href":"https:\/\/elcronistadigital.com\/index.php?rest_route=\/wp\/v2\/posts"}],"about":[{"href":"https:\/\/elcronistadigital.com\/index.php?rest_route=\/wp\/v2\/types\/post"}],"author":[{"embeddable":true,"href":"https:\/\/elcronistadigital.com\/index.php?rest_route=\/wp\/v2\/users\/1"}],"replies":[{"embeddable":true,"href":"https:\/\/elcronistadigital.com\/index.php?rest_route=%2Fwp%2Fv2%2Fcomments&post=15264"}],"version-history":[{"count":3,"href":"https:\/\/elcronistadigital.com\/index.php?rest_route=\/wp\/v2\/posts\/15264\/revisions"}],"predecessor-version":[{"id":15268,"href":"https:\/\/elcronistadigital.com\/index.php?rest_route=\/wp\/v2\/posts\/15264\/revisions\/15268"}],"wp:featuredmedia":[{"embeddable":true,"href":"https:\/\/elcronistadigital.com\/index.php?rest_route=\/wp\/v2\/media\/15265"}],"wp:attachment":[{"href":"https:\/\/elcronistadigital.com\/index.php?rest_route=%2Fwp%2Fv2%2Fmedia&parent=15264"}],"wp:term":[{"taxonomy":"category","embeddable":true,"href":"https:\/\/elcronistadigital.com\/index.php?rest_route=%2Fwp%2Fv2%2Fcategories&post=15264"},{"taxonomy":"post_tag","embeddable":true,"href":"https:\/\/elcronistadigital.com\/index.php?rest_route=%2Fwp%2Fv2%2Ftags&post=15264"}],"curies":[{"name":"wp","href":"https:\/\/api.w.org\/{rel}","templated":true}]}}