{"id":15314,"date":"2013-03-12T12:55:09","date_gmt":"2013-03-12T18:55:09","guid":{"rendered":"http:\/\/elcronistadigital.com\/?p=15314"},"modified":"2013-03-12T12:55:09","modified_gmt":"2013-03-12T18:55:09","slug":"construccion-del-mito","status":"publish","type":"post","link":"https:\/\/elcronistadigital.com\/?p=15314","title":{"rendered":"Construcci\u00f3n del mito"},"content":{"rendered":"<div id=\"attachment_15315\" style=\"width: 210px\" class=\"wp-caption alignleft\"><a href=\"https:\/\/elcronistadigital.com\/?attachment_id=15315\" rel=\"attachment wp-att-15315\"><img loading=\"lazy\" decoding=\"async\" aria-describedby=\"caption-attachment-15315\" class=\"size-medium wp-image-15315\" title=\"Rub\u00e9n Aguilar Valenzuela\" src=\"https:\/\/elcronistadigital.com\/wp-content\/uploads\/2013\/03\/Rub\u00e9n-Aguilar-Valenzuela1-200x300.jpg\" alt=\"\" width=\"200\" height=\"300\" srcset=\"https:\/\/elcronistadigital.com\/wp-content\/uploads\/2013\/03\/Rub\u00e9n-Aguilar-Valenzuela1-200x300.jpg 200w, https:\/\/elcronistadigital.com\/wp-content\/uploads\/2013\/03\/Rub\u00e9n-Aguilar-Valenzuela1.jpg 299w\" sizes=\"auto, (max-width: 200px) 100vw, 200px\" \/><\/a><p id=\"caption-attachment-15315\" class=\"wp-caption-text\">Rub\u00e9n Aguilar Valenzuela.<\/p><\/div>\n<p>Rub\u00e9n Aguilar Valenzuela<\/p>\n<p>El ceremonial creado por Ch\u00e1vez, ahora sin \u00e9l, va a incorporar en su calendario una serie de nuevas fechas que dar\u00e1n lugar a diversas festividades como su nacimiento, el d\u00eda que se gradu\u00f3, que inici\u00f3 la Revoluci\u00f3n y muchas m\u00e1s.<\/p>\n<p>Desde el primer d\u00eda que asumi\u00f3 la presidencia de Venezuela en 1999, han pasado 14 a\u00f1os, el comandante Hugo Ch\u00e1vez, como se hac\u00eda llamar, inici\u00f3 la construcci\u00f3n de una nueva liturgia c\u00edvica, la bolivariana, y tambi\u00e9n la de su personaje y ahora del mito.<\/p>\n<p>La liturgia bolivariana, creada por Ch\u00e1vez, celebra a un \u201cdios\u201d, Sim\u00f3n Bol\u00edvar, y tiene un gran \u201cpont\u00edfice\u201d, Hugo Ch\u00e1vez, que ahora con su muerte pasa tambi\u00e9n a ser parte del pante\u00f3n de los \u201cdioses\u201d.<\/p>\n<p>El ceremonial bolivariano tiene s\u00edmbolos (banderas, im\u00e1genes, colores, uso de los espacios p\u00fablicos\u2026) y tambi\u00e9n discurso en el que se \u201cmezcla\u201d el mensaje de Bol\u00edvar, determinado por el \u201chistoriador\u201d Ch\u00e1vez, el del cristianismo, interpretado por el \u201cte\u00f3logo\u201d Ch\u00e1vez y el suyo que emana de los dos anteriores.<\/p>\n<p>Esta liturgia, con su discurso, se fue definiendo y adquiriendo perfiles cada vez m\u00e1s claros en la medida que Ch\u00e1vez prolongaba su estancia en el poder. Con el tiempo su perfil de \u201cpont\u00edfice\u201d celebrante tambi\u00e9n se iba perfeccionando.<\/p>\n<p>El ritual, guiado por esa liturgia, se ha celebrado de manera cuidadosa todos los d\u00edas, pero ha tenido momentos culminantes como la exhumaci\u00f3n de los restos de Bol\u00edvar y ahora el funeral de Ch\u00e1vez.<\/p>\n<p>La ceremonia parece haber sido dise\u00f1ada por \u00e9l mismo. Sigui\u00f3 al pie de la letra un libreto previamente pensado para que el comandante pasara a la \u201ceternidad\u201d, pero al mismo tiempo se \u201cquedara\u201d en la tierra con su pueblo.<\/p>\n<p>La celebraci\u00f3n lit\u00fargica trasmitida en vivo por la televisi\u00f3n venezolana y a nivel mundial por CNN en espa\u00f1ol funcion\u00f3 a la perfecci\u00f3n. Los 33 mandatarios que asistieron siguieron al pie de la letra el papel que se les asign\u00f3.<\/p>\n<p>El ceremonial se organiz\u00f3 para que el comandante Ch\u00e1vez, ahora en ausencia f\u00edsica, se convirtiera en el \u201cdios\u201d tutelar de la Revoluci\u00f3n Bolivariana y de sus nuevos conductores. En esta ocasi\u00f3n la liturgia permiti\u00f3 que oficiara un nuevo \u201csacerdote\u201d, el presidente Maduro.<\/p>\n<p>Ahora en la liturgia bolivariana Ch\u00e1vez estar\u00e1 presente como \u201cdios\u201d tutelar, embalsamado y a la vista de su \u201cpueblo\u201d, que como dijera el \u201csacerdote\u201d oficiante as\u00ed siempre lo tendr\u00e1 con \u00e9l. Es la versi\u00f3n de la \u201cresurrecci\u00f3n\u201d en esta liturgia.<\/p>\n<p>El ceremonial creado por Ch\u00e1vez, ahora sin \u00e9l, va a incorporar en su calendario una serie de nuevas fechas que dar\u00e1n lugar a diversas festividades como su nacimiento, el d\u00eda que se gradu\u00f3, que inici\u00f3 la Revoluci\u00f3n y muchas m\u00e1s.<\/p>\n<p>Si Ch\u00e1vez no hubiera muerto joven, a los 58 a\u00f1os, en el ejercicio pleno y absoluto del poder, no necesariamente hubiera pasado al pante\u00f3n de los \u201cdioses\u201d, para convertirse en nuevo mito de un sector muy importante del pueblo venezolano. Nada es eterno. \u00bfCu\u00e1nto durar\u00e1?<\/p>\n","protected":false},"excerpt":{"rendered":"<p>Rub\u00e9n Aguilar Valenzuela El ceremonial creado por Ch\u00e1vez, ahora sin \u00e9l, va a incorporar en su calendario una serie de nuevas fechas que dar\u00e1n lugar a diversas festividades como su nacimiento, el d\u00eda que se gradu\u00f3, que inici\u00f3 la Revoluci\u00f3n y muchas m\u00e1s. Desde el primer d\u00eda que asumi\u00f3 la presidencia de Venezuela en 1999, [&hellip;]<\/p>\n","protected":false},"author":1,"featured_media":15315,"comment_status":"open","ping_status":"open","sticky":false,"template":"","format":"standard","meta":{"om_disable_all_campaigns":false,"_monsterinsights_skip_tracking":false,"_monsterinsights_sitenote_active":false,"_monsterinsights_sitenote_note":"","_monsterinsights_sitenote_category":0,"footnotes":""},"categories":[12],"tags":[],"class_list":["post-15314","post","type-post","status-publish","format-standard","has-post-thumbnail","hentry","category-blugs"],"aioseo_notices":[],"_links":{"self":[{"href":"https:\/\/elcronistadigital.com\/index.php?rest_route=\/wp\/v2\/posts\/15314","targetHints":{"allow":["GET"]}}],"collection":[{"href":"https:\/\/elcronistadigital.com\/index.php?rest_route=\/wp\/v2\/posts"}],"about":[{"href":"https:\/\/elcronistadigital.com\/index.php?rest_route=\/wp\/v2\/types\/post"}],"author":[{"embeddable":true,"href":"https:\/\/elcronistadigital.com\/index.php?rest_route=\/wp\/v2\/users\/1"}],"replies":[{"embeddable":true,"href":"https:\/\/elcronistadigital.com\/index.php?rest_route=%2Fwp%2Fv2%2Fcomments&post=15314"}],"version-history":[{"count":3,"href":"https:\/\/elcronistadigital.com\/index.php?rest_route=\/wp\/v2\/posts\/15314\/revisions"}],"predecessor-version":[{"id":15318,"href":"https:\/\/elcronistadigital.com\/index.php?rest_route=\/wp\/v2\/posts\/15314\/revisions\/15318"}],"wp:featuredmedia":[{"embeddable":true,"href":"https:\/\/elcronistadigital.com\/index.php?rest_route=\/wp\/v2\/media\/15315"}],"wp:attachment":[{"href":"https:\/\/elcronistadigital.com\/index.php?rest_route=%2Fwp%2Fv2%2Fmedia&parent=15314"}],"wp:term":[{"taxonomy":"category","embeddable":true,"href":"https:\/\/elcronistadigital.com\/index.php?rest_route=%2Fwp%2Fv2%2Fcategories&post=15314"},{"taxonomy":"post_tag","embeddable":true,"href":"https:\/\/elcronistadigital.com\/index.php?rest_route=%2Fwp%2Fv2%2Ftags&post=15314"}],"curies":[{"name":"wp","href":"https:\/\/api.w.org\/{rel}","templated":true}]}}