{"id":15468,"date":"2013-03-15T10:13:17","date_gmt":"2013-03-15T16:13:17","guid":{"rendered":"http:\/\/elcronistadigital.com\/?p=15468"},"modified":"2013-03-15T10:13:17","modified_gmt":"2013-03-15T16:13:17","slug":"nuevo-papa","status":"publish","type":"post","link":"https:\/\/elcronistadigital.com\/?p=15468","title":{"rendered":"Nuevo Papa"},"content":{"rendered":"<div id=\"attachment_15469\" style=\"width: 269px\" class=\"wp-caption alignleft\"><a href=\"https:\/\/elcronistadigital.com\/?attachment_id=15469\" rel=\"attachment wp-att-15469\"><img loading=\"lazy\" decoding=\"async\" aria-describedby=\"caption-attachment-15469\" class=\"size-full wp-image-15469\" title=\"Francisco I 3\" src=\"https:\/\/elcronistadigital.com\/wp-content\/uploads\/2013\/03\/Francisco-I-3.jpg\" alt=\"\" width=\"259\" height=\"194\" srcset=\"https:\/\/elcronistadigital.com\/wp-content\/uploads\/2013\/03\/Francisco-I-3.jpg 259w, https:\/\/elcronistadigital.com\/wp-content\/uploads\/2013\/03\/Francisco-I-3-60x45.jpg 60w, https:\/\/elcronistadigital.com\/wp-content\/uploads\/2013\/03\/Francisco-I-3-150x113.jpg 150w\" sizes=\"auto, (max-width: 259px) 100vw, 259px\" \/><\/a><p id=\"caption-attachment-15469\" class=\"wp-caption-text\">Francisco I, primer Papa latinoamericano.<\/p><\/div>\n<p>Rub\u00e9n Aguilar Valenzuela<\/p>\n<p>En \u00e9ste c\u00f3nclave, de cardenales todos conservadores, estaban en cuesti\u00f3n dos grandes temas. Si se eleg\u00eda a un Papa joven o a uno mayor y si se continuaba y profundizaba la \u201climpieza\u201d de la Iglesia iniciada por Benedicto XVI.<\/p>\n<p>Ahora sabemos que se han decidido por un hombre de 76 a\u00f1os, que despu\u00e9s de la dimisi\u00f3n de Benedicto XVI, que establece una pr\u00e1ctica que lleg\u00f3 para quedarse, y que lo m\u00e1s seguro llegado a los 85 \u00f3 86 a\u00f1os va tambi\u00e9n a renunciar. \u00c9ste Papa, pues, ha sido elegido para estar no m\u00e1s de 10 a\u00f1os.<\/p>\n<p>As\u00ed, se evita que en una estructura de poder vertical y altamente jerarquizada como es la Iglesia cat\u00f3lica un Papa joven, como sucedi\u00f3 con Juan Pablo II, se adue\u00f1e de la instituci\u00f3n y act\u00fae, por la v\u00eda de los hechos, en la l\u00f3gica de un poder absoluto y esto por largo tiempo. Ahora esto se ha evitado.<\/p>\n<p>Todo indica, habr\u00e1 que ver lo que ocurra en los pr\u00f3ximos meses, que han decidi\u00f3 tambi\u00e9n seguir con la tarea de \u201climpieza\u201d iniciada por el Papa alem\u00e1n. Esta se centra en sanear la administraci\u00f3n del banco del Vaticano, evitar y castigar los casos de sacerdotes pederastas y sacar a la luz p\u00fablica la conducta de obispos que protegieron a los anteriores.<\/p>\n<p>Con las caracter\u00edsticas del ahora Francisco I hab\u00eda una docena de cardenales, pero se puede adelantar, se sabr\u00e1 con certeza en las pr\u00f3ximas semanas, que se decidieron por un cardenal latinoamericano, hijo de padres italianos, como una manera de reconocer la importancia que para la Iglesia universal tiene Am\u00e9rica Latina que concentra al 39 por ciento de los cat\u00f3licos del mundo.<\/p>\n<p>En 1910, cuando los cat\u00f3licos eran 290 millones, Europa ten\u00eda al 60 por ciento de los mismos y ahora, cuando son 1,170 millones ah\u00ed se ubican s\u00f3lo el 25 por ciento de estos y al sumar a todos los cat\u00f3licos del Continente Americano, de Canad\u00e1 a la Patagonia, estos representan el 49 por ciento del total. Ahora la mitad de los cat\u00f3licos viven en Am\u00e9rica.<\/p>\n<p>La elecci\u00f3n de un Papa jesuita \u2013que fue profesor y rector del filosofado y teologado de la Provincia de la Compa\u00f1\u00eda de Jes\u00fas en Argentina y tambi\u00e9n provincial de la misma\u2013 act\u00faa, por la v\u00edas de los hechos, como una reivindicaci\u00f3n de la Orden fundada por san Ignacio de Loyola, que fue sistem\u00e1ticamente golpeada por Juan Pablo II.<\/p>\n<p>Los cardenales lo hayan hecho de manera consciente o no, eso tambi\u00e9n se sabr\u00e1 con los d\u00edas, al elegir a un jesuita, con la autonom\u00eda que tienen de las autoridades de la Compa\u00f1\u00eda una vez que son elegidos obispos, simb\u00f3licamente cuestionan la cercan\u00eda que Juan Pablo II tuvo con instituciones como los Legionarios de Cristo y movimientos laicales muy tradicionalistas.<\/p>\n<p>El nuevo Papa es teol\u00f3gicamente muy conservador, en eso no se distancia de los dem\u00e1s integrantes del colegio cardenalicio, pero comparte, eso no todos la tienen, la s\u00f3lida formaci\u00f3n intelectual, que desde su fundaci\u00f3n ha caracterizado a los jesuitas. La imagen que existe de estos es que son la Orden m\u00e1s grande de la Iglesia y tambi\u00e9n los religiosos m\u00e1s progresistas. El papa tendr\u00e1 que convivir con esa percepci\u00f3n. \u00bfSeguir\u00e1 siendo el conservador que ha sido hasta ahora? \u00bfSe reencontrar\u00e1 con la tradici\u00f3n de la Compa\u00f1\u00eda de Jes\u00fas de vivir en el espacio de las fronteras f\u00edsicas e intelectuales?<\/p>\n","protected":false},"excerpt":{"rendered":"<p>Rub\u00e9n Aguilar Valenzuela En \u00e9ste c\u00f3nclave, de cardenales todos conservadores, estaban en cuesti\u00f3n dos grandes temas. Si se eleg\u00eda a un Papa joven o a uno mayor y si se continuaba y profundizaba la \u201climpieza\u201d de la Iglesia iniciada por Benedicto XVI. Ahora sabemos que se han decidido por un hombre de 76 a\u00f1os, que [&hellip;]<\/p>\n","protected":false},"author":1,"featured_media":15469,"comment_status":"open","ping_status":"open","sticky":false,"template":"","format":"standard","meta":{"om_disable_all_campaigns":false,"_monsterinsights_skip_tracking":false,"_monsterinsights_sitenote_active":false,"_monsterinsights_sitenote_note":"","_monsterinsights_sitenote_category":0,"footnotes":""},"categories":[12],"tags":[1108],"class_list":["post-15468","post","type-post","status-publish","format-standard","has-post-thumbnail","hentry","category-blugs","tag-ruben-aguilar-valenzuela"],"aioseo_notices":[],"_links":{"self":[{"href":"https:\/\/elcronistadigital.com\/index.php?rest_route=\/wp\/v2\/posts\/15468","targetHints":{"allow":["GET"]}}],"collection":[{"href":"https:\/\/elcronistadigital.com\/index.php?rest_route=\/wp\/v2\/posts"}],"about":[{"href":"https:\/\/elcronistadigital.com\/index.php?rest_route=\/wp\/v2\/types\/post"}],"author":[{"embeddable":true,"href":"https:\/\/elcronistadigital.com\/index.php?rest_route=\/wp\/v2\/users\/1"}],"replies":[{"embeddable":true,"href":"https:\/\/elcronistadigital.com\/index.php?rest_route=%2Fwp%2Fv2%2Fcomments&post=15468"}],"version-history":[{"count":3,"href":"https:\/\/elcronistadigital.com\/index.php?rest_route=\/wp\/v2\/posts\/15468\/revisions"}],"predecessor-version":[{"id":15472,"href":"https:\/\/elcronistadigital.com\/index.php?rest_route=\/wp\/v2\/posts\/15468\/revisions\/15472"}],"wp:featuredmedia":[{"embeddable":true,"href":"https:\/\/elcronistadigital.com\/index.php?rest_route=\/wp\/v2\/media\/15469"}],"wp:attachment":[{"href":"https:\/\/elcronistadigital.com\/index.php?rest_route=%2Fwp%2Fv2%2Fmedia&parent=15468"}],"wp:term":[{"taxonomy":"category","embeddable":true,"href":"https:\/\/elcronistadigital.com\/index.php?rest_route=%2Fwp%2Fv2%2Fcategories&post=15468"},{"taxonomy":"post_tag","embeddable":true,"href":"https:\/\/elcronistadigital.com\/index.php?rest_route=%2Fwp%2Fv2%2Ftags&post=15468"}],"curies":[{"name":"wp","href":"https:\/\/api.w.org\/{rel}","templated":true}]}}