{"id":15571,"date":"2013-03-18T14:39:56","date_gmt":"2013-03-18T20:39:56","guid":{"rendered":"http:\/\/elcronistadigital.com\/?p=15571"},"modified":"2013-03-18T14:39:56","modified_gmt":"2013-03-18T20:39:56","slug":"el-papa-francisco-llama-al-general-de-los-jesuitas","status":"publish","type":"post","link":"https:\/\/elcronistadigital.com\/?p=15571","title":{"rendered":"El Papa Francisco llama al general de los jesuitas"},"content":{"rendered":"<div id=\"attachment_15572\" style=\"width: 210px\" class=\"wp-caption alignleft\"><a href=\"https:\/\/elcronistadigital.com\/?attachment_id=15572\" rel=\"attachment wp-att-15572\"><img loading=\"lazy\" decoding=\"async\" aria-describedby=\"caption-attachment-15572\" class=\"size-medium wp-image-15572\" title=\"Rub\u00e9n Aguilar Valenzuela\" src=\"https:\/\/elcronistadigital.com\/wp-content\/uploads\/2013\/03\/Rub\u00e9n-Aguilar-Valenzuela2-200x300.jpg\" alt=\"\" width=\"200\" height=\"300\" srcset=\"https:\/\/elcronistadigital.com\/wp-content\/uploads\/2013\/03\/Rub\u00e9n-Aguilar-Valenzuela2-200x300.jpg 200w, https:\/\/elcronistadigital.com\/wp-content\/uploads\/2013\/03\/Rub\u00e9n-Aguilar-Valenzuela2.jpg 299w\" sizes=\"auto, (max-width: 200px) 100vw, 200px\" \/><\/a><p id=\"caption-attachment-15572\" class=\"wp-caption-text\">Rub\u00e9n Aguilar Valenzuela.<\/p><\/div>\n<p>El viernes 15 de marzo a las 10:15 de la ma\u00f1ana, el Papa Francisco llam\u00f3 a la Curia General de los jesuitas, en Roma, para saludar al Padre General, Alfonso Nicol\u00e1s Pach\u00f3n, S.J. A continuaci\u00f3n trascribo el texto sobre esta llamada que dio a conocer la Compa\u00f1\u00eda de Jes\u00fas a trav\u00e9s del padre Claudio Barriga, S.I.:<\/p>\n<p>La llamada la hizo personalmente, no por medio de un secretario. El portero de la Curia respondi\u00f3 el tel\u00e9fono y escuch\u00f3 una voz suave y serena: -Buon Giorno, sono il Papa Francesco, vorrei parlare con il Padre Generale\u00bb (\u00abBuenos d\u00edas, soy el Papa Francisco, quisiera hablar con el Padre General\u00bb). El portero casi le responde, \u00abY yo soy Napole\u00f3n\u00bb, pero se contuvo. Le respondi\u00f3 secamente: -\u00bfDe parte de qui\u00e9n? El Papa entendi\u00f3 que el joven portero italiano no le cre\u00eda, y le repiti\u00f3 dulcemente: -Soy el Papa Francisco, \u00bfy usted c\u00f3mo se llama?<\/p>\n<p>A esa altura el portero responde con voz titubeante, casi desvaneci\u00e9ndose: -Me llamo Andr\u00e9s. -\u00bfC\u00f3mo est\u00e1s, Andr\u00e9s? -le dijo el Papa. -Yo bien, disculpe, s\u00f3lo un poco confundido. -No te preocupes, por favor comun\u00edcame con el Padre General, quisiera agradecerle por la hermosa carta que me ha escrito. -Disculpe, Su Santidad, lo voy a comunicar. -No, no hay problema; yo espero lo que sea necesario.<\/p>\n<p>El portero pasa la llamada al celular del hermano Alfonso, secretario privado del Padre General. -\u00bfAl\u00f3? -\u00bfCon qui\u00e9n hablo, -respondi\u00f3 el Papa? -Soy Alfonso, secretario personal del Padre General. -Soy el Papa, quisiera saludar al Padre General, para agradecerle la bonita carta que me envi\u00f3 (todo esto en italiano).<\/p>\n<p>-S\u00ed, un momento -respondi\u00f3 con serenidad el hermano Alfonso, puesto de pie incr\u00e9dulo camina hacia la oficina del Padre General, al lado de la suya. Mientras sigue la conversaci\u00f3n. -Santo Padre, felicidades por su elecci\u00f3n, aqu\u00ed estamos todos contentos por su nombramiento, estamos rezando mucho por usted! -\u00bfRezando para que yo vaya para adelante o para atr\u00e1s -bromea el Papa? -Naturalmente para adelante -le respondi\u00f3 Alfonso.<\/p>\n<p>El Papa responde con una risa espont\u00e1nea. Aturdido con la impresi\u00f3n, el hermano ni siquiera golpe\u00f3 a la puerta de la oficina del Padre General y entr\u00f3 hasta \u00e9l, quien lo mir\u00f3 sorprendido.<\/p>\n<p>Alfonso extendi\u00f3 la mano con el tel\u00e9fono inal\u00e1mbrico y le dice al Padre General, mir\u00e1ndolo a los ojos: -\u00a1\u00a1\u00a1El Papa&#8230; !!! Lo que sigui\u00f3 despu\u00e9s no lo sabemos en detalle, pero el Papa muy agradeci\u00f3 muy cordialmente al Padre General por su carta.<\/p>\n<p>El General le dijo que le gustar\u00eda verlo para saludarlo. El Papa le respondi\u00f3 que va a dar instrucciones a su secretario para que eso pueda ser lo m\u00e1s pronto posible, y que del Vaticano le avisar\u00edan.<\/p>\n<p>La importancia de la an\u00e9cdota es que revela el estilo personal del nuevo Papa, sencillo y directo, y su intenci\u00f3n de hacerlo valer en la anquilosada Curia Romana y tambi\u00e9n habla de la posibilidad de que se establezca un nuevo tipo de relaci\u00f3n entre el Papa y los jesuitas. Ya veremos.<\/p>\n","protected":false},"excerpt":{"rendered":"<p>El viernes 15 de marzo a las 10:15 de la ma\u00f1ana, el Papa Francisco llam\u00f3 a la Curia General de los jesuitas, en Roma, para saludar al Padre General, Alfonso Nicol\u00e1s Pach\u00f3n, S.J. A continuaci\u00f3n trascribo el texto sobre esta llamada que dio a conocer la Compa\u00f1\u00eda de Jes\u00fas a trav\u00e9s del padre Claudio Barriga, [&hellip;]<\/p>\n","protected":false},"author":1,"featured_media":15572,"comment_status":"open","ping_status":"open","sticky":false,"template":"","format":"standard","meta":{"om_disable_all_campaigns":false,"_monsterinsights_skip_tracking":false,"_monsterinsights_sitenote_active":false,"_monsterinsights_sitenote_note":"","_monsterinsights_sitenote_category":0,"footnotes":""},"categories":[12],"tags":[2104,1108],"class_list":["post-15571","post","type-post","status-publish","format-standard","has-post-thumbnail","hentry","category-blugs","tag-papa-francisco","tag-ruben-aguilar-valenzuela"],"aioseo_notices":[],"_links":{"self":[{"href":"https:\/\/elcronistadigital.com\/index.php?rest_route=\/wp\/v2\/posts\/15571","targetHints":{"allow":["GET"]}}],"collection":[{"href":"https:\/\/elcronistadigital.com\/index.php?rest_route=\/wp\/v2\/posts"}],"about":[{"href":"https:\/\/elcronistadigital.com\/index.php?rest_route=\/wp\/v2\/types\/post"}],"author":[{"embeddable":true,"href":"https:\/\/elcronistadigital.com\/index.php?rest_route=\/wp\/v2\/users\/1"}],"replies":[{"embeddable":true,"href":"https:\/\/elcronistadigital.com\/index.php?rest_route=%2Fwp%2Fv2%2Fcomments&post=15571"}],"version-history":[{"count":3,"href":"https:\/\/elcronistadigital.com\/index.php?rest_route=\/wp\/v2\/posts\/15571\/revisions"}],"predecessor-version":[{"id":15575,"href":"https:\/\/elcronistadigital.com\/index.php?rest_route=\/wp\/v2\/posts\/15571\/revisions\/15575"}],"wp:featuredmedia":[{"embeddable":true,"href":"https:\/\/elcronistadigital.com\/index.php?rest_route=\/wp\/v2\/media\/15572"}],"wp:attachment":[{"href":"https:\/\/elcronistadigital.com\/index.php?rest_route=%2Fwp%2Fv2%2Fmedia&parent=15571"}],"wp:term":[{"taxonomy":"category","embeddable":true,"href":"https:\/\/elcronistadigital.com\/index.php?rest_route=%2Fwp%2Fv2%2Fcategories&post=15571"},{"taxonomy":"post_tag","embeddable":true,"href":"https:\/\/elcronistadigital.com\/index.php?rest_route=%2Fwp%2Fv2%2Ftags&post=15571"}],"curies":[{"name":"wp","href":"https:\/\/api.w.org\/{rel}","templated":true}]}}