{"id":15612,"date":"2013-03-19T13:11:25","date_gmt":"2013-03-19T19:11:25","guid":{"rendered":"http:\/\/elcronistadigital.com\/?p=15612"},"modified":"2013-03-19T13:12:00","modified_gmt":"2013-03-19T19:12:00","slug":"la-formacion-del-papa-francisco","status":"publish","type":"post","link":"https:\/\/elcronistadigital.com\/?p=15612","title":{"rendered":"La formaci\u00f3n del Papa Francisco"},"content":{"rendered":"<div id=\"attachment_15613\" style=\"width: 210px\" class=\"wp-caption alignleft\"><a href=\"https:\/\/elcronistadigital.com\/?attachment_id=15613\" rel=\"attachment wp-att-15613\"><img loading=\"lazy\" decoding=\"async\" aria-describedby=\"caption-attachment-15613\" class=\"size-medium wp-image-15613\" title=\"Rub\u00e9n Aguilar Valenzuela\" src=\"https:\/\/elcronistadigital.com\/wp-content\/uploads\/2013\/03\/Rub\u00e9n-Aguilar-Valenzuela3-200x300.jpg\" alt=\"\" width=\"200\" height=\"300\" srcset=\"https:\/\/elcronistadigital.com\/wp-content\/uploads\/2013\/03\/Rub\u00e9n-Aguilar-Valenzuela3-200x300.jpg 200w, https:\/\/elcronistadigital.com\/wp-content\/uploads\/2013\/03\/Rub\u00e9n-Aguilar-Valenzuela3.jpg 299w\" sizes=\"auto, (max-width: 200px) 100vw, 200px\" \/><\/a><p id=\"caption-attachment-15613\" class=\"wp-caption-text\">Rub\u00e9n Aguilar Valenzuela.<\/p><\/div>\n<p>* Como jesuita, el Papa Francisco profes\u00f3 votos perpetuos de pobreza, castidad y obediencia.<\/p>\n<p>Rub\u00e9n Aguilar Valenzuela<\/p>\n<p>La formaci\u00f3n que reciben todos los jesuitas en el mundo se extiende entre 13 y 14 a\u00f1os. Inicia con dos a\u00f1os de noviciado, que Jorge Mario Bergoglio (1936), ahora Papa Francisco, realiz\u00f3 en el Noviciado de la Compa\u00f1\u00eda de Jes\u00fas en el barrio Villa Devoto, en Buenos Aires, de 1958 a 1959. Al entrar a la Orden ten\u00eda 21 a\u00f1os y en 1957 se acababa de diplomar como t\u00e9cnico qu\u00edmico en la E.N.E.T N\u00ba 27 (ahora E.T.N\u00ba 27) Hip\u00f3lito Yrigoyen.<\/p>\n<p>El Noviciado est\u00e1 dedicado a la vida espiritual, a la oraci\u00f3n, a conocer a la Compa\u00f1\u00eda de Jes\u00fas, la vida del fundador y de sus santos m\u00e1s importantes, las Constituciones de la Orden y a realizar trabajo apost\u00f3lico. En esa etapa, los novicios, guiados por el padre maestro, hacen ejercicios de mes, en silencio, con el m\u00e9todo creado por San Ignacio de Loyola, el fundador de los jesuitas. Esto, al terminar el Noviciado, profesan votos perpetuos de pobreza, castidad y obediencia.<\/p>\n<p>Despu\u00e9s vienen dos a\u00f1os dedicados al estudio de las humanidades que el jesuita Bergoglio realiz\u00f3 en Santiago de Chile de 1959 a 1960. Luego siguen tres a\u00f1os de estudios de filosof\u00eda, que el ahora Papa, de regreso a Argentina en 1960, realiz\u00f3 en el Colegio M\u00e1ximo de San Miguel, donde se gradu\u00f3 como Licenciado en Filosof\u00eda en 1964. Terminada esa etapa sigue la del magisterio que son dos a\u00f1os dedicados a trabajar en una obra de la Compa\u00f1\u00eda, com\u00fanmente un colegio. De 1964 a 1965, el \u201cmaestrillo\u201d Bergoglio, as\u00ed se les dice a los estudiantes jesuitas en esta etapa de la formaci\u00f3n, ense\u00f1\u00f3 Literatura y Psicolog\u00eda en el Colegio de la Inmaculada de Santa Fe y durante 1966 en el Colegio El Salvador, de Buenos Aires.<\/p>\n<p>Luego viene la etapa de la teolog\u00eda que dura cuatro a\u00f1os. Es com\u00fan que los jesuitas se ordenen al tercero y ya como sacerdotes sigan estudiando el cuarto a\u00f1o. El ahora Papa hizo teolog\u00eda, de 1967 a 1970, en la Facultad de Teolog\u00eda del colegio de San Jos\u00e9, en San Miguel de Tucum\u00e1n, al norte de Argentina donde se recibi\u00f3 como licenciado. Se orden\u00f3 como sacerdote en diciembre de 1969.<\/p>\n<p>De 1970 a 1971, en Alcal\u00e1 de Henares, Espa\u00f1a, Bergoglio realiz\u00f3 la \u201ctercera probaci\u00f3n\u201d, a\u00f1o que los jesuitas dedican, ya como sacerdotes, para reflexionar, hacer otra vez ejercicios de mes y alg\u00fan trabajo pastoral. Esta etapa cierra el per\u00edodo de formaci\u00f3n por el que pasan todos los jesuitas y es independiente de los estudios de especializaci\u00f3n que estos puedan hacer. El jesuita, ahora Papa, para ese entonces hab\u00eda realizado 13 a\u00f1os de estudio y ten\u00eda 34 a\u00f1os.<\/p>\n<p>El trabajo en la Compa\u00f1\u00eda<\/p>\n<p>De 1972 a 1973, al t\u00e9rmino de sus estudios se desempe\u00f1a como Maestro de Novicios en el noviciado ubicado en Villa Barilari, en San Miguel, al norte del pa\u00eds. En abril de 1973 hace su profesi\u00f3n perpetua o \u00faltimos votos. Los jesuitas en esta ocasi\u00f3n a los votos de pobreza, castidad y obediencia, hechos al terminar el noviciado, a\u00f1aden un cuarto voto, el de obediencia al Papa.<\/p>\n<p>En julio de 1973 fue elegido Provincial de Argentina cargo en el que se desempe\u00f1\u00f3 hasta 1979. Es el tiempo de la dictadura militar. Entre 1980 y 1986 es nombrado profesor en la Facultad de Teolog\u00eda y luego rector del Colegio M\u00e1ximo de San Miguel, cargo que compagin\u00f3 con el de p\u00e1rroco de la iglesia de San Jos\u00e9, en esa misma localidad. En 1986 va a Alemania para ver temas relacionados con su tesis doctoral. Al volver se le destina al Colegio del Salvador y luego lo trasladan a la iglesia de la Compa\u00f1\u00eda en C\u00f3rdoba para ejercer como director espiritual y confesor. En esa responsabilidad permanece hasta mayo de 1992 cuando es nombrado obispo. A partir de ese momento, como lo establecen las reglas, ya no debe obediencia a los superiores de la Orden, pero sigue siendo jesuita. Ten\u00eda entonces 56 a\u00f1os de los cu\u00e1les 35 los hab\u00eda vivido en la Compa\u00f1\u00eda de Jes\u00fas.<\/p>\n","protected":false},"excerpt":{"rendered":"<p>* Como jesuita, el Papa Francisco profes\u00f3 votos perpetuos de pobreza, castidad y obediencia. Rub\u00e9n Aguilar Valenzuela La formaci\u00f3n que reciben todos los jesuitas en el mundo se extiende entre 13 y 14 a\u00f1os. Inicia con dos a\u00f1os de noviciado, que Jorge Mario Bergoglio (1936), ahora Papa Francisco, realiz\u00f3 en el Noviciado de la Compa\u00f1\u00eda [&hellip;]<\/p>\n","protected":false},"author":1,"featured_media":15613,"comment_status":"open","ping_status":"open","sticky":false,"template":"","format":"standard","meta":{"om_disable_all_campaigns":false,"_monsterinsights_skip_tracking":false,"_monsterinsights_sitenote_active":false,"_monsterinsights_sitenote_note":"","_monsterinsights_sitenote_category":0,"footnotes":""},"categories":[12],"tags":[1108],"class_list":["post-15612","post","type-post","status-publish","format-standard","has-post-thumbnail","hentry","category-blugs","tag-ruben-aguilar-valenzuela"],"aioseo_notices":[],"_links":{"self":[{"href":"https:\/\/elcronistadigital.com\/index.php?rest_route=\/wp\/v2\/posts\/15612","targetHints":{"allow":["GET"]}}],"collection":[{"href":"https:\/\/elcronistadigital.com\/index.php?rest_route=\/wp\/v2\/posts"}],"about":[{"href":"https:\/\/elcronistadigital.com\/index.php?rest_route=\/wp\/v2\/types\/post"}],"author":[{"embeddable":true,"href":"https:\/\/elcronistadigital.com\/index.php?rest_route=\/wp\/v2\/users\/1"}],"replies":[{"embeddable":true,"href":"https:\/\/elcronistadigital.com\/index.php?rest_route=%2Fwp%2Fv2%2Fcomments&post=15612"}],"version-history":[{"count":5,"href":"https:\/\/elcronistadigital.com\/index.php?rest_route=\/wp\/v2\/posts\/15612\/revisions"}],"predecessor-version":[{"id":15618,"href":"https:\/\/elcronistadigital.com\/index.php?rest_route=\/wp\/v2\/posts\/15612\/revisions\/15618"}],"wp:featuredmedia":[{"embeddable":true,"href":"https:\/\/elcronistadigital.com\/index.php?rest_route=\/wp\/v2\/media\/15613"}],"wp:attachment":[{"href":"https:\/\/elcronistadigital.com\/index.php?rest_route=%2Fwp%2Fv2%2Fmedia&parent=15612"}],"wp:term":[{"taxonomy":"category","embeddable":true,"href":"https:\/\/elcronistadigital.com\/index.php?rest_route=%2Fwp%2Fv2%2Fcategories&post=15612"},{"taxonomy":"post_tag","embeddable":true,"href":"https:\/\/elcronistadigital.com\/index.php?rest_route=%2Fwp%2Fv2%2Ftags&post=15612"}],"curies":[{"name":"wp","href":"https:\/\/api.w.org\/{rel}","templated":true}]}}