{"id":15705,"date":"2013-03-20T10:06:04","date_gmt":"2013-03-20T16:06:04","guid":{"rendered":"http:\/\/elcronistadigital.com\/?p=15705"},"modified":"2013-03-20T10:06:04","modified_gmt":"2013-03-20T16:06:04","slug":"el-papa-y-la-dictadura","status":"publish","type":"post","link":"https:\/\/elcronistadigital.com\/?p=15705","title":{"rendered":"El Papa y la dictadura"},"content":{"rendered":"<div id=\"attachment_15706\" style=\"width: 310px\" class=\"wp-caption alignright\"><a href=\"https:\/\/elcronistadigital.com\/?attachment_id=15706\" rel=\"attachment wp-att-15706\"><img loading=\"lazy\" decoding=\"async\" aria-describedby=\"caption-attachment-15706\" class=\"size-medium wp-image-15706\" title=\"rafael-videla\" src=\"https:\/\/elcronistadigital.com\/wp-content\/uploads\/2013\/03\/rafael-videla-300x233.jpg\" alt=\"\" width=\"300\" height=\"233\" srcset=\"https:\/\/elcronistadigital.com\/wp-content\/uploads\/2013\/03\/rafael-videla-300x233.jpg 300w, https:\/\/elcronistadigital.com\/wp-content\/uploads\/2013\/03\/rafael-videla-342x266.jpg 342w, https:\/\/elcronistadigital.com\/wp-content\/uploads\/2013\/03\/rafael-videla.jpg 472w\" sizes=\"auto, (max-width: 300px) 100vw, 300px\" \/><\/a><p id=\"caption-attachment-15706\" class=\"wp-caption-text\">El general Jorge Rafael Videla, uno de los peores criminales argentinos.<\/p><\/div>\n<p>Rub\u00e9n Aguilar Valenzuela<\/p>\n<p>El jesuita Jorge Mario Bergoglio, ahora Papa Francisco, fue provincial de la Compa\u00f1\u00eda de Jes\u00fas en Argentina, de 1973 a 1979. En marzo de 1976, los militares dan el golpe de Estado y nombran como Presidente al General Jorge Rafael Videla, que permaneci\u00f3 en el cargo hasta 1981. Es el inicio de la guerra sucia que trajo la desaparici\u00f3n y el asesinato de miles de argentinos.<\/p>\n<p>En mayo de 1976, los sacerdotes jesuitas Orlando Yorio y Francisco Jalics fueron secuestrados en el barrio donde trabajaban. Durante cinco meses, estuvieron cautivos en la Escuela de Mec\u00e1nica de la Armada (ESMA), donde fueron interrogados y se les mantuvo \u201catados y con los ojos vendados\u201d. En octubre de 1976 fueron liberados y enviados a Roma por su provincial.<\/p>\n<p>Yorio, que muri\u00f3 en Uruguay en el 2000, y familiares suyos acusaron a Bergoglio de no haber evitado su arresto y que tampoco abog\u00f3 por ellos ante las autoridades. El padre Jalics, que desde 1978 vive en Alemania, ha declarado que en el 2000, cuando Bergoglio ya era Arzobispo de Buenos Aires, tuvo \u201cocasi\u00f3n de hablar\u201d de su arresto y dice estar \u201cen paz\u201d con quien fuera su provincial y da \u201clos hechos por cerrados\u201d.<\/p>\n<p>En 1986, Emilio Mignone public\u00f3 Iglesia y dictadura. El papel de la Iglesia a la luz de sus relaciones con el r\u00e9gimen militar, donde menciona que Bergoglio habr\u00eda estado vinculado con el secuestro de los jesuitas. La afirmaci\u00f3n fue retomada por el periodista Horacio Verbitsky en \u00abEl silencio\u00bb, libro publicado en el 2005. El ahora Papa siempre lo ha negado y tambi\u00e9n dicho que se entrevist\u00f3 dos veces con el general Jorge Rafael Videla, Presidente de la Rep\u00fablica, y otras dos con el Almirante Emilio Massera, para pedirles la libertad de los jesuitas.<\/p>\n<p>En Argentina hay quienes afirman que la \u00fanica explicaci\u00f3n de que \u00e9stos no hayan sido asesinados es por la intervenci\u00f3n de Bergoglio.<\/p>\n<p>El premio Nobel de la Paz, Adolfo P\u00e9rez Esquivel, como tambi\u00e9n otros luchadores de los derechos humanos, ha negado que el ahora Papa fuera c\u00f3mplice de la dictadura, pero existen tambi\u00e9n los que lo acusan de tal cosa. En el 2010, Francesca Ambrogetti y Sergio Rub\u00edn publicaron El jesuita, conversaciones con el cardenal Jorge Bergoglio, S.J. All\u00ed, \u00e9l narra c\u00f3mo protegi\u00f3 a sacerdotes perseguidos durante la dictadura y tambi\u00e9n afirma \u201cHice lo que pude con la edad que ten\u00eda y las pocas relaciones con las que contaba para abogar por las personas secuestradas [&#8230;] Me mov\u00ed dentro de mis pocas posibilidades y mi escaso peso\u201d.<\/p>\n<p>La iglesia jer\u00e1rquica Argentina no tuvo una actitud beligerante contra la dictadura por la violaci\u00f3n de los derechos humanos. Eso lo ha reconocido y pedido perd\u00f3n. Dos afirmaciones sit\u00faan lo que ocurri\u00f3 en aquel momento. La de P\u00e9rez Esquivel, que afirma que Bergoglio nunca fue c\u00f3mplice de la dictadura, pero \u201cle falt\u00f3 coraje para acompa\u00f1ar nuestra lucha por los derechos humanos en los momentos m\u00e1s dif\u00edciles\u201d. La otra, la de las madres de la Plaza de Mayo, que plantean no existe nada contra Bergoglio en lo particular, sino en contra de la iglesia a la que \u00e9l pertenec\u00eda, que call\u00f3 los cr\u00edmenes de la dictadura.<\/p>\n","protected":false},"excerpt":{"rendered":"<p>Rub\u00e9n Aguilar Valenzuela El jesuita Jorge Mario Bergoglio, ahora Papa Francisco, fue provincial de la Compa\u00f1\u00eda de Jes\u00fas en Argentina, de 1973 a 1979. En marzo de 1976, los militares dan el golpe de Estado y nombran como Presidente al General Jorge Rafael Videla, que permaneci\u00f3 en el cargo hasta 1981. Es el inicio de [&hellip;]<\/p>\n","protected":false},"author":1,"featured_media":15706,"comment_status":"open","ping_status":"open","sticky":false,"template":"","format":"standard","meta":{"om_disable_all_campaigns":false,"_monsterinsights_skip_tracking":false,"_monsterinsights_sitenote_active":false,"_monsterinsights_sitenote_note":"","_monsterinsights_sitenote_category":0,"footnotes":""},"categories":[12],"tags":[2135],"class_list":["post-15705","post","type-post","status-publish","format-standard","has-post-thumbnail","hentry","category-blugs","tag-jorge-rafael-videla"],"aioseo_notices":[],"_links":{"self":[{"href":"https:\/\/elcronistadigital.com\/index.php?rest_route=\/wp\/v2\/posts\/15705","targetHints":{"allow":["GET"]}}],"collection":[{"href":"https:\/\/elcronistadigital.com\/index.php?rest_route=\/wp\/v2\/posts"}],"about":[{"href":"https:\/\/elcronistadigital.com\/index.php?rest_route=\/wp\/v2\/types\/post"}],"author":[{"embeddable":true,"href":"https:\/\/elcronistadigital.com\/index.php?rest_route=\/wp\/v2\/users\/1"}],"replies":[{"embeddable":true,"href":"https:\/\/elcronistadigital.com\/index.php?rest_route=%2Fwp%2Fv2%2Fcomments&post=15705"}],"version-history":[{"count":3,"href":"https:\/\/elcronistadigital.com\/index.php?rest_route=\/wp\/v2\/posts\/15705\/revisions"}],"predecessor-version":[{"id":15709,"href":"https:\/\/elcronistadigital.com\/index.php?rest_route=\/wp\/v2\/posts\/15705\/revisions\/15709"}],"wp:featuredmedia":[{"embeddable":true,"href":"https:\/\/elcronistadigital.com\/index.php?rest_route=\/wp\/v2\/media\/15706"}],"wp:attachment":[{"href":"https:\/\/elcronistadigital.com\/index.php?rest_route=%2Fwp%2Fv2%2Fmedia&parent=15705"}],"wp:term":[{"taxonomy":"category","embeddable":true,"href":"https:\/\/elcronistadigital.com\/index.php?rest_route=%2Fwp%2Fv2%2Fcategories&post=15705"},{"taxonomy":"post_tag","embeddable":true,"href":"https:\/\/elcronistadigital.com\/index.php?rest_route=%2Fwp%2Fv2%2Ftags&post=15705"}],"curies":[{"name":"wp","href":"https:\/\/api.w.org\/{rel}","templated":true}]}}