{"id":15810,"date":"2013-03-22T11:52:04","date_gmt":"2013-03-22T17:52:04","guid":{"rendered":"http:\/\/elcronistadigital.com\/?p=15810"},"modified":"2013-03-22T11:52:04","modified_gmt":"2013-03-22T17:52:04","slug":"una-maravillosa-caminata","status":"publish","type":"post","link":"https:\/\/elcronistadigital.com\/?p=15810","title":{"rendered":"Una maravillosa caminata\u2026"},"content":{"rendered":"<div id=\"attachment_15811\" style=\"width: 190px\" class=\"wp-caption alignleft\"><a href=\"https:\/\/elcronistadigital.com\/?attachment_id=15811\" rel=\"attachment wp-att-15811\"><img loading=\"lazy\" decoding=\"async\" aria-describedby=\"caption-attachment-15811\" class=\"size-full wp-image-15811\" title=\"Diana Benavides2\" src=\"https:\/\/elcronistadigital.com\/wp-content\/uploads\/2013\/03\/Diana-Benavides22.jpg\" alt=\"\" width=\"180\" height=\"299\" \/><\/a><p id=\"caption-attachment-15811\" class=\"wp-caption-text\">Diana Benavides.<\/p><\/div>\n<p>\u00bfOcupado? \u00bfEn c\u00edrculos de aqu\u00ed para all\u00e1? Si te ayuda en algo saberlo, la vida no es un camino recto. Vamos, avancemos con confianza por sobre los obst\u00e1culos que pensamos nunca podremos cruzar. No te soltar\u00e9, aprenderemos y creceremos juntos.<\/p>\n<p>\u00bfSabes?, no importa qu\u00e9 tan r\u00e1pido pensemos que estamos yendo por la vida, no podemos enga\u00f1arla. Es preciso que sepas que no hay atajos en nuestra caminata. S\u00ed, probablemente tengo m\u00e1s preguntas que respuestas, pero juntos lograremos con total conciencia, abrazar el hecho de que hemos nacido para ser grandes, desarraigando la idea de que nuestros pensamientos est\u00e1n grabados en piedra. A no ser que as\u00ed queramos que permanezcan. Por lo que a pesar de nuestros dogmas, siempre podemos adaptarnos a nuevas y diferentes percepciones. Continuamos caminando, \u00bfte parece?<\/p>\n<p>Inspirada y fascinada por las palabras de S\u00e9neca: Quieres vivir, \u00bfpero sabes c\u00f3mo? Temes a la muerte, pero dime, \u00bfes acaso la calidad de tu vida diferente a estar muerto? La an\u00e9cdota cuenta acerca de dos hombres que fueron al bosque a talar tantos arboles como fuera posible. Uno de los hombres pausaba y se tomaba el tiempo para afilar su hacha; mientras que el otro ininterrumpidamente segu\u00eda talando.<\/p>\n<p>Sin embargo, el hombre que pausaba para recuperar sus fuerzas y afilar su hacha termin\u00f3 talando m\u00e1s \u00e1rboles que el que trabaj\u00f3 sin parar. \u00bfLogras visionar el prop\u00f3sito de nuestra caminata? S\u00ed, acertaste,- es un camino amplio hacia nuestra conciencia. \u00bfCu\u00e1ndo fue la \u00faltima vez que pausamos para afilar nuestros pensamientos, ideales, ideas, principios, valores, direcci\u00f3n, visi\u00f3n, prop\u00f3sito, necesidades y querencias en nuestra vida? Continuamos caminando, \u00bfsi?<\/p>\n<p>El final del t\u00fanel nunca se encuentra tan lejos como se percibe, si tan solo permanecemos serenos en el silencio y paz de nuestro ser interior. Solamente entonces podemos pararnos sobre tierra firme, de seguro nos sentiremos m\u00e1s fortalecidos que exhaustos al final de nuestro camino.<\/p>\n<p>Vamos a seducir nuestra mente con la noci\u00f3n de nuestro propio valor y armarnos de coraje para enfrentar el cambio. Por lo que es preciso asimilar el hecho de que la seguridad no existe en este estado de vida, \u00a1la vida solamente nos ofrece oportunidades! Sabemos que la vida no es un camino recto, pues tiene sus altos y sus bajos, lo importante es c\u00f3mo nos balanceamos entre un extremo y otro. Tambi\u00e9n sabemos que la \u00fanica constante en la vida es el cambio; y la primera manifestaci\u00f3n del cambio es una descomposici\u00f3n natural de adentro hacia afuera, si, \u00a1necesitamos desarmarnos para volvernos a armar! \u00bfContinuamos?<\/p>\n<p>Ahora bien, el desaf\u00edo no consiste en traspasar el miedo al cambio, pero s\u00ed en transcenderlo. Y la \u00fanica forma de lograr esto es mediante el fortalecimiento de nuestras variables. \u00bfVariables? S\u00ed, son nuestra esencia, esperanza, fe, confianza, autoestima, actitud, y pensamientos. Como veras, debemos estar agradecidos por nuestros desaf\u00edos, pues podemos lograr que se conviertan en los escalones que necesitamos para balancearnos entre los altibajos de la vida; si tan solo cambiamos la percepci\u00f3n que tenemos de ellos en oportunidades.<\/p>\n<p><a href=\"https:\/\/elcronistadigital.com\/?attachment_id=15812\" rel=\"attachment wp-att-15812\"><img loading=\"lazy\" decoding=\"async\" class=\"alignright size-full wp-image-15812\" title=\"Sendero\" src=\"https:\/\/elcronistadigital.com\/wp-content\/uploads\/2013\/03\/Sendero.jpg\" alt=\"\" width=\"275\" height=\"183\" \/><\/a><\/p>\n<p>Mas sin embargo, logramos ver las oportunidades cuando realizamos el viaje m\u00e1s maravilloso de todos: el interno. As\u00ed que cuando nos levantamos mas all\u00e1 de nuestras tristezas y lamentos, la contemplaci\u00f3n nos lleva a la acci\u00f3n. Entonces, es durante la contemplaci\u00f3n que nos conectamos y renovamos nuestro poder con el Alt\u00edsimo para sanarnos, examinarnos y meditar en el prop\u00f3sito de nuestra vida y la direcci\u00f3n que debemos tomar.<br \/>\nS\u00ed, debemos armarnos de fuertes convicciones, pero siempre dejando espacio para cuestionar. Debemos caminar por fe para sobrepasar las pruebas en la vida, pero siempre es sabio prepararnos para perder y dejar algunas batallas en el camino. En verdad debemos permitir que las espinas de la vida nos conviertan en mejores personas, y no que nos envenene el alma un peso extra que no necesitamos en nuestra caminata.<\/p>\n<p>Por ahora es mejor pausar y descansar. La oscuridad ha invadido mi aposento, miro a mi alrededor y estoy sola, entonces me doy cuenta que todo fue un sue\u00f1o. So\u00f1\u00e9 que tu y yo disfrutamos de una caminata donde aprendimos y crecimos juntos\u2026fue una maravillosa caminata.<\/p>\n<p>Este escrito es propiedad y derechos reservados de su autora, Diana Benavides.<\/p>\n","protected":false},"excerpt":{"rendered":"<p>\u00bfOcupado? \u00bfEn c\u00edrculos de aqu\u00ed para all\u00e1? Si te ayuda en algo saberlo, la vida no es un camino recto. Vamos, avancemos con confianza por sobre los obst\u00e1culos que pensamos nunca podremos cruzar. No te soltar\u00e9, aprenderemos y creceremos juntos. \u00bfSabes?, no importa qu\u00e9 tan r\u00e1pido pensemos que estamos yendo por la vida, no podemos [&hellip;]<\/p>\n","protected":false},"author":1,"featured_media":15812,"comment_status":"open","ping_status":"open","sticky":false,"template":"","format":"standard","meta":{"om_disable_all_campaigns":false,"_monsterinsights_skip_tracking":false,"_monsterinsights_sitenote_active":false,"_monsterinsights_sitenote_note":"","_monsterinsights_sitenote_category":0,"footnotes":""},"categories":[12],"tags":[381,1508],"class_list":["post-15810","post","type-post","status-publish","format-standard","has-post-thumbnail","hentry","category-blugs","tag-diana-benavides","tag-lady-fortuna"],"aioseo_notices":[],"_links":{"self":[{"href":"https:\/\/elcronistadigital.com\/index.php?rest_route=\/wp\/v2\/posts\/15810","targetHints":{"allow":["GET"]}}],"collection":[{"href":"https:\/\/elcronistadigital.com\/index.php?rest_route=\/wp\/v2\/posts"}],"about":[{"href":"https:\/\/elcronistadigital.com\/index.php?rest_route=\/wp\/v2\/types\/post"}],"author":[{"embeddable":true,"href":"https:\/\/elcronistadigital.com\/index.php?rest_route=\/wp\/v2\/users\/1"}],"replies":[{"embeddable":true,"href":"https:\/\/elcronistadigital.com\/index.php?rest_route=%2Fwp%2Fv2%2Fcomments&post=15810"}],"version-history":[{"count":3,"href":"https:\/\/elcronistadigital.com\/index.php?rest_route=\/wp\/v2\/posts\/15810\/revisions"}],"predecessor-version":[{"id":15815,"href":"https:\/\/elcronistadigital.com\/index.php?rest_route=\/wp\/v2\/posts\/15810\/revisions\/15815"}],"wp:featuredmedia":[{"embeddable":true,"href":"https:\/\/elcronistadigital.com\/index.php?rest_route=\/wp\/v2\/media\/15812"}],"wp:attachment":[{"href":"https:\/\/elcronistadigital.com\/index.php?rest_route=%2Fwp%2Fv2%2Fmedia&parent=15810"}],"wp:term":[{"taxonomy":"category","embeddable":true,"href":"https:\/\/elcronistadigital.com\/index.php?rest_route=%2Fwp%2Fv2%2Fcategories&post=15810"},{"taxonomy":"post_tag","embeddable":true,"href":"https:\/\/elcronistadigital.com\/index.php?rest_route=%2Fwp%2Fv2%2Ftags&post=15810"}],"curies":[{"name":"wp","href":"https:\/\/api.w.org\/{rel}","templated":true}]}}