{"id":16061,"date":"2013-04-02T11:30:31","date_gmt":"2013-04-02T17:30:31","guid":{"rendered":"http:\/\/elcronistadigital.com\/?p=16061"},"modified":"2013-04-02T11:30:31","modified_gmt":"2013-04-02T17:30:31","slug":"corre-peligro-la-vida-del-papa-francisco","status":"publish","type":"post","link":"https:\/\/elcronistadigital.com\/?p=16061","title":{"rendered":"\u00bfCorre peligro la vida del Papa Francisco?"},"content":{"rendered":"<div id=\"attachment_16062\" style=\"width: 310px\" class=\"wp-caption alignleft\"><a href=\"https:\/\/elcronistadigital.com\/?attachment_id=16062\" rel=\"attachment wp-att-16062\"><img loading=\"lazy\" decoding=\"async\" aria-describedby=\"caption-attachment-16062\" class=\"size-medium wp-image-16062\" title=\"Leonardo Boff\" src=\"https:\/\/elcronistadigital.com\/wp-content\/uploads\/2013\/04\/Leonardo-Boff-300x225.jpg\" alt=\"\" width=\"300\" height=\"225\" srcset=\"https:\/\/elcronistadigital.com\/wp-content\/uploads\/2013\/04\/Leonardo-Boff-300x225.jpg 300w, https:\/\/elcronistadigital.com\/wp-content\/uploads\/2013\/04\/Leonardo-Boff-342x256.jpg 342w, https:\/\/elcronistadigital.com\/wp-content\/uploads\/2013\/04\/Leonardo-Boff-60x45.jpg 60w, https:\/\/elcronistadigital.com\/wp-content\/uploads\/2013\/04\/Leonardo-Boff-150x113.jpg 150w, https:\/\/elcronistadigital.com\/wp-content\/uploads\/2013\/04\/Leonardo-Boff-269x201.jpg 269w, https:\/\/elcronistadigital.com\/wp-content\/uploads\/2013\/04\/Leonardo-Boff.jpg 590w\" sizes=\"auto, (max-width: 300px) 100vw, 300px\" \/><\/a><p id=\"caption-attachment-16062\" class=\"wp-caption-text\">Leonardo Boff, te\u00f3logo brasile\u00f1o.<\/p><\/div>\n<p>* Inquietantes declaraciones del te\u00f3logo Leonardo Boff, quien advierte que donde hay poder no hay amor y que los grupos fundamentalistas del Vaticano deben estar muy disconformes; adem\u00e1s record\u00f3 la \u00abs\u00fabita muerte\u00bb de Albino Luciani, el Papa Juan Pablo I<\/p>\n<p>\u00bfEst\u00e1 diciendo que el papa Francisco correr\u00eda peligro? Es la \u00faltima pregunta de una entrevista que el periodista de La Naci\u00f3n, de Costa Rica, \u00c1lvaro Murillo, realiz\u00f3 al ex sacerdote y te\u00f3logo brasile\u00f1o, Leonardo Boff, quien est\u00e1 de visita en el pa\u00eds vecino.<\/p>\n<p>Boff, de 74 a\u00f1os, aparte de ser adem\u00e1s fil\u00f3sofo, escritor, profesor y ecologista, es archirreconocido por ser cofundador de la Teolog\u00eda de la Liberaci\u00f3n, una opci\u00f3n por los pobres de la que abjuraron muchos que dec\u00edan abrazarla en los a\u00f1os 80 y 90.<\/p>\n<p>La pregunta de Murillo estuvo precedida por otra donde le preguntaba si la gesti\u00f3n de Francisco, signada por la humildad, le impulsar\u00eda a irse a vivir afuera del Vaticano.<\/p>\n<p>Boff ofreci\u00f3 una respuesta demoledora: \u201cComo Juan Pablo I, que, dos d\u00edas antes de morir, reuni\u00f3 a los cardenales y les anunci\u00f3 eso; dos d\u00edas despu\u00e9s, apareci\u00f3 muerto\u201d.<\/p>\n<p>Y respondi\u00f3 de manera contundente la \u00faltima interrogante sobre el peligro que correr\u00eda la vida del Papa Francisco.<\/p>\n<p>\u201cEs un peligro, porque hay una historia en el Vaticano de muchos asesinatos, hace mucho tiempo. \u00c9l debe tener cuidado porque donde hay disputa del poder no hay amor, y el poder siempre busca m\u00e1s poder.<\/p>\n<p>\u201cDebe manejar eso para hacer una reforma sin provocar un cisma. Las bases de los dos papas anteriores eran fundamentalistas, como Opus Dei o Comuni\u00f3n y Liberaci\u00f3n, o los Caballeros de Cristo. Esos grupos deben de estar muy disconformes con el nuevo Papa, que es m\u00e1s de base social\u201d.<\/p>\n<p>No es la primera vez que Boff hace declaraciones explosivas. Sus andanzas a favor de los pobres le costaron en 1985, la condena de un a\u00f1o de silencio o suspensi\u00f3n a divinis, por parte de la Congregaci\u00f3n para la Doctrina de la Fe, dirigida entonces por el anterior Papa, Joseph Ratzinger. Siete a\u00f1os despu\u00e9s, ante otra conjura en su contra, abandon\u00f3 los h\u00e1bitos.<\/p>\n<p>Desde entonces confirm\u00f3 su anti vaticanismo, que actualmente parece revertida por su entusiasmo ante la elecci\u00f3n de Jorge Mario Bergoglio, \u201ctan jesuita como \u00e9l\u201d, se\u00f1ala el periodista costarricense.<\/p>\n<p>\u00bfPor qu\u00e9 el cambio? \u201cSu nombre, Francisco, es m\u00e1s que un nombre, es un proyecto de Iglesia. Reconstruye una Iglesia que est\u00e1 en ruinas, por los esc\u00e1ndalos sexuales, del banco del Vaticano, peleas internas. Es providencial que sea un jesuita, muy bien formado y con las virtudes de San Francisco, con la sencillez y la opci\u00f3n por los pobres.<\/p>\n<p>\u201cViene del tercer mundo, donde vive el 60% de los cat\u00f3licos, mientras Europa es una regi\u00f3n agonizante. \u00c9l puede traer un vigor nuevo a la Iglesia, una esperanza nueva y ya ha dado se\u00f1ales muy claras de que ser\u00e1 diferente. Ya dijo que los pastores deben tener olor de ovejas, no de palacios, de altares y sacrist\u00edas. Es una Iglesia de siempre. \u00c9l ser\u00e1 m\u00e1s pastor que doctor.<\/p>\n<p>Murillo le consulta si Francisco podr\u00e1 hacer los cambios que desea, con las mismas autoridades del papado anterior.<\/p>\n<p>\u201c\u00c9l tiene que intervenir, usar ese poder de la monarqu\u00eda absolutista. Tiene la capacidad de intervenci\u00f3n en el cuerpo enfermo de la Iglesia, en su c\u00e1ncer. Si no lo hace, no tendr\u00eda sentido su nombre.<\/p>\n<p>\u201cEl problema es que la Iglesia perdi\u00f3 totalmente la credibilidad y est\u00e1 universalmente desmoralizada. \u00c9l fue elegido para rescatar esa credibilidad en esta crisis interna. \u00c9l se siente obligado a una reforma profunda ante los errores de la Curia\u201d.<\/p>\n<p>\u201cTal vez esa sea la \u00fanica ventaja de ser una monarqu\u00eda absolutista. Tiene poder absoluto e inmediato. Puede quitar a un cardenal, transferir a un arzobispo, y puede excomulgar a personas del m\u00e1s alto nivel. Quiz\u00e1 sea la \u00fanica ventaja de ser una dictadura.<\/p>\n<p>Boff se\u00f1ala que el Papa Francisco siempre ha preferido a los pobres no por filantrop\u00eda, sino por justicia. Indica adem\u00e1s que la mayor\u00eda de cardenales y obispos son muy devotos del Papa y lo ensalzan y tal, por lo que es momento de que lo imiten y se despojen de los t\u00edtulos de palacio.<\/p>\n<p>\u201cYa \u00e9l dijo que \u2018el carnaval se termin\u00f3\u2019, cuando quisieron ponerle los ropajes. Esto es un esc\u00e1ndalo. Con toda esa solemnidad y h\u00e1bitos, m\u00e1s bien parece el carnaval de R\u00edo. Yo soy uno que voy a recordar que imiten al Papa. Si no lo hace, es se\u00f1al de que rompen con \u00e9l y su papado.<\/p>\n<p>Consultado si el actuar del Papa Francisco est\u00e1 inscrito en el eje central de la Teolog\u00eda de la Liberaci\u00f3n, indic\u00f3 que s\u00ed y agreg\u00f3 que \u201cestamos muy felices y no importa que utilice, o no, las palabras \u201cTeolog\u00eda de la Liberaci\u00f3n\u201d. Nos importa su solidaridad y su autoridad moral por lo humano y por la Tierra.<\/p>\n<p>\u00bfSab\u00eda el Consejo Cardenalicio a qui\u00e9n eleg\u00eda? \u201cSospecho que los cardenales europeos estaban avergonzados. Sab\u00edan que no pod\u00eda ser uno de ellos\u201d, se\u00f1ala.<\/p>\n","protected":false},"excerpt":{"rendered":"<p>* Inquietantes declaraciones del te\u00f3logo Leonardo Boff, quien advierte que donde hay poder no hay amor y que los grupos fundamentalistas del Vaticano deben estar muy disconformes; adem\u00e1s record\u00f3 la \u00abs\u00fabita muerte\u00bb de Albino Luciani, el Papa Juan Pablo I \u00bfEst\u00e1 diciendo que el papa Francisco correr\u00eda peligro? Es la \u00faltima pregunta de una entrevista [&hellip;]<\/p>\n","protected":false},"author":1,"featured_media":16062,"comment_status":"open","ping_status":"open","sticky":false,"template":"","format":"standard","meta":{"om_disable_all_campaigns":false,"_monsterinsights_skip_tracking":false,"_monsterinsights_sitenote_active":false,"_monsterinsights_sitenote_note":"","_monsterinsights_sitenote_category":0,"footnotes":""},"categories":[3,13],"tags":[2202,2203,2204,2104],"class_list":["post-16061","post","type-post","status-publish","format-standard","has-post-thumbnail","hentry","category-nacionales","category-portada","tag-albino-luciani","tag-juan-pablo-i","tag-leonardo-boff","tag-papa-francisco"],"aioseo_notices":[],"_links":{"self":[{"href":"https:\/\/elcronistadigital.com\/index.php?rest_route=\/wp\/v2\/posts\/16061","targetHints":{"allow":["GET"]}}],"collection":[{"href":"https:\/\/elcronistadigital.com\/index.php?rest_route=\/wp\/v2\/posts"}],"about":[{"href":"https:\/\/elcronistadigital.com\/index.php?rest_route=\/wp\/v2\/types\/post"}],"author":[{"embeddable":true,"href":"https:\/\/elcronistadigital.com\/index.php?rest_route=\/wp\/v2\/users\/1"}],"replies":[{"embeddable":true,"href":"https:\/\/elcronistadigital.com\/index.php?rest_route=%2Fwp%2Fv2%2Fcomments&post=16061"}],"version-history":[{"count":3,"href":"https:\/\/elcronistadigital.com\/index.php?rest_route=\/wp\/v2\/posts\/16061\/revisions"}],"predecessor-version":[{"id":16065,"href":"https:\/\/elcronistadigital.com\/index.php?rest_route=\/wp\/v2\/posts\/16061\/revisions\/16065"}],"wp:featuredmedia":[{"embeddable":true,"href":"https:\/\/elcronistadigital.com\/index.php?rest_route=\/wp\/v2\/media\/16062"}],"wp:attachment":[{"href":"https:\/\/elcronistadigital.com\/index.php?rest_route=%2Fwp%2Fv2%2Fmedia&parent=16061"}],"wp:term":[{"taxonomy":"category","embeddable":true,"href":"https:\/\/elcronistadigital.com\/index.php?rest_route=%2Fwp%2Fv2%2Fcategories&post=16061"},{"taxonomy":"post_tag","embeddable":true,"href":"https:\/\/elcronistadigital.com\/index.php?rest_route=%2Fwp%2Fv2%2Ftags&post=16061"}],"curies":[{"name":"wp","href":"https:\/\/api.w.org\/{rel}","templated":true}]}}