{"id":16851,"date":"2013-04-22T07:32:39","date_gmt":"2013-04-22T13:32:39","guid":{"rendered":"http:\/\/elcronistadigital.com\/?p=16851"},"modified":"2013-04-22T11:00:32","modified_gmt":"2013-04-22T17:00:32","slug":"el-mate-el-cigarro-y-el-maltrato-animal","status":"publish","type":"post","link":"https:\/\/elcronistadigital.com\/?p=16851","title":{"rendered":"El mate, el cigarro y el maltrato animal\u2026"},"content":{"rendered":"<div id=\"attachment_16852\" style=\"width: 308px\" class=\"wp-caption alignright\"><a href=\"https:\/\/elcronistadigital.com\/?attachment_id=16852\" rel=\"attachment wp-att-16852\"><img loading=\"lazy\" decoding=\"async\" aria-describedby=\"caption-attachment-16852\" class=\"size-full wp-image-16852\" title=\"rimbaud1\" src=\"https:\/\/elcronistadigital.com\/wp-content\/uploads\/2013\/04\/rimbaud11.jpg\" alt=\"\" width=\"298\" height=\"293\" srcset=\"https:\/\/elcronistadigital.com\/wp-content\/uploads\/2013\/04\/rimbaud11.jpg 298w, https:\/\/elcronistadigital.com\/wp-content\/uploads\/2013\/04\/rimbaud11-50x50.jpg 50w, https:\/\/elcronistadigital.com\/wp-content\/uploads\/2013\/04\/rimbaud11-70x70.jpg 70w, https:\/\/elcronistadigital.com\/wp-content\/uploads\/2013\/04\/rimbaud11-55x55.jpg 55w\" sizes=\"auto, (max-width: 298px) 100vw, 298px\" \/><\/a><p id=\"caption-attachment-16852\" class=\"wp-caption-text\">Dr. Enrique Rimbaud.<\/p><\/div>\n<p>Dr. Enrique Rimabud<\/p>\n<p>En las ma\u00f1anas, puede ser que de acuerdo a la intenci\u00f3n y las ganas, tomemos mate o caf\u00e9, mi car\u00e1cter de Nicaragua pide las dos cosas: el mate sure\u00f1o amargo y humeante, y el caf\u00e9 bien percolado y gustoso de las monta\u00f1as del Caribe tropical\u2026<\/p>\n<p>Pero es el mate, el que acompa\u00f1ado de un cigarrillo, nos transporta y nos lleva hacia el teclado, donde arremetemos con el primer tema que se nos viene a la cabeza, y conjugamos mente y cuerpo en un solo sentimiento, provocando a veces corrientes de simpat\u00eda o empat\u00eda, dependiendo del p\u00fablico lector y las ganas que tengan de debatir y platicar.<\/p>\n<p>Muchos dir\u00e1n que ya aburro con los animales, que ya no escriba m\u00e1s del maltrato animal, que cambie el rollo, pero la vida, mi profesi\u00f3n, mis sentimientos me lo impiden, y mi obligaci\u00f3n de ahora padre es fabricar un mundo mejor para mi hijo, y esto pasa por una sociedad donde los animales se respeten y sus derechos se contemplen.<\/p>\n<p>Pero, en esto quiero ser enf\u00e1tico, hablamos de maltrato animal porque estoy cansado de las falsas denuncias de siempre, de l\u00edos entre vecinos, que el perro est\u00e1 atado, que ladra, que me molesta, que no le dan de comer, y nada de eso es cierto, simplemente es que me molesta el vecino y quiero que pase un mal rato.<\/p>\n<p>Maltrato animal es que venga el ex marido y me deg\u00fcelle al perro delante de mis hijos, que por sacar la cabeza por la reja un perro se la arranque de un machetazo, que le pague a dos o tres chavalos para que arrojen un perro desde el puente porque ya no lo quiero, que cargue el perro en el carro y lo deje en otro pueblo para que se pierda&#8230;<\/p>\n<p>Adem\u00e1s, que arroje en el cauce las cr\u00edas de mi perro o de mi gato porque no las quiero criar, que porque me molestan los ladridos le parta un bate en la cabeza, que le corte un pedazo de carne a mi caballo que est\u00e1 vivo para venderla en el mercado por tres pesos, que mis vecinos violen a mi perro, que envenene a los perros de mi vecino porque \u00e9ste me cae mal\u2026 \u00a1eso es maltrato animal!<\/p>\n<p>\u00a1Eso es maltrato animal, contra eso es que luchamos!<\/p>\n<p>En nuestra cl\u00ednica, en la sede de la fundaci\u00f3n, atendemos casos diariamente que har\u00edan llorar y estremecer a m\u00e1s de uno, \u00bfhasta d\u00f3nde llega la condici\u00f3n humana? \u00bfC\u00f3mo puede ser posible que un hombre sea capaz de estas cosas y m\u00e1s?<\/p>\n<p>Lo que s\u00ed sabemos, de lo que estamos convencidos, es que estas personas que hoy maltratan animales, ma\u00f1ana estar\u00e1n maltratando mujeres o ni\u00f1os, por lo tanto, luchando por el bienestar animal, luchamos por una sociedad m\u00e1s justa y sin violencia, una sociedad en la que valga la pena vivir, en que la paz reine entre los seres humanos y entre las especies.<\/p>\n<p>\u00a1Porque los animales nos importan!<\/p>\n","protected":false},"excerpt":{"rendered":"<p>Dr. Enrique Rimabud En las ma\u00f1anas, puede ser que de acuerdo a la intenci\u00f3n y las ganas, tomemos mate o caf\u00e9, mi car\u00e1cter de Nicaragua pide las dos cosas: el mate sure\u00f1o amargo y humeante, y el caf\u00e9 bien percolado y gustoso de las monta\u00f1as del Caribe tropical\u2026 Pero es el mate, el que acompa\u00f1ado [&hellip;]<\/p>\n","protected":false},"author":1,"featured_media":16852,"comment_status":"open","ping_status":"open","sticky":false,"template":"","format":"standard","meta":{"om_disable_all_campaigns":false,"_monsterinsights_skip_tracking":false,"_monsterinsights_sitenote_active":false,"_monsterinsights_sitenote_note":"","_monsterinsights_sitenote_category":0,"footnotes":""},"categories":[3,12],"tags":[],"class_list":["post-16851","post","type-post","status-publish","format-standard","has-post-thumbnail","hentry","category-nacionales","category-blugs"],"aioseo_notices":[],"_links":{"self":[{"href":"https:\/\/elcronistadigital.com\/index.php?rest_route=\/wp\/v2\/posts\/16851","targetHints":{"allow":["GET"]}}],"collection":[{"href":"https:\/\/elcronistadigital.com\/index.php?rest_route=\/wp\/v2\/posts"}],"about":[{"href":"https:\/\/elcronistadigital.com\/index.php?rest_route=\/wp\/v2\/types\/post"}],"author":[{"embeddable":true,"href":"https:\/\/elcronistadigital.com\/index.php?rest_route=\/wp\/v2\/users\/1"}],"replies":[{"embeddable":true,"href":"https:\/\/elcronistadigital.com\/index.php?rest_route=%2Fwp%2Fv2%2Fcomments&post=16851"}],"version-history":[{"count":9,"href":"https:\/\/elcronistadigital.com\/index.php?rest_route=\/wp\/v2\/posts\/16851\/revisions"}],"predecessor-version":[{"id":16873,"href":"https:\/\/elcronistadigital.com\/index.php?rest_route=\/wp\/v2\/posts\/16851\/revisions\/16873"}],"wp:featuredmedia":[{"embeddable":true,"href":"https:\/\/elcronistadigital.com\/index.php?rest_route=\/wp\/v2\/media\/16852"}],"wp:attachment":[{"href":"https:\/\/elcronistadigital.com\/index.php?rest_route=%2Fwp%2Fv2%2Fmedia&parent=16851"}],"wp:term":[{"taxonomy":"category","embeddable":true,"href":"https:\/\/elcronistadigital.com\/index.php?rest_route=%2Fwp%2Fv2%2Fcategories&post=16851"},{"taxonomy":"post_tag","embeddable":true,"href":"https:\/\/elcronistadigital.com\/index.php?rest_route=%2Fwp%2Fv2%2Ftags&post=16851"}],"curies":[{"name":"wp","href":"https:\/\/api.w.org\/{rel}","templated":true}]}}