{"id":1713,"date":"2010-08-20T05:00:08","date_gmt":"2010-08-20T05:00:08","guid":{"rendered":"http:\/\/elcronistadigital.com\/?p=1713"},"modified":"2011-06-03T05:00:21","modified_gmt":"2011-06-03T05:00:21","slug":"cosecha-duplicada-por-frijol-tecnificado","status":"publish","type":"post","link":"https:\/\/elcronistadigital.com\/?p=1713","title":{"rendered":"Cosecha duplicada por frijol tecnificado"},"content":{"rendered":"<p>\u00a0<\/p>\n<div><a href=\"https:\/\/elcronistadigital.com\/wp-content\/uploads\/2011\/06\/IICA-Frijol.jpg\"><img loading=\"lazy\" decoding=\"async\" class=\"alignleft size-full wp-image-1714\" title=\"IICA-Frijol\" src=\"https:\/\/elcronistadigital.com\/wp-content\/uploads\/2011\/06\/IICA-Frijol.jpg\" alt=\"\" width=\"300\" height=\"225\" \/><\/a>\u00a0<\/div>\n<p style=\"text-align: justify;\">El representante del IICA, Dr. Rafael Marte, entrega un reconocimiento a Santos Avil\u00e9s.<\/p>\n<p style=\"text-align: justify;\">La fertilizaci\u00f3n fosforada y nitrogenada as\u00ed como la producci\u00f3n de semilla registrada y certificada de frijol rojo, fueron destacadas entre las innovaciones tecnol\u00f3gicas de mayor impacto alcanzadas por un proyecto cofinanciado por Red SICTA, del IICA\/Cooperaci\u00f3n Suiza, en el municipio nicarag\u00fcense de C\u00e1rdenas.<\/p>\n<p style=\"text-align: justify;\">\u00a0<\/p>\n<p style=\"text-align: justify;\">El Proyecto de Innovaci\u00f3n Tecnol\u00f3gica ejecutado por la Uni\u00f3n de Productores Comunitarios de C\u00e1rdenas (UPROCOM) con asistencia t\u00e9cnica del INTA, finaliz\u00f3 este jueves 19 de agosto con la presentaci\u00f3n de resultados por parte del coordinador de la organizaci\u00f3n campesina, Santos Avil\u00e9s, y especialistas del INTA.<\/p>\n<p style=\"text-align: justify;\">En el acto de cierre celebrado en la Alcald\u00eda de C\u00e1rdenas, estuvieron presentes el representante del IICA, Dr. Rafael Marte; el coordinador de Red SICTA, Dr. Armando Ferrufino; el alcalde de este municipio, Rodolfo P\u00e9rez y el delegado del INTA, Ing. Rigoberto Mungu\u00eda.<\/p>\n<p style=\"text-align: justify;\">Santos Avil\u00e9s se\u00f1al\u00f3 que durante los treinta meses de duraci\u00f3n del proyecto, una buena cantidad de los 211 socios de UPROCOM aprendi\u00f3 a producir semilla registrada y certificada de frijol rojo, alcanzando rendimientos de 24 quintales por manzana (1mz=0.73ha).<\/p>\n<p style=\"text-align: justify;\">De igual manera destac\u00f3 las ense\u00f1anzas que dej\u00f3 el proceso de ajuste de fertilizaci\u00f3n fosforada y nitrogenada, sobre la base de an\u00e1lisis de suelos y recomendaciones del software NuMaSS. La incorporaci\u00f3n de m\u00e1s f\u00f3sforo y m\u00e1s nitr\u00f3geno al suelo utilizando la variedad INTA Rojo, elev\u00f3 los rendimientos a 23 qq\/mz y 25qq\/mz respectivamente, muy lejos de los 13 quintales que cosechan los agricultores con variedades acriolladas y sin fertilizaci\u00f3n.<\/p>\n<p style=\"text-align: justify;\">Cuando se refiri\u00f3 al componente postcosecha, el dirigente de los productores de C\u00e1rdenas agradeci\u00f3 a Red SICTA y a la Cooperaci\u00f3n Suiza por los fondos que destin\u00f3 para la compra de una m\u00e1quina trilladora de frijol, la cual, dijo, \u00abha sido uno de los resultados m\u00e1s relevantes, porque redujo en mucho el costo del trillado del frijol y porque en esta zona las pocas horas de sol y la alta humedad limitan el secado y aporreo manual\u00bb.<\/p>\n<p style=\"text-align: justify;\">El directivo de UPROCOM tambi\u00e9n se mostr\u00f3 entusiasmado por los resultados del sistema de almacenamiento de semilla de frijol en bolsas pl\u00e1sticas herm\u00e9ticamente cerradas.<\/p>\n<p style=\"text-align: justify;\">El sistema fue evaluado por el INTA con pruebas de germinaci\u00f3n que superaron el 80 por ciento, y que en el caso de cinco comunidades fueron mayores al 93 por ciento.<\/p>\n<p style=\"text-align: justify;\">El IICA\/Red SICTA\/Cooperaci\u00f3n Suiza entreg\u00f3 una mochila con materiales de trabajo a los promotores rurales y placas de reconocimiento al INTA y al dirigente de UPROCOM, Santos Avil\u00e9s.<\/p>\n","protected":false},"excerpt":{"rendered":"<p>\u00a0 \u00a0 El representante del IICA, Dr. Rafael Marte, entrega un reconocimiento a Santos Avil\u00e9s. La fertilizaci\u00f3n fosforada y nitrogenada as\u00ed como la producci\u00f3n de semilla registrada y certificada de frijol rojo, fueron destacadas entre las innovaciones tecnol\u00f3gicas de mayor impacto alcanzadas por un proyecto cofinanciado por Red SICTA, del IICA\/Cooperaci\u00f3n Suiza, en el municipio [&hellip;]<\/p>\n","protected":false},"author":1,"featured_media":1714,"comment_status":"open","ping_status":"open","sticky":false,"template":"","format":"standard","meta":{"om_disable_all_campaigns":false,"_monsterinsights_skip_tracking":false,"_monsterinsights_sitenote_active":false,"_monsterinsights_sitenote_note":"","_monsterinsights_sitenote_category":0,"footnotes":""},"categories":[9],"tags":[],"class_list":["post-1713","post","type-post","status-publish","format-standard","has-post-thumbnail","hentry","category-ciencia-y-tecnologia"],"aioseo_notices":[],"_links":{"self":[{"href":"https:\/\/elcronistadigital.com\/index.php?rest_route=\/wp\/v2\/posts\/1713","targetHints":{"allow":["GET"]}}],"collection":[{"href":"https:\/\/elcronistadigital.com\/index.php?rest_route=\/wp\/v2\/posts"}],"about":[{"href":"https:\/\/elcronistadigital.com\/index.php?rest_route=\/wp\/v2\/types\/post"}],"author":[{"embeddable":true,"href":"https:\/\/elcronistadigital.com\/index.php?rest_route=\/wp\/v2\/users\/1"}],"replies":[{"embeddable":true,"href":"https:\/\/elcronistadigital.com\/index.php?rest_route=%2Fwp%2Fv2%2Fcomments&post=1713"}],"version-history":[{"count":2,"href":"https:\/\/elcronistadigital.com\/index.php?rest_route=\/wp\/v2\/posts\/1713\/revisions"}],"predecessor-version":[{"id":1716,"href":"https:\/\/elcronistadigital.com\/index.php?rest_route=\/wp\/v2\/posts\/1713\/revisions\/1716"}],"wp:featuredmedia":[{"embeddable":true,"href":"https:\/\/elcronistadigital.com\/index.php?rest_route=\/wp\/v2\/media\/1714"}],"wp:attachment":[{"href":"https:\/\/elcronistadigital.com\/index.php?rest_route=%2Fwp%2Fv2%2Fmedia&parent=1713"}],"wp:term":[{"taxonomy":"category","embeddable":true,"href":"https:\/\/elcronistadigital.com\/index.php?rest_route=%2Fwp%2Fv2%2Fcategories&post=1713"},{"taxonomy":"post_tag","embeddable":true,"href":"https:\/\/elcronistadigital.com\/index.php?rest_route=%2Fwp%2Fv2%2Ftags&post=1713"}],"curies":[{"name":"wp","href":"https:\/\/api.w.org\/{rel}","templated":true}]}}