{"id":17225,"date":"2013-04-30T07:18:39","date_gmt":"2013-04-30T13:18:39","guid":{"rendered":"http:\/\/elcronistadigital.com\/?p=17225"},"modified":"2013-04-30T07:18:39","modified_gmt":"2013-04-30T13:18:39","slug":"quieren-usar-peligro-chino-para-desconocer-fallo","status":"publish","type":"post","link":"https:\/\/elcronistadigital.com\/?p=17225","title":{"rendered":"Quieren usar \u201cpeligro chino\u201d para desconocer fallo"},"content":{"rendered":"<div id=\"attachment_17226\" style=\"width: 310px\" class=\"wp-caption alignleft\"><a href=\"https:\/\/elcronistadigital.com\/?attachment_id=17226\" rel=\"attachment wp-att-17226\"><img loading=\"lazy\" decoding=\"async\" aria-describedby=\"caption-attachment-17226\" class=\"size-medium wp-image-17226\" title=\"xue-hanqin\" src=\"https:\/\/elcronistadigital.com\/wp-content\/uploads\/2013\/04\/xue-hanqin-300x207.jpg\" alt=\"\" width=\"300\" height=\"207\" srcset=\"https:\/\/elcronistadigital.com\/wp-content\/uploads\/2013\/04\/xue-hanqin-300x207.jpg 300w, https:\/\/elcronistadigital.com\/wp-content\/uploads\/2013\/04\/xue-hanqin-342x236.jpg 342w, https:\/\/elcronistadigital.com\/wp-content\/uploads\/2013\/04\/xue-hanqin.jpg 500w\" sizes=\"auto, (max-width: 300px) 100vw, 300px\" \/><\/a><p id=\"caption-attachment-17226\" class=\"wp-caption-text\">Xue Hanquin, la jueza china de la Corte Internacional de La Haya que pol\u00edticos colombianos ven como gestora del fallo contra su pa\u00eds.<\/p><\/div>\n<p>* Pol\u00edticos colombianos parecen haber visto muchas pel\u00edculas de Jackie Chan y publicar\u00e1n libro que de seguro aportar\u00e1 m\u00e1s rid\u00edculo a su pa\u00eds<\/p>\n<p>El exviceministro de Justicia de Colombia, Miguel Ceballos, continu\u00f3 el lunes con su peregrina teor\u00eda acerca de una presunta \u201cconexi\u00f3n china\u201d en el fallo de la Corte Internacional de Justicia (CIJ), con sede en La Haya, Holanda, que devolvi\u00f3 a Nicaragua 75 mil km cuadrados de mar Caribe.<\/p>\n<p>El pol\u00edtico colombiano hizo un libro con la ex canciller Nohem\u00ed San\u00edn, en el que plantean que detr\u00e1s del fallo de la Corte Internacional de Justicia est\u00e1n los intereses de China continental, que construir\u00e1 un canal interoce\u00e1nico en Nicaragua.<\/p>\n<p>Ambos personajes se\u00f1alan \u2013de seguro apuntando hacia Estados Unidos-, que China continental obtendr\u00e1 el control comercial y militar de la regi\u00f3n con la construcci\u00f3n de esta obra, de la que manejar\u00e1 el 49 por ciento.<\/p>\n<p>Ceballos cuestion\u00f3 a la juez china Xue Hanqin, de la Corte Internacional, que no se declar\u00f3 impedida en este proceso que benefici\u00f3 directamente a su Gobierno. Seg\u00fan \u00e9l, la juez conoc\u00eda de los intereses estrat\u00e9gicos de su pa\u00eds en la regi\u00f3n.<\/p>\n<p>Pese a que la CIJ est\u00e1 compuesta por 15 magistrados de diversas nacionalidades que merecen el mayor respeto, Ceballos asegur\u00f3 que su investigaci\u00f3n podr\u00eda usarse como argumento de Colombia en una nueva instancia para evitar la p\u00e9rdida del mar territorial.<\/p>\n<p>Detall\u00f3 que para la construcci\u00f3n del canal era determinante que Nicaragua obtuviera ese mar, donde en el futuro estacionar\u00edan los barcos y se construir\u00edan estaciones de servicio para buques de m\u00e1s de 50.000 toneladas.<\/p>\n<p>La construcci\u00f3n del canal cuesta 30.000 millones de d\u00f3lares, seg\u00fan la investigaci\u00f3n de San\u00edn y Ceballos.<\/p>\n<p>Est\u00e1 investigaci\u00f3n podr\u00eda ser usada por Colombia para reversar los efectos del fallo \u201cabsurdo e incoherente\u201d dijo el exfuncionario en Caracol Radio.<\/p>\n","protected":false},"excerpt":{"rendered":"<p>* Pol\u00edticos colombianos parecen haber visto muchas pel\u00edculas de Jackie Chan y publicar\u00e1n libro que de seguro aportar\u00e1 m\u00e1s rid\u00edculo a su pa\u00eds El exviceministro de Justicia de Colombia, Miguel Ceballos, continu\u00f3 el lunes con su peregrina teor\u00eda acerca de una presunta \u201cconexi\u00f3n china\u201d en el fallo de la Corte Internacional de Justicia (CIJ), con [&hellip;]<\/p>\n","protected":false},"author":1,"featured_media":17226,"comment_status":"open","ping_status":"open","sticky":false,"template":"","format":"standard","meta":{"om_disable_all_campaigns":false,"_monsterinsights_skip_tracking":false,"_monsterinsights_sitenote_active":false,"_monsterinsights_sitenote_note":"","_monsterinsights_sitenote_category":0,"footnotes":""},"categories":[3,13],"tags":[779,2469,2468,2470,2467],"class_list":["post-17225","post","type-post","status-publish","format-standard","has-post-thumbnail","hentry","category-nacionales","category-portada","tag-fallo-de-la-haya","tag-jueza-china-de","tag-jueza-china-de-la-haya","tag-la-cij","tag-xue-hanqin"],"aioseo_notices":[],"_links":{"self":[{"href":"https:\/\/elcronistadigital.com\/index.php?rest_route=\/wp\/v2\/posts\/17225","targetHints":{"allow":["GET"]}}],"collection":[{"href":"https:\/\/elcronistadigital.com\/index.php?rest_route=\/wp\/v2\/posts"}],"about":[{"href":"https:\/\/elcronistadigital.com\/index.php?rest_route=\/wp\/v2\/types\/post"}],"author":[{"embeddable":true,"href":"https:\/\/elcronistadigital.com\/index.php?rest_route=\/wp\/v2\/users\/1"}],"replies":[{"embeddable":true,"href":"https:\/\/elcronistadigital.com\/index.php?rest_route=%2Fwp%2Fv2%2Fcomments&post=17225"}],"version-history":[{"count":3,"href":"https:\/\/elcronistadigital.com\/index.php?rest_route=\/wp\/v2\/posts\/17225\/revisions"}],"predecessor-version":[{"id":17229,"href":"https:\/\/elcronistadigital.com\/index.php?rest_route=\/wp\/v2\/posts\/17225\/revisions\/17229"}],"wp:featuredmedia":[{"embeddable":true,"href":"https:\/\/elcronistadigital.com\/index.php?rest_route=\/wp\/v2\/media\/17226"}],"wp:attachment":[{"href":"https:\/\/elcronistadigital.com\/index.php?rest_route=%2Fwp%2Fv2%2Fmedia&parent=17225"}],"wp:term":[{"taxonomy":"category","embeddable":true,"href":"https:\/\/elcronistadigital.com\/index.php?rest_route=%2Fwp%2Fv2%2Fcategories&post=17225"},{"taxonomy":"post_tag","embeddable":true,"href":"https:\/\/elcronistadigital.com\/index.php?rest_route=%2Fwp%2Fv2%2Ftags&post=17225"}],"curies":[{"name":"wp","href":"https:\/\/api.w.org\/{rel}","templated":true}]}}