{"id":17385,"date":"2013-05-06T08:32:35","date_gmt":"2013-05-06T14:32:35","guid":{"rendered":"http:\/\/elcronistadigital.com\/?p=17385"},"modified":"2013-05-06T08:32:35","modified_gmt":"2013-05-06T14:32:35","slug":"espanoles-escapan-hacia-america-latina","status":"publish","type":"post","link":"https:\/\/elcronistadigital.com\/?p=17385","title":{"rendered":"Espa\u00f1oles escapan hacia Am\u00e9rica Latina"},"content":{"rendered":"<p><a href=\"https:\/\/elcronistadigital.com\/?attachment_id=17386\" rel=\"attachment wp-att-17386\"><img loading=\"lazy\" decoding=\"async\" class=\"alignright size-full wp-image-17386\" title=\"migraci\u00f3n espa\u00f1ola\" src=\"https:\/\/elcronistadigital.com\/wp-content\/uploads\/2013\/05\/migraci\u00f3n-espa\u00f1ola.jpg\" alt=\"\" width=\"276\" height=\"183\" \/><\/a>La crisis est\u00e1 provocando en Espa\u00f1a una oleada migratoria que recuerda a la que se produjo a principios del siglo pasado.<\/p>\n<p>Seg\u00fan el Padr\u00f3n de Espa\u00f1oles Residentes en el Extranjero, a comienzos de enero de este a\u00f1o el n\u00famero de personas con nacionalidad espa\u00f1ola que residen en el extranjero ascend\u00eda a 1,931 millones, casi 115.000 m\u00e1s que el 1 de enero de 2012.<\/p>\n<p>Y es que solo en 2012, m\u00e1s de 82.000 trabajadores hicieron las maletas y emigraron a otros pa\u00edses en busca de una oportunidad laboral.<\/p>\n<p>Latinoam\u00e9rica gana por goleada en las preferencias de los espa\u00f1oles para emigrar. El 63 % de las personas inscritas en el padr\u00f3n tiene fijada su residencia en este continente, un porcentaje muy superior al 30 % que ha elegido Europa y el 3 % que se ha decantado por otros continentes.<\/p>\n<p>Los pa\u00edses extranjeros en los que residen m\u00e1s personas de nacionalidad espa\u00f1ola son Argentina, Francia, Venezuela y Alemania. En conjunto, estos cuatro Estados dan cobijo a casi 900.000 espa\u00f1oles. Ning\u00fan pa\u00eds centroamericano aparece en la lista de predilectos por los espa\u00f1oles.<\/p>\n","protected":false},"excerpt":{"rendered":"<p>La crisis est\u00e1 provocando en Espa\u00f1a una oleada migratoria que recuerda a la que se produjo a principios del siglo pasado. Seg\u00fan el Padr\u00f3n de Espa\u00f1oles Residentes en el Extranjero, a comienzos de enero de este a\u00f1o el n\u00famero de personas con nacionalidad espa\u00f1ola que residen en el extranjero ascend\u00eda a 1,931 millones, casi 115.000 [&hellip;]<\/p>\n","protected":false},"author":1,"featured_media":17386,"comment_status":"open","ping_status":"open","sticky":false,"template":"","format":"standard","meta":{"om_disable_all_campaigns":false,"_monsterinsights_skip_tracking":false,"_monsterinsights_sitenote_active":false,"_monsterinsights_sitenote_note":"","_monsterinsights_sitenote_category":0,"footnotes":""},"categories":[15,16],"tags":[],"class_list":["post-17385","post","type-post","status-publish","format-standard","has-post-thumbnail","hentry","category-politca","category-migrante"],"aioseo_notices":[],"_links":{"self":[{"href":"https:\/\/elcronistadigital.com\/index.php?rest_route=\/wp\/v2\/posts\/17385","targetHints":{"allow":["GET"]}}],"collection":[{"href":"https:\/\/elcronistadigital.com\/index.php?rest_route=\/wp\/v2\/posts"}],"about":[{"href":"https:\/\/elcronistadigital.com\/index.php?rest_route=\/wp\/v2\/types\/post"}],"author":[{"embeddable":true,"href":"https:\/\/elcronistadigital.com\/index.php?rest_route=\/wp\/v2\/users\/1"}],"replies":[{"embeddable":true,"href":"https:\/\/elcronistadigital.com\/index.php?rest_route=%2Fwp%2Fv2%2Fcomments&post=17385"}],"version-history":[{"count":3,"href":"https:\/\/elcronistadigital.com\/index.php?rest_route=\/wp\/v2\/posts\/17385\/revisions"}],"predecessor-version":[{"id":17389,"href":"https:\/\/elcronistadigital.com\/index.php?rest_route=\/wp\/v2\/posts\/17385\/revisions\/17389"}],"wp:featuredmedia":[{"embeddable":true,"href":"https:\/\/elcronistadigital.com\/index.php?rest_route=\/wp\/v2\/media\/17386"}],"wp:attachment":[{"href":"https:\/\/elcronistadigital.com\/index.php?rest_route=%2Fwp%2Fv2%2Fmedia&parent=17385"}],"wp:term":[{"taxonomy":"category","embeddable":true,"href":"https:\/\/elcronistadigital.com\/index.php?rest_route=%2Fwp%2Fv2%2Fcategories&post=17385"},{"taxonomy":"post_tag","embeddable":true,"href":"https:\/\/elcronistadigital.com\/index.php?rest_route=%2Fwp%2Fv2%2Ftags&post=17385"}],"curies":[{"name":"wp","href":"https:\/\/api.w.org\/{rel}","templated":true}]}}