{"id":1761,"date":"2011-01-26T05:25:03","date_gmt":"2011-01-26T05:25:03","guid":{"rendered":"http:\/\/elcronistadigital.com\/?p=1761"},"modified":"2011-06-03T05:25:59","modified_gmt":"2011-06-03T05:25:59","slug":"inta-organiza-a-artesanos-fabricantes-de-silos","status":"publish","type":"post","link":"https:\/\/elcronistadigital.com\/?p=1761","title":{"rendered":"INTA organiza a artesanos fabricantes de silos"},"content":{"rendered":"<p><span>\u00a0<\/span><\/p>\n<p><a href=\"https:\/\/elcronistadigital.com\/wp-content\/uploads\/2011\/06\/Silos.jpg\"><img loading=\"lazy\" decoding=\"async\" class=\"alignleft size-full wp-image-1762\" title=\"Silos\" src=\"https:\/\/elcronistadigital.com\/wp-content\/uploads\/2011\/06\/Silos.jpg\" alt=\"\" width=\"300\" height=\"225\" \/><\/a><\/p>\n<p style=\"text-align: justify;\">La conformaci\u00f3n de la Junta Directiva de los artesanos postcosecha, fue uno de los frutos de una reuni\u00f3n de trabajo entre los artesanos que elaboran silos met\u00e1licos para almacenar granos b\u00e1sicos a nivel familiar, apoyado por el Instituto Nicarag\u00fcense de Tecnolog\u00eda Agropecuaria; con el fin de consolidar una organizaci\u00f3n que les permita fortalecer sus capacidades t\u00e9cnicas y de gesti\u00f3n para la compra de insumos y la venta de dichas estructuras de almacenamiento.<\/p>\n<p style=\"text-align: justify;\">\u00a0<\/p>\n<p style=\"text-align: justify;\">Iv\u00e1n Mart\u00ednez de Chontales, expres\u00f3 que durante los nueve a\u00f1os que lleva como artesanos, ha fabricado y vendido 1,265 silos, gracias al apoyo del actual gobierno.<\/p>\n<p style=\"text-align: justify;\">\u00abFabricar silos beneficia a las familias de los artesanos y a los productores, porque sirve para guardar la alimentaci\u00f3n de la familia y vender lo que sobra cuando est\u00e1 m\u00e1s alto el precio\u00bb, expres\u00f3.<\/p>\n<p style=\"text-align: justify;\">INTA apoya los artesanos<\/p>\n<p style=\"text-align: justify;\">Sebasti\u00e1n Salinas, responsable del Sub programa de Postcosecha y Desarrollo de Mercado, expres\u00f3 que la elecci\u00f3n de la Junta Directiva de los artesanos, es uno de los resultados del Encuentro Nacional a finales del a\u00f1o pasado, donde participaron m\u00e1s de setenta artesanos.<\/p>\n<p style=\"text-align: justify;\">\u00abDurante ese encuentro demandaron formar una red de artesanos postcosecha, todos ellos son productores capacitados por el INTA y siguen fabricando silos para garantizar la alimentaci\u00f3n de las familias y comercializar el excedente\u00bb, asegur\u00f3 el Ingeniero Salinas.<\/p>\n<p style=\"text-align: justify;\">La Junta Directiva qued\u00f3 integrada por cinco miembros y tres de vigilancia de la Costa Caribe. Con la creaci\u00f3n de la red se agilizar\u00e1n los procesos de compra de insumos y la venta de los silos. En Nicaragua existen m\u00e1s de 100 artesanos postcosecha activos, quienes tienen capacidad de elaborar entre 7 a 8 mil silos por a\u00f1o.<\/p>\n","protected":false},"excerpt":{"rendered":"<p>\u00a0 La conformaci\u00f3n de la Junta Directiva de los artesanos postcosecha, fue uno de los frutos de una reuni\u00f3n de trabajo entre los artesanos que elaboran silos met\u00e1licos para almacenar granos b\u00e1sicos a nivel familiar, apoyado por el Instituto Nicarag\u00fcense de Tecnolog\u00eda Agropecuaria; con el fin de consolidar una organizaci\u00f3n que les permita fortalecer sus [&hellip;]<\/p>\n","protected":false},"author":1,"featured_media":1762,"comment_status":"open","ping_status":"open","sticky":false,"template":"","format":"standard","meta":{"om_disable_all_campaigns":false,"_monsterinsights_skip_tracking":false,"_monsterinsights_sitenote_active":false,"_monsterinsights_sitenote_note":"","_monsterinsights_sitenote_category":0,"footnotes":""},"categories":[9],"tags":[],"class_list":["post-1761","post","type-post","status-publish","format-standard","has-post-thumbnail","hentry","category-ciencia-y-tecnologia"],"aioseo_notices":[],"_links":{"self":[{"href":"https:\/\/elcronistadigital.com\/index.php?rest_route=\/wp\/v2\/posts\/1761","targetHints":{"allow":["GET"]}}],"collection":[{"href":"https:\/\/elcronistadigital.com\/index.php?rest_route=\/wp\/v2\/posts"}],"about":[{"href":"https:\/\/elcronistadigital.com\/index.php?rest_route=\/wp\/v2\/types\/post"}],"author":[{"embeddable":true,"href":"https:\/\/elcronistadigital.com\/index.php?rest_route=\/wp\/v2\/users\/1"}],"replies":[{"embeddable":true,"href":"https:\/\/elcronistadigital.com\/index.php?rest_route=%2Fwp%2Fv2%2Fcomments&post=1761"}],"version-history":[{"count":5,"href":"https:\/\/elcronistadigital.com\/index.php?rest_route=\/wp\/v2\/posts\/1761\/revisions"}],"predecessor-version":[{"id":1767,"href":"https:\/\/elcronistadigital.com\/index.php?rest_route=\/wp\/v2\/posts\/1761\/revisions\/1767"}],"wp:featuredmedia":[{"embeddable":true,"href":"https:\/\/elcronistadigital.com\/index.php?rest_route=\/wp\/v2\/media\/1762"}],"wp:attachment":[{"href":"https:\/\/elcronistadigital.com\/index.php?rest_route=%2Fwp%2Fv2%2Fmedia&parent=1761"}],"wp:term":[{"taxonomy":"category","embeddable":true,"href":"https:\/\/elcronistadigital.com\/index.php?rest_route=%2Fwp%2Fv2%2Fcategories&post=1761"},{"taxonomy":"post_tag","embeddable":true,"href":"https:\/\/elcronistadigital.com\/index.php?rest_route=%2Fwp%2Fv2%2Ftags&post=1761"}],"curies":[{"name":"wp","href":"https:\/\/api.w.org\/{rel}","templated":true}]}}