{"id":17749,"date":"2013-05-13T07:04:55","date_gmt":"2013-05-13T13:04:55","guid":{"rendered":"http:\/\/elcronistadigital.com\/?p=17749"},"modified":"2013-05-13T07:04:55","modified_gmt":"2013-05-13T13:04:55","slug":"mexico-y-centroamerica-deben-preparar-a-sus-migrantes-en-usa","status":"publish","type":"post","link":"https:\/\/elcronistadigital.com\/?p=17749","title":{"rendered":"M\u00e9xico y Centroam\u00e9rica deben preparar a sus migrantes en USA"},"content":{"rendered":"<p><a href=\"https:\/\/elcronistadigital.com\/?attachment_id=17750\" rel=\"attachment wp-att-17750\"><img loading=\"lazy\" decoding=\"async\" class=\"alignright size-medium wp-image-17750\" title=\"migrantes-archivo\" src=\"https:\/\/elcronistadigital.com\/wp-content\/uploads\/2013\/05\/migrantes-archivo-300x224.jpg\" alt=\"\" width=\"300\" height=\"224\" srcset=\"https:\/\/elcronistadigital.com\/wp-content\/uploads\/2013\/05\/migrantes-archivo-300x224.jpg 300w, https:\/\/elcronistadigital.com\/wp-content\/uploads\/2013\/05\/migrantes-archivo-342x256.jpg 342w, https:\/\/elcronistadigital.com\/wp-content\/uploads\/2013\/05\/migrantes-archivo-60x45.jpg 60w, https:\/\/elcronistadigital.com\/wp-content\/uploads\/2013\/05\/migrantes-archivo-150x113.jpg 150w, https:\/\/elcronistadigital.com\/wp-content\/uploads\/2013\/05\/migrantes-archivo-269x201.jpg 269w, https:\/\/elcronistadigital.com\/wp-content\/uploads\/2013\/05\/migrantes-archivo.jpg 800w\" sizes=\"auto, (max-width: 300px) 100vw, 300px\" \/><\/a>* Si gobierno norteamericano aprueba la reforma, puede ocurrir que muchos no tengan documentos legales en sus propios pa\u00edses<\/p>\n<p>La posible reforma migratoria en Estados Unidos ser\u00e1 insuficiente si en M\u00e9xico y Centroam\u00e9rica no se prepara a la par una agenda migratoria regional real, coincidieron el fin de semana participantes en el Global Diaspora Forum.<\/p>\n<p>Organizado en la Universidad de California por el Centro de Desarrollo e Integraci\u00f3n de Norteam\u00e9rica (NAIDC, siglas en ingl\u00e9s), el foro cont\u00f3 con la presencia de legisladores y funcionarios de Estados Unidos, M\u00e9xico y Centroam\u00e9rica.<\/p>\n<p>Los participantes externaron numerosas opiniones sobre las alternativas de la migraci\u00f3n mundial y opciones para enfrentarla en la actualidad, adem\u00e1s de plantear la necesidad de estrategias que sirvan para la integraci\u00f3n y crecimiento de la regi\u00f3n.<\/p>\n<p>Doblemente indocumentados<\/p>\n<p>Leonel Bucaro, presidente del Parlamento Centroamericano, consider\u00f3 urgente que M\u00e9xico y Am\u00e9rica Central se preparen ante las eventuales necesidades de sus connacionales radicados en Estados Unidos.<\/p>\n<p>\u00abMuchos tienen una doble calidad de indocumentado porque, sin tener documentos migratorios en Estados Unidos, si se da la reforma les pedir\u00e1n documentos de sus pa\u00edses y ah\u00ed podr\u00edan no tener nada\u00bb, alert\u00f3.<\/p>\n<p>\u00abPor eso es momento de que toda la regi\u00f3n asuma sus propias responsabilidades para tener una respuesta inmediata y ofrecer soluciones r\u00e1pidas a tr\u00e1mites de documentos de los connacionales\u00bb, indic\u00f3 Bucaro.<\/p>\n<p>EU debe impedir su tr\u00e1fico de armas<\/p>\n<p>Por su parte, la presidenta de la Comisi\u00f3n de Asuntos Migratorios de la C\u00e1mara de Diputados de M\u00e9xico, Amalia Garc\u00eda, opin\u00f3 que \u00abla reforma migratoria para ser efectiva en Estados Unidos requiere que sea vinculada a sus or\u00edgenes y a las razones econ\u00f3micas\u00bb.<\/p>\n<p>Consider\u00f3 que \u00abEstados Unidos debe sellar su frontera pero s\u00f3lo al tr\u00e1fico de armas, ya que el 90% de las que est\u00e1n en M\u00e9xico provino de esta naci\u00f3n\u00bb.<\/p>\n<p>\u00abLo que realmente se requiere para una reforma migratoria efectiva es que en la regi\u00f3n se garantice crecimiento con proyectos productivos\u00bb, estim\u00f3.<\/p>\n<p>Con ella coincidi\u00f3 Ana Gabriela Guevara, presidenta de la Comisi\u00f3n de Asuntos Migratorios del Senado mexicano, quien apunt\u00f3 la urgencia de analizar el fen\u00f3meno de manera integral en Estados Unidos, M\u00e9xico y Centroam\u00e9rica.<\/p>\n","protected":false},"excerpt":{"rendered":"<p>* Si gobierno norteamericano aprueba la reforma, puede ocurrir que muchos no tengan documentos legales en sus propios pa\u00edses La posible reforma migratoria en Estados Unidos ser\u00e1 insuficiente si en M\u00e9xico y Centroam\u00e9rica no se prepara a la par una agenda migratoria regional real, coincidieron el fin de semana participantes en el Global Diaspora Forum. [&hellip;]<\/p>\n","protected":false},"author":1,"featured_media":17750,"comment_status":"open","ping_status":"open","sticky":false,"template":"","format":"standard","meta":{"om_disable_all_campaigns":false,"_monsterinsights_skip_tracking":false,"_monsterinsights_sitenote_active":false,"_monsterinsights_sitenote_note":"","_monsterinsights_sitenote_category":0,"footnotes":""},"categories":[3,16],"tags":[2634,2509,2635],"class_list":["post-17749","post","type-post","status-publish","format-standard","has-post-thumbnail","hentry","category-nacionales","category-migrante","tag-migrantes-de-centroamerica","tag-migrantes-de-nicaragua","tag-migrantes-mexicanos"],"aioseo_notices":[],"_links":{"self":[{"href":"https:\/\/elcronistadigital.com\/index.php?rest_route=\/wp\/v2\/posts\/17749","targetHints":{"allow":["GET"]}}],"collection":[{"href":"https:\/\/elcronistadigital.com\/index.php?rest_route=\/wp\/v2\/posts"}],"about":[{"href":"https:\/\/elcronistadigital.com\/index.php?rest_route=\/wp\/v2\/types\/post"}],"author":[{"embeddable":true,"href":"https:\/\/elcronistadigital.com\/index.php?rest_route=\/wp\/v2\/users\/1"}],"replies":[{"embeddable":true,"href":"https:\/\/elcronistadigital.com\/index.php?rest_route=%2Fwp%2Fv2%2Fcomments&post=17749"}],"version-history":[{"count":3,"href":"https:\/\/elcronistadigital.com\/index.php?rest_route=\/wp\/v2\/posts\/17749\/revisions"}],"predecessor-version":[{"id":17753,"href":"https:\/\/elcronistadigital.com\/index.php?rest_route=\/wp\/v2\/posts\/17749\/revisions\/17753"}],"wp:featuredmedia":[{"embeddable":true,"href":"https:\/\/elcronistadigital.com\/index.php?rest_route=\/wp\/v2\/media\/17750"}],"wp:attachment":[{"href":"https:\/\/elcronistadigital.com\/index.php?rest_route=%2Fwp%2Fv2%2Fmedia&parent=17749"}],"wp:term":[{"taxonomy":"category","embeddable":true,"href":"https:\/\/elcronistadigital.com\/index.php?rest_route=%2Fwp%2Fv2%2Fcategories&post=17749"},{"taxonomy":"post_tag","embeddable":true,"href":"https:\/\/elcronistadigital.com\/index.php?rest_route=%2Fwp%2Fv2%2Ftags&post=17749"}],"curies":[{"name":"wp","href":"https:\/\/api.w.org\/{rel}","templated":true}]}}